{"id":10471,"date":"2018-11-14T15:59:46","date_gmt":"2018-11-14T15:59:46","guid":{"rendered":"https:\/\/www.ahmetsavasan.biz\/?p=10471"},"modified":"2018-11-14T15:59:46","modified_gmt":"2018-11-14T15:59:46","slug":"savasan-kibrista-yeni-fikirlere-ihtiyac-var","status":"publish","type":"post","link":"https:\/\/ahmetsavasan.com\/en\/savasan-kibrista-yeni-fikirlere-ihtiyac-var\/","title":{"rendered":"Cyprus Needs New Ideas!"},"content":{"rendered":"<p>[vc_row][vc_column][vc_column_text]15 Kas\u0131m Cumhuriyet Bayram\u0131 nedeniyle mesaj yay\u0131mlayan Sa\u011fl\u0131k Turizmi Konseyi Ba\u015fkan\u0131 Yrd. Do\u00e7. Dr. Ahmet Sava\u015fan, K\u0131br\u0131s Rum ve T\u00fcrk taraflar\u0131n\u0131n ortak vizyon eksikli\u011fi, hatta \u00f6rt\u00fc\u015fmeyen ve git gide uzakla\u015farak, farkl\u0131la\u015fan vizyonlar\u0131n\u0131n ortada durdu\u011fu bir d\u00f6nemde, T\u00fcrkiye\u2019nin b\u00fcy\u00fck deste\u011fi ile kurulan Kuzey K\u0131br\u0131s T\u00fcrk Cumhuriyeti\u2019nin s\u00fcren varl\u0131\u011f\u0131n\u0131, s\u00fcrd\u00fcr\u00fclebilir gelecek i\u00e7in \u00e7ok daha k\u0131ymetli k\u0131ld\u0131\u011f\u0131na i\u015faret etti.<\/p>\n<p><strong>November 15 is a matter of protecting the republic.<\/strong><br \/>\nStating that November 15th is a historical day that showed the world the determination and endurance of the people, their ability and determination to struggle, and their commitment to freedom in order to reach the goal, Sava\u015fan said, \u201cNovember 15th is not only a matter of loyalty to the cherished memories of our founding fathers and mothers who did not think for a moment to give up themselves for our children to live freely today. This issue is a matter of protecting the republic, which is the symbol of the social will of a people whose vital existence on our beautiful island is threatened, in its struggle for a free future.\u201d.<\/p>\n<p><strong>We are working to increase the domestic value added...<\/strong><br \/>\nStating that the Health Tourism Council, together with many other responsible institutions, organizations and individuals, is working day and night to keep alive the values represented by the republic and to explain them to the international community, Ahmet Sava\u015fan said: \u201cIn spite of those who try to isolate the Turkish Cypriot People with insincere policies and ruthless embargoes, we produce concrete projects every day and strive to help increase the added value within the country.\u201d.<\/p>\n<p><strong>The vicious circle must be broken as soon as possible...<\/strong><br \/>\nUnderlining the need for new ideas in Cyprus, Sava\u015fan said: \u201cAhmet Sava\u015fan emphasized that it is necessary to get out of the vicious circle formed by saying the same things in Cyprus, talking about the same issues in the same axis and on the same ground and not getting a result, and emphasized that the international community also has a great duty in this regard.<\/p>\n<p>Why a realistic solution has not been reached...<br \/>\nStating that the Greek Cypriot Leadership is trying to blur political equality, and that it has made statements and proposals contrary to the understanding of sharing, which is the most basic sine qua non of federal partnerships, Sava\u015fan said, \u201cIt is time and long overdue to reveal why a solution cannot be reached in which the future will be secured by protecting the state, sovereignty and Turkey's effective and de facto guarantee, which is the demand of the vast majority of the Turkish Cypriot People.\u201d.<br \/>\nAt the end of his message, Assist. Assoc. Prof. Dr. Ahmet Sava\u015fan said that we would like to express our gratitude to the mujahideen, resisters, members of the Security Forces, members of the Turkish Cypriot Peace Operation, our martyrs and their families, our veterans and our Turkey, which is always with us, and congratulated the Republic Day of the people.[\/vc_column_text][\/vc_column][\/vc_row]<\/p>","protected":false},"excerpt":{"rendered":"<p>[vc_row][vc_column][vc_column_text]15 Kas\u0131m Cumhuriyet Bayram\u0131 nedeniyle mesaj yay\u0131mlayan Sa\u011fl\u0131k Turizmi Konseyi Ba\u015fkan\u0131 Yrd. Do\u00e7. Dr. Ahmet Sava\u015fan, K\u0131br\u0131s Rum ve T\u00fcrk taraflar\u0131n\u0131n ortak vizyon eksikli\u011fi, hatta \u00f6rt\u00fc\u015fmeyen ve git gide uzakla\u015farak, farkl\u0131la\u015fan vizyonlar\u0131n\u0131n ortada durdu\u011fu bir d\u00f6nemde, T\u00fcrkiye\u2019nin b\u00fcy\u00fck deste\u011fi ile kurulan Kuzey K\u0131br\u0131s T\u00fcrk Cumhuriyeti\u2019nin s\u00fcren varl\u0131\u011f\u0131n\u0131, s\u00fcrd\u00fcr\u00fclebilir gelecek i\u00e7in \u00e7ok daha k\u0131ymetli k\u0131ld\u0131\u011f\u0131na i\u015faret [&hellip;]<\/p>","protected":false},"author":1,"featured_media":9368,"comment_status":"open","ping_status":"open","sticky":false,"template":"","format":"standard","meta":{"_monsterinsights_skip_tracking":false,"_monsterinsights_sitenote_active":false,"_monsterinsights_sitenote_note":"","_monsterinsights_sitenote_category":0,"footnotes":""},"categories":[102],"tags":[],"class_list":["post-10471","post","type-post","status-publish","format-standard","has-post-thumbnail","hentry","category-haberler"],"aioseo_notices":[],"_links":{"self":[{"href":"https:\/\/ahmetsavasan.com\/en\/wp-json\/wp\/v2\/posts\/10471","targetHints":{"allow":["GET"]}}],"collection":[{"href":"https:\/\/ahmetsavasan.com\/en\/wp-json\/wp\/v2\/posts"}],"about":[{"href":"https:\/\/ahmetsavasan.com\/en\/wp-json\/wp\/v2\/types\/post"}],"author":[{"embeddable":true,"href":"https:\/\/ahmetsavasan.com\/en\/wp-json\/wp\/v2\/users\/1"}],"replies":[{"embeddable":true,"href":"https:\/\/ahmetsavasan.com\/en\/wp-json\/wp\/v2\/comments?post=10471"}],"version-history":[{"count":0,"href":"https:\/\/ahmetsavasan.com\/en\/wp-json\/wp\/v2\/posts\/10471\/revisions"}],"wp:featuredmedia":[{"embeddable":true,"href":"https:\/\/ahmetsavasan.com\/en\/wp-json\/wp\/v2\/media\/9368"}],"wp:attachment":[{"href":"https:\/\/ahmetsavasan.com\/en\/wp-json\/wp\/v2\/media?parent=10471"}],"wp:term":[{"taxonomy":"category","embeddable":true,"href":"https:\/\/ahmetsavasan.com\/en\/wp-json\/wp\/v2\/categories?post=10471"},{"taxonomy":"post_tag","embeddable":true,"href":"https:\/\/ahmetsavasan.com\/en\/wp-json\/wp\/v2\/tags?post=10471"}],"curies":[{"name":"wp","href":"https:\/\/api.w.org\/{rel}","templated":true}]}}