{"id":11108,"date":"2020-01-13T06:05:10","date_gmt":"2020-01-13T06:05:10","guid":{"rendered":"https:\/\/www.ahmetsavasan.biz\/?p=11108"},"modified":"2020-01-13T06:05:10","modified_gmt":"2020-01-13T06:05:10","slug":"savasan-liderligimiz-denktasin-mucadelesi-surdurmeli","status":"publish","type":"post","link":"https:\/\/ahmetsavasan.com\/en\/savasan-liderligimiz-denktasin-mucadelesi-surdurmeli\/","title":{"rendered":"Our leadership must continue Denkta\u015f's struggle"},"content":{"rendered":"<h2 style=\"text-align: left;\">Publishing a message on the 8th anniversary of the death of Founding President Denkta\u015f, President of the Health Tourism Council Dr. Ahmet Sava\u015fan emphasized that Denkta\u015f would shed light on the TRNC.<\/h2>\n<p>The President of the Health Tourism Council Dr. Denkta\u015f issued a message on the 8th anniversary of the death of Founding President Denkta\u015f.\u00a0<span class=\"marked\">Ahmet Sava\u015fan<\/span>, He emphasized that the honorable struggle of the great leader and statesman Denkta\u015f, who dedicated his life to the Turkish Cypriot struggle for the existence of the Turkish Cypriot people, will shed light on the Turkish Republic of Northern Cyprus tomorrow as it is today.<\/p>\n<p>Pointing out that Denkta\u015f defended the rights, equality and freedom cause of the Turkish Cypriot People throughout his life in unity of thought and heart with Motherland Turkey\u00a0<span class=\"marked\">Ahmet Sava\u015fan<\/span>, He underlined that the attitudes of the UN and the Greek Cypriot Administration of Southern Cyprus left the Turkish Cypriot Leadership no choice but to continue the struggle of Denkta\u015f and his friends with the same determination.<\/p>\n<p><strong>DENKTA\u015e'S STRUGGLE MADE US A STATE<\/strong><\/p>\n<p>Stating that Denkta\u015f was a great leader and statesman recognized by the world, Sava\u015fan pointed out that it should always be remembered that the Turkish Republic of Northern Cyprus was established with the political role played by Denkta\u015f, the prices paid by the Turkish Cypriot people and the strong support of Motherland Turkey.<\/p>\n<p><strong>GKRY'S STANCE PREVENTS A FEDERAL PARTNERSHIP<\/strong><\/p>\n<p>In 2020, Sava\u015fan stated that the Greek Cypriot Administration of Southern Cyprus is still determined not to share the administration and wealth with the Turkish Cypriot People and emphasized that the current mentality of the Greek Cypriot leadership prevents the establishment of a federal partnership based on sharing in Cyprus in the near future.<\/p>\n<p><strong>WITH EACH PASSING DAY, THE RIGHTNESS OF DENKTA\u015e IS REINFORCED<\/strong><\/p>\n<p>At the end of his message, Sava\u015fan pointed out that in order to reach a fair, comprehensive and sustainable solution on the island and to make peace and stability dominant in the region, the struggle of Dr. Faz\u0131l K\u00fc\u00e7\u00fck and Rauf R. Denkta\u015f and the realities they defended are understood better and better every day, and at the end of his message, he said, \u201cWe commemorate the late Denkta\u015f with deep sorrow and once again bow to his cherished memory with respect and gratitude.\u201d.<\/p>","protected":false},"excerpt":{"rendered":"<p>Publishing a message on the 8th anniversary of the death of Founding President Denkta\u015f, President of the Health Tourism Council Dr. Ahmet Sava\u015fan emphasized that Denkta\u015f will shed light on the TRNC. Publishing a message on the 8th anniversary of the death of Founding President Denkta\u015f, President of the Health Tourism Council Dr. Ahmet Sava\u015fan emphasized that the great leader and statesman Denkta\u015f, who dedicated his life to the Turkish Cypriot struggle for the existence of the Turkish Cypriot [...]<\/p>","protected":false},"author":1,"featured_media":11305,"comment_status":"open","ping_status":"open","sticky":false,"template":"","format":"standard","meta":{"_monsterinsights_skip_tracking":false,"_monsterinsights_sitenote_active":false,"_monsterinsights_sitenote_note":"","_monsterinsights_sitenote_category":0,"footnotes":""},"categories":[102],"tags":[107,116,126],"class_list":["post-11108","post","type-post","status-publish","format-standard","has-post-thumbnail","hentry","category-haberler","tag-ahmet-savasan","tag-saglik-konseyi","tag-savasan"],"aioseo_notices":[],"_links":{"self":[{"href":"https:\/\/ahmetsavasan.com\/en\/wp-json\/wp\/v2\/posts\/11108","targetHints":{"allow":["GET"]}}],"collection":[{"href":"https:\/\/ahmetsavasan.com\/en\/wp-json\/wp\/v2\/posts"}],"about":[{"href":"https:\/\/ahmetsavasan.com\/en\/wp-json\/wp\/v2\/types\/post"}],"author":[{"embeddable":true,"href":"https:\/\/ahmetsavasan.com\/en\/wp-json\/wp\/v2\/users\/1"}],"replies":[{"embeddable":true,"href":"https:\/\/ahmetsavasan.com\/en\/wp-json\/wp\/v2\/comments?post=11108"}],"version-history":[{"count":0,"href":"https:\/\/ahmetsavasan.com\/en\/wp-json\/wp\/v2\/posts\/11108\/revisions"}],"wp:featuredmedia":[{"embeddable":true,"href":"https:\/\/ahmetsavasan.com\/en\/wp-json\/wp\/v2\/media\/11305"}],"wp:attachment":[{"href":"https:\/\/ahmetsavasan.com\/en\/wp-json\/wp\/v2\/media?parent=11108"}],"wp:term":[{"taxonomy":"category","embeddable":true,"href":"https:\/\/ahmetsavasan.com\/en\/wp-json\/wp\/v2\/categories?post=11108"},{"taxonomy":"post_tag","embeddable":true,"href":"https:\/\/ahmetsavasan.com\/en\/wp-json\/wp\/v2\/tags?post=11108"}],"curies":[{"name":"wp","href":"https:\/\/api.w.org\/{rel}","templated":true}]}}