{"id":15457,"date":"2023-02-02T12:30:34","date_gmt":"2023-02-02T12:30:34","guid":{"rendered":"https:\/\/www.ahmetsavasan.biz\/?p=15457"},"modified":"2023-02-02T12:30:34","modified_gmt":"2023-02-02T12:30:34","slug":"mustafa-sentop-ersin-tatarin-cenevrede-ortaya-koydugu-vizyonu-destekliyoruz","status":"publish","type":"post","link":"https:\/\/ahmetsavasan.com\/en\/mustafa-sentop-ersin-tatarin-cenevrede-ortaya-koydugu-vizyonu-destekliyoruz\/","title":{"rendered":"Mustafa \u015eentop: We support Ersin Tatar's vision in Geneva"},"content":{"rendered":"<h2>Mustafa \u015eentop, President of the Turkish Grand National Assembly, emphasized that they support the vision put forward by President Ersin Tatar during the negotiations in Geneva.<\/h2>\n<div class=\"news-copy\">\n<p>UBP MP in Ankara <span class=\"marked\">\u00d6zdemir Berova<\/span> The delegation of the Administrative, Public and Health Affairs Committee of the Assembly of the Republic, headed by the President of the Grand National Assembly of Turkey (TBMM) Mustafa \u015eentop.<\/p>\n<p>At the reception, Committee Chairman Berova, Deputy Chairman of the Committee CTP MP <span class=\"marked\">Filiz Besim<\/span>, UBP MP <span class=\"marked\">Emrah Yesilirmak<\/span>, CTP MP <span class=\"marked\">Devrim Bar\u00e7\u0131n<\/span>, UBP MP <span class=\"marked\">Ahmet Sava\u015fan<\/span> and CTP MP <span class=\"marked\">Erkut \u015eahali<\/span>\u2019TRNC Ambassador to Ankara \u0130smet Koruko\u011flu, Secretary General of the TRNC Assembly of the Republic of Turkey Seral F\u0131rat, Director of Laws, Decisions and Minutes Pembe \u0130nan\u00e7 Unan Ers\u00f6z were also present.<\/p>\n<p>\u00c7i\u011fdem Erdo\u011fan Atabek, Deputy Chairman of the TRNC-TRNC Friendship Group, Necip Nas\u0131r, Izmir Deputy, Hac\u0131 Bayram T\u00fcrko\u011flu, Hatay Deputy, K\u00fctahya Deputy <span class=\"marked\">Ahmet Erbas<\/span>, Mehmet Ali Kumbuzo\u011flu, Secretary General of the Grand National Assembly of Turkey, H\u00fcseyin \u00d6zdemir, Counselor to the President, Prof. Dr. Kudret B\u00fclb\u00fcl, Head of Foreign Relations and Protocol, Hakan Erdo\u011fan, Deputy Head of Foreign Relations and Protocol.<\/p>\n<p>&nbsp;<\/p>\n<p>Mustafa \u015eentop, the Speaker of the Grand National Assembly of Turkey (TBMM), who took the first floor at the reception, stated that they were pleased with the increase in the number of visits between the commissions and wished the meetings to be fruitful.<\/p>\n<p>Stating that the Turkish Grand National Assembly has always acted together with the Turkish Cypriots, \u015eentop noted that they are carrying out a common cause.<\/p>\n<p>\u015eentop, TRNC President <span class=\"marked\">Ersin Tatar<\/span>\u2019s vision put forward in the negotiations in Geneva, emphasizing that it would be best to act with a new thesis. \u015eentop emphasized that this is two separate peoples and two separate states.<\/p>\n<p>Stating that they support Turkish President Erdo\u011fan's call at the United Nations, \u015eentop said that they have always conveyed the necessity of this call to their interlocutors.<\/p>\n<p>Stating that they think it would be right to talk with new perspectives and theses, \u015eentop stated that they are making efforts to produce a decision in the same direction at the meeting of the Parliamentary Assembly of Turkic States to be held in the near future after the observer membership to the Organization of Turkic States.<\/p>\n<p>\u015eentop said, \u201cI would also like to emphasize that we are doing our best for the development of the economic welfare of our brothers and sisters in the TRNC and for stable developments. We are also very pleased with the increase in mutual visits between the two parliaments.\u201d.<\/p>\n<p>\u015eentop added that it would be beneficial for the parliaments to have high-level relations between the Administrative Organizations at the level of secretaries general in terms of mutual exchange of experience.<\/p>\n<p>BEROVA<\/p>\n<p>Committee on Administrative, Public and Health Affairs Committee Chairman <span class=\"marked\">\u00d6zdemir Berova<\/span> In his speech, he stated that they are here as the parliament of two separate states of a single nation and that they are proud to be in the homeland under the roof of the Veteran Assembly.<\/p>\n<p>Berova emphasized that the relations of the Turkish Cypriot people with the Republic of Turkey date back much earlier than the establishment of the TRNC, and that they have never severed their relations with their homeland and established their own Republic, and that this struggle is still ongoing.<\/p>\n<p>Berova stated that with both political and economic support from Turkey, they continue to walk confidently and confidently into the future, and noted that as a country recognized only by the Republic of Turkey, they are struggling to ensure the continuity of the state despite various embargoes, especially sports embargoes.<\/p>\n<p>&nbsp;<\/p>\n<p>Stating that this is the reason for developing the solution model based on the cooperation of two equal, sovereign states, which also has the full support of the motherland Turkey, Berova stated that \u201cthe Cyprus problem can only be solved in the most realistic way by realizing this reality\u201d.<\/p>\n<p>Berova concluded his speech as follows:<\/p>\n<p>\u201cTurkish President Mr. Erdogan's speech at the United Nations is very meaningful and his observer membership to the Organization of Turkic States is a very important development for our state. I would like to express our full belief that there will be new steps towards the recognition of TRNC with the support of Motherland Turkey in the past, present and future.\u201d<\/p>\n<p>The delegation is expected to hold meetings with the National Education, Culture, Youth and Sports Committee and the Health, Family, Labor and Social Affairs Committee.<\/p>\n<\/div>","protected":false},"excerpt":{"rendered":"<p>President of the Grand National Assembly of Turkey Mustafa \u015eentop emphasized that they support the vision put forward by President Ersin Tatar during the negotiations in Geneva. The delegation of the Administrative, Public and Health Affairs Committee of the Assembly of the Republic, headed by UBP MP \u00d6zdemir Berova, who is in Ankara, was received by the President of the Grand National Assembly of Turkey (TBMM) Mustafa \u015eentop. During the reception, Committee Chairman Berova, Deputy Committee Chairman CTP MP Filiz Besim, UBP MP Emrah Ye\u015fil\u0131rmak, [...]<\/p>","protected":false},"author":1,"featured_media":15460,"comment_status":"open","ping_status":"open","sticky":false,"template":"","format":"standard","meta":{"_monsterinsights_skip_tracking":false,"_monsterinsights_sitenote_active":false,"_monsterinsights_sitenote_note":"","_monsterinsights_sitenote_category":0,"footnotes":""},"categories":[102],"tags":[],"class_list":["post-15457","post","type-post","status-publish","format-standard","has-post-thumbnail","hentry","category-haberler"],"aioseo_notices":[],"_links":{"self":[{"href":"https:\/\/ahmetsavasan.com\/en\/wp-json\/wp\/v2\/posts\/15457","targetHints":{"allow":["GET"]}}],"collection":[{"href":"https:\/\/ahmetsavasan.com\/en\/wp-json\/wp\/v2\/posts"}],"about":[{"href":"https:\/\/ahmetsavasan.com\/en\/wp-json\/wp\/v2\/types\/post"}],"author":[{"embeddable":true,"href":"https:\/\/ahmetsavasan.com\/en\/wp-json\/wp\/v2\/users\/1"}],"replies":[{"embeddable":true,"href":"https:\/\/ahmetsavasan.com\/en\/wp-json\/wp\/v2\/comments?post=15457"}],"version-history":[{"count":0,"href":"https:\/\/ahmetsavasan.com\/en\/wp-json\/wp\/v2\/posts\/15457\/revisions"}],"wp:featuredmedia":[{"embeddable":true,"href":"https:\/\/ahmetsavasan.com\/en\/wp-json\/wp\/v2\/media\/15460"}],"wp:attachment":[{"href":"https:\/\/ahmetsavasan.com\/en\/wp-json\/wp\/v2\/media?parent=15457"}],"wp:term":[{"taxonomy":"category","embeddable":true,"href":"https:\/\/ahmetsavasan.com\/en\/wp-json\/wp\/v2\/categories?post=15457"},{"taxonomy":"post_tag","embeddable":true,"href":"https:\/\/ahmetsavasan.com\/en\/wp-json\/wp\/v2\/tags?post=15457"}],"curies":[{"name":"wp","href":"https:\/\/api.w.org\/{rel}","templated":true}]}}