{"id":15867,"date":"2024-05-03T12:04:04","date_gmt":"2024-05-03T12:04:04","guid":{"rendered":"https:\/\/www.ahmetsavasan.biz\/?p=15867"},"modified":"2024-05-03T12:04:04","modified_gmt":"2024-05-03T12:04:04","slug":"personel-dairesi-ile-basbakanlik-ve-merkez-kurulusu-degisiklik-yasa-tasarilari-komitede-gorusuldu","status":"publish","type":"post","link":"https:\/\/ahmetsavasan.com\/en\/personel-dairesi-ile-basbakanlik-ve-merkez-kurulusu-degisiklik-yasa-tasarilari-komitede-gorusuldu\/","title":{"rendered":"Personnel Department and Prime Ministry and Central Organization Amendment Drafts discussed in the Committee"},"content":{"rendered":"<p>The Administrative, Public and Health Affairs Committee of the Assembly of the Republic discussed the draft laws on the amendment of the Personnel Department and the Prime Ministry and Central Organization.<\/p>\n<p>The Administrative, Public and Health Affairs Committee of the Assembly of the Republic convened today at 10.00 am under the chairmanship of UBP MP Committee Chairman Emrah Ye\u015fil\u0131rmak.<\/p>\n<p>According to the information given by the Parliament, the Committee first discussed the Personnel Department (Establishment, Duties and Working Principles) (Amendment) Bill. The bill, whose general discussion has been completed, will continue to be discussed article by article.<\/p>\n<p>The committee then discussed the \u201cPrime Ministry and Central Organization (Establishment, Duties and Working Principles) Draft Law\u201d and completed its general discussion. Article-by-article discussion of the bill will continue.<\/p>\n<p>Officials from the Prime Ministry, the Ministry of Finance, the Ministry of Finance, the Personnel Department, the Central Bank, the Turkish Cypriot Civil Servants Union (KTAMS) and the Turkish Cypriot Public Servants Union (KAMU-SEN) attended the committee meeting as invitees and conveyed their views on the issue.<\/p>\n<p>The Administrative, Public and Health Affairs Committee meeting, which convened under the chairmanship of Emrah Ye\u015fil\u0131rmak, was attended by Deputy Chairman Filiz Besim, Committee Member UBP MP Ahmet Sava\u015fan and Committee Member UBP MP Ziya \u00d6zt\u00fcrkler.<\/p>","protected":false},"excerpt":{"rendered":"<p>The Administrative, Public and Health Affairs Committee of the Assembly of the Republic discussed the draft laws on the amendment of the Personnel Department and the Prime Ministry and Central Organization. The Administrative, Public and Health Affairs Committee of the Assembly of the Republic convened today at 10.00 am under the chairmanship of UBP MP Committee Chairman Emrah Ye\u015fil\u0131rmak. According to the information given by the Parliament, the Committee first discussed the Personnel Department (Establishment, Duties and Working Principles) (Amendment) Draft Law. The general discussion was completed [...]<\/p>","protected":false},"author":1,"featured_media":15868,"comment_status":"open","ping_status":"open","sticky":false,"template":"","format":"standard","meta":{"_monsterinsights_skip_tracking":false,"_monsterinsights_sitenote_active":false,"_monsterinsights_sitenote_note":"","_monsterinsights_sitenote_category":0,"footnotes":""},"categories":[102],"tags":[],"class_list":["post-15867","post","type-post","status-publish","format-standard","has-post-thumbnail","hentry","category-haberler"],"aioseo_notices":[],"_links":{"self":[{"href":"https:\/\/ahmetsavasan.com\/en\/wp-json\/wp\/v2\/posts\/15867","targetHints":{"allow":["GET"]}}],"collection":[{"href":"https:\/\/ahmetsavasan.com\/en\/wp-json\/wp\/v2\/posts"}],"about":[{"href":"https:\/\/ahmetsavasan.com\/en\/wp-json\/wp\/v2\/types\/post"}],"author":[{"embeddable":true,"href":"https:\/\/ahmetsavasan.com\/en\/wp-json\/wp\/v2\/users\/1"}],"replies":[{"embeddable":true,"href":"https:\/\/ahmetsavasan.com\/en\/wp-json\/wp\/v2\/comments?post=15867"}],"version-history":[{"count":0,"href":"https:\/\/ahmetsavasan.com\/en\/wp-json\/wp\/v2\/posts\/15867\/revisions"}],"wp:featuredmedia":[{"embeddable":true,"href":"https:\/\/ahmetsavasan.com\/en\/wp-json\/wp\/v2\/media\/15868"}],"wp:attachment":[{"href":"https:\/\/ahmetsavasan.com\/en\/wp-json\/wp\/v2\/media?parent=15867"}],"wp:term":[{"taxonomy":"category","embeddable":true,"href":"https:\/\/ahmetsavasan.com\/en\/wp-json\/wp\/v2\/categories?post=15867"},{"taxonomy":"post_tag","embeddable":true,"href":"https:\/\/ahmetsavasan.com\/en\/wp-json\/wp\/v2\/tags?post=15867"}],"curies":[{"name":"wp","href":"https:\/\/api.w.org\/{rel}","templated":true}]}}