{"id":16360,"date":"2024-11-21T13:35:38","date_gmt":"2024-11-21T13:35:38","guid":{"rendered":"https:\/\/www.ahmetsavasan.biz\/?p=16360"},"modified":"2024-11-21T13:35:38","modified_gmt":"2024-11-21T13:35:38","slug":"ahmet-savasan-parlayan-bir-yildiz-olarak-varliginizi-surdurmenizi-dilerim","status":"publish","type":"post","link":"https:\/\/ahmetsavasan.com\/en\/ahmet-savasan-parlayan-bir-yildiz-olarak-varliginizi-surdurmenizi-dilerim\/","title":{"rendered":"Ahmet Sava\u015fan I wish you to continue your existence as a shining star"},"content":{"rendered":"<h2>UBP MP and Group Deputy Chairman Ahmet Sava\u015fan, in his message celebrating the 23rd anniversary of the establishment of K\u0131br\u0131s Postas\u0131, said, \u201cI wish you to continue your existence as a shining star.\u201d.<\/h2>\n<p>National Unity Party (UBP) MP and Group Deputy Chairman\u00a0<a href=\"https:\/\/www.kibrispostasi.com\/keyword\/8\" target=\"_blank\" rel=\"noopener\"><span class=\"marked\">Ahmet Sava\u015fan<\/span><\/a>, celebrated the 23rd anniversary of the establishment of K\u0131br\u0131s Postas\u0131.<\/p>\n<p>In his statement, Sava\u015fan stated that K\u0131br\u0131s Postas\u0131 has set an exemplary model in the digital media world with its understanding of fast, accessible and reliable journalism by using technology effectively.<\/p>\n<p>\u201cK\u0131br\u0131s Postas\u0131, which has succeeded in being the voice of the people with its objective publishing approach since day one, not only provides news but also leads the way in raising social awareness and access to accurate information,\u201d Sava\u015fan said and congratulated Polat Alper and the entire team who contributed to this success of K\u0131br\u0131s Postas\u0131.<\/p>\n<p>Sava\u015fan wished K\u0131br\u0131s Postas\u0131 to continue its existence for many years as a shining star in the field of digital media.<\/p>","protected":false},"excerpt":{"rendered":"<p>UBP MP and Group Deputy Chairman Ahmet Sava\u015fan, in his message celebrating the 23rd anniversary of the establishment of K\u0131br\u0131s Postas\u0131, said, \u201cI wish you to continue your existence as a shining star.\u201d National Unity Party (UBP) MP and Group Deputy Chairman Ahmet Sava\u015fan celebrated the 23rd anniversary of the establishment of K\u0131br\u0131s Postas\u0131. In his statement, Sava\u015fan said that K\u0131br\u0131s Postas\u0131, with its fast, accessible and reliable journalism approach by using technology effectively, digital [...]<\/p>","protected":false},"author":1,"featured_media":16303,"comment_status":"open","ping_status":"open","sticky":false,"template":"","format":"standard","meta":{"_monsterinsights_skip_tracking":false,"_monsterinsights_sitenote_active":false,"_monsterinsights_sitenote_note":"","_monsterinsights_sitenote_category":0,"footnotes":""},"categories":[102],"tags":[],"class_list":["post-16360","post","type-post","status-publish","format-standard","has-post-thumbnail","hentry","category-haberler"],"aioseo_notices":[],"_links":{"self":[{"href":"https:\/\/ahmetsavasan.com\/en\/wp-json\/wp\/v2\/posts\/16360","targetHints":{"allow":["GET"]}}],"collection":[{"href":"https:\/\/ahmetsavasan.com\/en\/wp-json\/wp\/v2\/posts"}],"about":[{"href":"https:\/\/ahmetsavasan.com\/en\/wp-json\/wp\/v2\/types\/post"}],"author":[{"embeddable":true,"href":"https:\/\/ahmetsavasan.com\/en\/wp-json\/wp\/v2\/users\/1"}],"replies":[{"embeddable":true,"href":"https:\/\/ahmetsavasan.com\/en\/wp-json\/wp\/v2\/comments?post=16360"}],"version-history":[{"count":0,"href":"https:\/\/ahmetsavasan.com\/en\/wp-json\/wp\/v2\/posts\/16360\/revisions"}],"wp:featuredmedia":[{"embeddable":true,"href":"https:\/\/ahmetsavasan.com\/en\/wp-json\/wp\/v2\/media\/16303"}],"wp:attachment":[{"href":"https:\/\/ahmetsavasan.com\/en\/wp-json\/wp\/v2\/media?parent=16360"}],"wp:term":[{"taxonomy":"category","embeddable":true,"href":"https:\/\/ahmetsavasan.com\/en\/wp-json\/wp\/v2\/categories?post=16360"},{"taxonomy":"post_tag","embeddable":true,"href":"https:\/\/ahmetsavasan.com\/en\/wp-json\/wp\/v2\/tags?post=16360"}],"curies":[{"name":"wp","href":"https:\/\/api.w.org\/{rel}","templated":true}]}}