{"id":19993,"date":"2017-03-10T07:41:25","date_gmt":"2017-03-10T07:41:25","guid":{"rendered":"https:\/\/ahmetsavasan.com\/?p=19993"},"modified":"2025-09-01T09:30:22","modified_gmt":"2025-09-01T09:30:22","slug":"kuzey-kibris-itb-berlin-fuarinda-tanitiliyor","status":"publish","type":"post","link":"https:\/\/ahmetsavasan.com\/en\/kuzey-kibris-itb-berlin-fuarinda-tanitiliyor\/","title":{"rendered":"Northern Cyprus is being promoted at ITB Berlin Fair"},"content":{"rendered":"<div class=\"full\">\n<h3>Kuzey K\u0131br\u0131s ITB Berlin fuar\u0131n\u0131n ikinci g\u00fcn\u00fcnde de tan\u0131t\u0131mlar\u0131na devam ediyor. ITB Berlin Fuar\u0131\u2019n\u0131n ikinci g\u00fcn\u00fcnde Turizm Bakanl\u0131\u011f\u0131 yetkilileri ve sekt\u00f6r temsilcileri de\u011ferlendirme toplant\u0131s\u0131 yaparak a\u00e7\u0131klamalarda bulundu.<\/h3>\n<p>Turizm Bakanl\u0131\u011f\u0131 M\u00fcste\u015far\u0131 \u0130smet Esenyel, ITB Kuzey K\u0131br\u0131s stand\u0131n\u0131n g\u00f6rd\u00fc\u011f\u00fc ilgiden memnuniyet duydu\u011funu belirterek, Kuzey K\u0131br\u0131s\u2019\u0131n k\u00fclt\u00fcr\u00fcn\u00fc ve turizm \u00fcr\u00fcn\u00fcn\u00fc tan\u0131tmak i\u00e7in t\u00fcm payda\u015flarla elbirli\u011fiyle \u00e7al\u0131\u015ft\u0131klar\u0131n\u0131 s\u00f6yledi.<\/p>\n<p>Kuzey K\u0131br\u0131s stand\u0131n\u0131 gezen herkesin stand\u0131n dizay\u0131n\u0131ndan ve konseptinden fazlas\u0131yla etkilendi\u011fini vurgulayan Esenyel, stand\u0131n ald\u0131\u011f\u0131 takdirlerden gurur duydu\u011funu belirtti.<\/p>\n<p>Esenyel, ITB Berlin\u2019e kat\u0131l\u0131m s\u00fcrecinden ba\u015flayarak kendilerine destek olan Berlin temsilcili\u011fine, turizm koordinat\u00f6rl\u00fc\u011f\u00fcne ve bakanl\u0131k personeline te\u015fekk\u00fcr ederek, her fuarda daha ba\u015far\u0131l\u0131 olduklar\u0131n\u0131 ve kendilerine destek olan herkesin katk\u0131s\u0131yla her ge\u00e7en g\u00fcn daha da ba\u015far\u0131l\u0131 olacaklar\u0131na inand\u0131\u011f\u0131n\u0131 vurgulad\u0131.<\/p>\n<p><strong>WARRIOR<\/strong><\/p>\n<p>Sa\u011fl\u0131k Turizm Konseyi Ba\u015fkan\u0131 Ahmet Sava\u015fan ise, ITB Berlin fuar\u0131nda \u00fclkenin k\u00fclt\u00fcrel sosyal sa\u011fl\u0131k ve alternatif turizm \u00fcr\u00fcnlerini d\u00fcnyaya tan\u0131tma f\u0131rsat\u0131 bulduklar\u0131n\u0131 belirterek, turizm bakanl\u0131\u011f\u0131n\u0131n sekt\u00f6rle i\u015fbirli\u011fi i\u00e7erisinde iyi bir tempo yakalad\u0131\u011f\u0131n\u0131 ve yurt d\u0131\u015f\u0131 temaslardan olumlu sonu\u00e7lar al\u0131nd\u0131\u011f\u0131n\u0131 s\u00f6yledi.<\/p>\n<p>D\u00fcnyada turizmin art\u0131k kitle turizminin \u00f6tesinde bir noktaya ta\u015f\u0131nd\u0131\u011f\u0131n\u0131 ifade eden Sava\u015fan, \u00f6zel ilgi ve sa\u011fl\u0131k turizmine olan ilginin de her ge\u00e7en g\u00fcn artt\u0131\u011f\u0131n\u0131 belirtti.<\/p>\n<p>Sava\u015fan, fuarlarda \u00f6zel ilgi turizmleriyle alakal\u0131 \u00e7e\u015fitli \u00e7al\u0131\u015fmalar ve anla\u015fmalar yapt\u0131klar\u0131n\u0131 ifade ederek, sa\u011fl\u0131k turizmiyle ilgili yap\u0131lan \u00e7al\u0131\u015fmalarla \u00fclkeye daha kaliteli ve bilin\u00e7li turistin gelmesine katk\u0131 koyduklar\u0131n\u0131 s\u00f6yledi.<\/p>\n<p><strong>TOLUN<\/strong><\/p>\n<p>KTSAB Ba\u015fkan\u0131 Orhan Tolun ise, ITB Berlin\u2019de otantik K\u0131br\u0131s evi, yiyecekleri ve k\u00fclt\u00fcr\u00fcyle, master plan\u0131na uygun olarak eko ve \u00f6zel ilgi turizminin tan\u0131t\u0131lmas\u0131na imkan sa\u011fland\u0131\u011f\u0131n\u0131 belirterek, Almanya pazar\u0131n\u0131n T\u00fcrkiye ve \u0130ngiltere\u2019den sonra en \u00f6nemli turizm pazar\u0131 oldu\u011funu vurgulad\u0131.<\/p>\n<p>Almanya pazar\u0131n\u0131n uzun y\u0131llar ihmal edilmesine ra\u011fmen son derece h\u0131zl\u0131 geli\u015fen bir Pazar oldu\u011funu dile getiren Tolun, \u0130ngiltere\u2019den her y\u0131l azalan say\u0131larda turist gelirken Almanya\u2019dan \u00f6zel ilgi turizmi i\u00e7in gelen \u00e7ok say\u0131da ki\u015fi oldu\u011funu belirtti.<\/p>\n<p>Tolun, Almanya\u2019dan \u00f6zellikle y\u00fcr\u00fcy\u00fc\u015f ve bisiklet gruplar\u0131n\u0131n Larnaka \u00fczerinden K\u0131br\u0131s\u2019a geldi\u011fini ifade ederek, \u201cBu nedenle bizim de G\u00fcney\u2019i destekleyen bir politikayla ad\u0131m atmam\u0131z gerekiyor\u201d dedi.<\/p>\n<p>Bu y\u0131l Kuzey K\u0131br\u0131s stand\u0131na ilginin \u00e7ok fazla oldu\u011funu ve dolay\u0131s\u0131yla Almanya\u2019dan gelecek turist say\u0131s\u0131nda da y\u00fczde 20 oran\u0131nda art\u0131\u015f olaca\u011f\u0131na inand\u0131\u011f\u0131n\u0131 kaydeden Tolun, Almanya\u2019n\u0131n ard\u0131ndan ayn\u0131 ba\u015far\u0131y\u0131 \u0130ngiltere\u2019de ve di\u011fer \u00fclkelerde de g\u00f6stermek i\u00e7in \u00e7al\u0131\u015facaklar\u0131n\u0131 s\u00f6yledi.<\/p>\n<p><strong>DORAK<\/strong><\/p>\n<p>Almanya Turizm Koordinat\u00f6r\u00fc \u00d6nal Dorak ise, K\u0131br\u0131s\u2019\u0131n s\u0131cak mimarisini yans\u0131tan bir ta\u015f ev konseptiyle ITB Berlin\u2019de bulunmaktan memnun oldu\u011funu dile getirerek, el sanatlar\u0131, yiyecek i\u00e7ecek temas\u0131n\u0131n da olduk\u00e7a ilgi \u00e7ekti\u011fini s\u00f6yledi.<\/p>\n<p>K\u00fclt\u00fcr\u00fcn yan\u0131 s\u0131ra, y\u00fcr\u00fcy\u00fc\u015f, bisiklet ve sa\u011fl\u0131k turizmi ba\u015fta olmak \u00fczere \u00f6zel ilgi turizmi temas\u0131yla Kuzey K\u0131br\u0131s\u2019\u0131 tan\u0131tmaya \u00e7al\u0131\u015ft\u0131klar\u0131n\u0131 belirten Dorak,\u00a0 ITB Berlin\u2019in ikinci g\u00fcn\u00fcnde yap\u0131lan \u00e7al\u0131\u015fmalar\u0131n memnuniyet verici oldu\u011funu ve ileriki g\u00fcnlerde daha da yararl\u0131 ad\u0131mlar atacaklar\u0131na inand\u0131\u011f\u0131n\u0131 s\u00f6yledi.<\/p>\n<p><strong>\u00d6ZT\u00dcRK<\/strong><\/p>\n<p>Berlin Temsilcisi Oktay \u00d6zt\u00fcrk de, Kuzey K\u0131br\u0131s stand\u0131na g\u00f6sterilen ilgiye hayran kald\u0131\u011f\u0131n\u0131 ve burada g\u00f6sterilen misafirperverli\u011fin turist geli\u015fini olumlu y\u00f6nde etkileyece\u011fini s\u00f6yledi.<\/p>\n<p>\u00d6zt\u00fcrk, fuar s\u00fcresince bu olumlu izlenimlerin devam etmesi i\u00e7in \u00e7al\u0131\u015facaklar\u0131n\u0131 kaydetti.<\/p>\n<p><strong>\u00d6ZBO\u011eA\u00c7<\/strong><\/p>\n<p>KITOB Ba\u015fkan\u0131 Fethi \u00d6zbo\u011fa\u00e7 ise, turizmin s\u00fcrekli b\u00fcy\u00fcyen bir sekt\u00f6r oldu\u011funa i\u015faret ederek, ITB Berlin\u2019in de bu b\u00fcy\u00fcmenin en \u00f6nemli kan\u0131t\u0131 oldu\u011funu kaydetti.<\/p>\n<p>Bir\u00e7ok \u00fclkenin \u00fclkesine turist \u00e7ekmek i\u00e7in fuarlarda elinden geleni yapt\u0131\u011f\u0131n\u0131 ifade eden \u00d6zbo\u011fa\u00e7, Kuzey K\u0131br\u0131s olarak turizm i\u00e7in bulunmaz malzemelere sahip olundu\u011funu ve bunlar\u0131 en iyi \u015fekilde kullanabilmeyi ama\u00e7lad\u0131klar\u0131n\u0131 belirtti.<\/p>\n<p>\u00d6zbo\u011fa\u00e7, Almanya pazar\u0131ndan \u00f6zel ilgi turizmine yo\u011fun istek oldu\u011funu ve kendilerinin de bu beklentiyi kar\u015f\u0131lamak i\u00e7in \u00e7al\u0131\u015ft\u0131\u011f\u0131n\u0131 s\u00f6yledi.<\/p>\n<p>Fuarda bu y\u0131l 187 \u00fclkeden kat\u0131l\u0131mc\u0131 yer al\u0131yor. Kat\u0131l\u0131mc\u0131lar\u0131n y\u00fczde 73.6\u2019s\u0131 Avrupa\u2019dan, y\u00fczde 8.7\u2019si G\u00fcney, Do\u011fu Ve Orta Asya\u2019dan, y\u00fczde 5.4\u2019\u00fc orta do\u011fudan, y\u00fczde 7.4\u2019\u00fc Kuzey Amerika\u2019dan, y\u00fczde 1.2\u2019si Avustralya ve okyanus b\u00f6lgeleri \u00fclkelerinden ve 1.2\u2019si de G\u00fcney ve Orta Amarika\u2019dan.<\/p>\n<\/div>\n<div class=\"clearfix share-btns\"><\/div>","protected":false},"excerpt":{"rendered":"<p>Northern Cyprus continues its promotions on the second day of the ITB Berlin fair. On the second day of the ITB Berlin Fair, Ministry of Tourism officials and sector representatives held an evaluation meeting and made statements. Undersecretary of the Ministry of Tourism \u0130smet Esenyel stated that he was pleased with the interest in the Northern Cyprus stand at ITB and said that they are working in cooperation with all stakeholders to promote the culture and tourism product of Northern Cyprus. North [...]<\/p>","protected":false},"author":2,"featured_media":19996,"comment_status":"open","ping_status":"open","sticky":false,"template":"","format":"standard","meta":{"_monsterinsights_skip_tracking":false,"_monsterinsights_sitenote_active":false,"_monsterinsights_sitenote_note":"","_monsterinsights_sitenote_category":0,"footnotes":""},"categories":[140],"tags":[],"class_list":["post-19993","post","type-post","status-publish","format-standard","has-post-thumbnail","hentry","category-chtc"],"aioseo_notices":[],"_links":{"self":[{"href":"https:\/\/ahmetsavasan.com\/en\/wp-json\/wp\/v2\/posts\/19993","targetHints":{"allow":["GET"]}}],"collection":[{"href":"https:\/\/ahmetsavasan.com\/en\/wp-json\/wp\/v2\/posts"}],"about":[{"href":"https:\/\/ahmetsavasan.com\/en\/wp-json\/wp\/v2\/types\/post"}],"author":[{"embeddable":true,"href":"https:\/\/ahmetsavasan.com\/en\/wp-json\/wp\/v2\/users\/2"}],"replies":[{"embeddable":true,"href":"https:\/\/ahmetsavasan.com\/en\/wp-json\/wp\/v2\/comments?post=19993"}],"version-history":[{"count":1,"href":"https:\/\/ahmetsavasan.com\/en\/wp-json\/wp\/v2\/posts\/19993\/revisions"}],"predecessor-version":[{"id":19997,"href":"https:\/\/ahmetsavasan.com\/en\/wp-json\/wp\/v2\/posts\/19993\/revisions\/19997"}],"wp:featuredmedia":[{"embeddable":true,"href":"https:\/\/ahmetsavasan.com\/en\/wp-json\/wp\/v2\/media\/19996"}],"wp:attachment":[{"href":"https:\/\/ahmetsavasan.com\/en\/wp-json\/wp\/v2\/media?parent=19993"}],"wp:term":[{"taxonomy":"category","embeddable":true,"href":"https:\/\/ahmetsavasan.com\/en\/wp-json\/wp\/v2\/categories?post=19993"},{"taxonomy":"post_tag","embeddable":true,"href":"https:\/\/ahmetsavasan.com\/en\/wp-json\/wp\/v2\/tags?post=19993"}],"curies":[{"name":"wp","href":"https:\/\/api.w.org\/{rel}","templated":true}]}}