{"id":20855,"date":"2026-02-12T07:06:40","date_gmt":"2026-02-12T07:06:40","guid":{"rendered":"https:\/\/ahmetsavasan.com\/?p=20855"},"modified":"2026-02-16T07:11:16","modified_gmt":"2026-02-16T07:11:16","slug":"ubp-basin-aciklamasi","status":"publish","type":"post","link":"https:\/\/ahmetsavasan.com\/en\/ubp-basin-aciklamasi\/","title":{"rendered":"UBP Basin A\u00e7\u0131klamas\u0131"},"content":{"rendered":"<p>De\u011ferli Kamuoyu,<br \/>\nLefko\u015fa Kaza Mahkemesi\u2019nde partimiz aleyhine a\u00e7\u0131lan davalara ili\u015fkin olarak bas\u0131nda<br \/>\nyer alan, \u201cUBP aleyhine karar verildi\u011fi ve 9 mahalle kongresinin mahkeme karar\u0131yla<br \/>\niptal edildi\u011fi\u201d y\u00f6n\u00fcndeki haberler ger\u00e7e\u011fi yans\u0131tmamaktad\u0131r.<br \/>\nBaz\u0131 partililer taraf\u0131ndan yap\u0131lan \u201cdavalar\u0131 kazand\u0131k, haklar\u0131m\u0131z\u0131 geri ald\u0131k\u201d \u015feklindeki<br \/>\na\u00e7\u0131klamalar da do\u011fru de\u011fildir ve kamuoyunu yan\u0131lt\u0131c\u0131 niteliktedir. Ulusal Birlik Partisi<br \/>\nolarak s\u00fcrece ili\u015fkin do\u011fru ve eksiksiz bilgiyi kamuoyuyla payla\u015fmay\u0131<br \/>\nsorumlulu\u011fumuz olarak g\u00f6rmekteyiz.<br \/>\n2024 y\u0131l\u0131 i\u00e7erisinde ger\u00e7ekle\u015ftirilen;<br \/>\n\uf0b7 Lefko\u015fa \u0130l\u00e7esi Hamitk\u00f6y \u00d6rg\u00fct Ba\u015fkan\u0131 Se\u00e7imi,<br \/>\n\uf0b7 Ma\u011fusa \u0130l\u00e7esi Ergenekon K\u00f6y \u00d6rg\u00fct\u00fc Ba\u015fkan\u0131 Se\u00e7imi,<br \/>\n\uf0b7 Ma\u011fusa \u0130l\u00e7esi Sakarya Mahalle \u00d6rg\u00fct\u00fc Ba\u015fkan\u0131 Se\u00e7imi,<br \/>\n\uf0b7 Ma\u011fusa \u0130l\u00e7esi Alani\u00e7i \u00d6rg\u00fct Ba\u015fkan\u0131 Se\u00e7imi,<br \/>\n\uf0b7 Girne \u0130l\u00e7esi Dikmen \u00d6rg\u00fct\u00fc Ba\u015fkan\u0131 Se\u00e7imi,<br \/>\n\uf0b7 \u0130skele \u0130l\u00e7esi Ada\u00e7ay K\u00f6y \u00d6rg\u00fct\u00fc Ba\u015fkan\u0131 Se\u00e7imi,<br \/>\n\uf0b7 \u0130skele \u0130l\u00e7esi Dipkarpaz Polat Pa\u015fa Mahallesi \u00d6rg\u00fct Ba\u015fkan\u0131 Se\u00e7imi,<br \/>\n\uf0b7 \u0130skele \u0130l\u00e7esi Dipkarpaz Ersin Pa\u015fa Mahallesi \u00d6rg\u00fct Ba\u015fkan\u0131 Se\u00e7imi,<br \/>\n\uf0b7 \u0130skele \u0130l\u00e7esi Dipkarpaz Sancar Pa\u015fa Mahallesi \u00d6rg\u00fct Ba\u015fkan\u0131 Se\u00e7imi<br \/>\nsonras\u0131nda, se\u00e7imi kaybeden 9 aday taraf\u0131ndan dava a\u00e7\u0131lm\u0131\u015f ve mahkemece ge\u00e7ici<br \/>\nara emirleri verilmi\u015ftir.<br \/>\nYarg\u0131 s\u00fcre\u00e7lerinin devam etmesi; partimizin kurumsal i\u015fleyi\u015fini ve i\u00e7 huzurunu<br \/>\nolumsuz etkilemekte, ayn\u0131 zamanda mahkemelerin yo\u011fun g\u00fcndemini gereksiz \u015fekilde<br \/>\nme\u015fgul etmektedir.<br \/>\nBu \u00e7er\u00e7evede; parti b\u00fct\u00fcnl\u00fc\u011f\u00fcn\u00fcn korunmas\u0131, hukuki belirsizliklerin ortadan<br \/>\nkald\u0131r\u0131lmas\u0131 ve yarg\u0131 mercilerinin daha fazla me\u015fgul edilmemesi amac\u0131yla, Parti<br \/>\nMerkez Y\u00f6netim Kurulu (MYK), UBP Parti T\u00fcz\u00fc\u011f\u00fc\u2019n\u00fcn 39. maddesi uyar\u0131nca 28 Ocak<br \/>\n2026 tarihinde ger\u00e7ekle\u015ftirdi\u011fi toplant\u0131da, dava konusu olan 9 k\u00f6y ve mahalle \u00f6rg\u00fct<br \/>\nba\u015fkanl\u0131\u011f\u0131 se\u00e7im kongresinin iptaline y\u00f6nelik tavsiye karar\u0131 alm\u0131\u015ft\u0131r.<br \/>\nS\u00f6z konusu tavsiye karar\u0131, ayn\u0131 g\u00fcn Parti Meclisi taraf\u0131ndan T\u00fcz\u00fck\u2019\u00fcn 34. maddesi<br \/>\nkapsam\u0131nda oy birli\u011fiyle onaylanarak y\u00fcr\u00fcrl\u00fc\u011fe girmi\u015ftir.<\/p>\n<p>Parti Meclisi\u2019nin bu karar\u0131 sonras\u0131nda; bug\u00fcn g\u00f6r\u00fclen Ma\u011fusa \u0130l\u00e7esi Ergenekon K\u00f6y<br \/>\n\u00d6rg\u00fct\u00fc Ba\u015fkan\u0131 Se\u00e7imi, Lefko\u015fa \u0130l\u00e7esi Hamitk\u00f6y \u00d6rg\u00fct Ba\u015fkan\u0131 Se\u00e7imi, \u0130skele \u0130l\u00e7esi<br \/>\nDipkarpaz Ersin Pa\u015fa Mahallesi \u00d6rg\u00fct Ba\u015fkan\u0131 Se\u00e7imi ve Ma\u011fusa \u0130l\u00e7esi Sakarya<br \/>\nMahalle \u00d6rg\u00fct\u00fc Ba\u015fkan\u0131 Se\u00e7imi\u2019ne ili\u015fkin davalarda, dava konusu ortadan kalkm\u0131\u015f;<br \/>\nayr\u0131ca davac\u0131lar taraf\u0131ndan davalar geri \u00e7ekildi\u011fi i\u00e7in mahkemece d\u00fc\u015f\u00fcr\u00fclm\u00fc\u015ft\u00fcr.<br \/>\nKalan 5 davan\u0131n da duru\u015fma g\u00fcnlerinde davac\u0131lar taraf\u0131ndan geri \u00e7ekilmesi ve<br \/>\nbenzer \u015fekilde sonu\u00e7lanmas\u0131 beklenmektedir.<br \/>\nUlusal Birlik Partisi, birlik ve b\u00fct\u00fcnl\u00fc\u011f\u00fcn\u00fc koruyarak yoluna kararl\u0131l\u0131kla devam<br \/>\netmektedir. S\u00fcre\u00e7ler hukuk \u00e7er\u00e7evesinde ve parti t\u00fcz\u00fc\u011f\u00fcm\u00fcz do\u011frultusunda<br \/>\ny\u00fcr\u00fct\u00fclmekte olup, g\u00fc\u00e7l\u00fc kurumsal yap\u0131m\u0131zla halk\u0131m\u0131za hizmet etmeyi s\u00fcrd\u00fcrmek<br \/>\ntemel hedefimizdir. Mezk\u00fbr davalar\u0131n ortadan kalkmas\u0131yla birlikte, ilgili mahalle \u00f6rg\u00fct<br \/>\nba\u015fkanlar\u0131n\u0131n yenilenme s\u00fcreci de parti t\u00fcz\u00fc\u011f\u00fcm\u00fcz ve yetkili organlar\u0131m\u0131z\u0131n takdiri<br \/>\ndo\u011frultusunda partimiz taraf\u0131ndan belirlenecektir. Kamuoyuna sayg\u0131yla duyurulur.<\/p>\n<p>Sayg\u0131lar\u0131m\u0131zla,<br \/>\nAhmet Sava\u015fan<br \/>\nUBP Genel Sekreteri V.<\/p>","protected":false},"excerpt":{"rendered":"<p>De\u011ferli Kamuoyu, Lefko\u015fa Kaza Mahkemesi\u2019nde partimiz aleyhine a\u00e7\u0131lan davalara ili\u015fkin olarak bas\u0131nda yer alan, \u201cUBP aleyhine karar verildi\u011fi ve 9 mahalle kongresinin mahkeme karar\u0131yla iptal edildi\u011fi\u201d y\u00f6n\u00fcndeki haberler ger\u00e7e\u011fi yans\u0131tmamaktad\u0131r. Baz\u0131 partililer taraf\u0131ndan yap\u0131lan \u201cdavalar\u0131 kazand\u0131k, haklar\u0131m\u0131z\u0131 geri ald\u0131k\u201d \u015feklindeki a\u00e7\u0131klamalar da do\u011fru de\u011fildir ve kamuoyunu yan\u0131lt\u0131c\u0131 niteliktedir. Ulusal Birlik Partisi olarak s\u00fcrece ili\u015fkin do\u011fru [&hellip;]<\/p>","protected":false},"author":4,"featured_media":20856,"comment_status":"closed","ping_status":"closed","sticky":false,"template":"","format":"standard","meta":{"_monsterinsights_skip_tracking":false,"_monsterinsights_sitenote_active":false,"_monsterinsights_sitenote_note":"","_monsterinsights_sitenote_category":0,"footnotes":""},"categories":[102],"tags":[],"class_list":["post-20855","post","type-post","status-publish","format-standard","has-post-thumbnail","hentry","category-haberler"],"aioseo_notices":[],"_links":{"self":[{"href":"https:\/\/ahmetsavasan.com\/en\/wp-json\/wp\/v2\/posts\/20855","targetHints":{"allow":["GET"]}}],"collection":[{"href":"https:\/\/ahmetsavasan.com\/en\/wp-json\/wp\/v2\/posts"}],"about":[{"href":"https:\/\/ahmetsavasan.com\/en\/wp-json\/wp\/v2\/types\/post"}],"author":[{"embeddable":true,"href":"https:\/\/ahmetsavasan.com\/en\/wp-json\/wp\/v2\/users\/4"}],"replies":[{"embeddable":true,"href":"https:\/\/ahmetsavasan.com\/en\/wp-json\/wp\/v2\/comments?post=20855"}],"version-history":[{"count":1,"href":"https:\/\/ahmetsavasan.com\/en\/wp-json\/wp\/v2\/posts\/20855\/revisions"}],"predecessor-version":[{"id":20857,"href":"https:\/\/ahmetsavasan.com\/en\/wp-json\/wp\/v2\/posts\/20855\/revisions\/20857"}],"wp:featuredmedia":[{"embeddable":true,"href":"https:\/\/ahmetsavasan.com\/en\/wp-json\/wp\/v2\/media\/20856"}],"wp:attachment":[{"href":"https:\/\/ahmetsavasan.com\/en\/wp-json\/wp\/v2\/media?parent=20855"}],"wp:term":[{"taxonomy":"category","embeddable":true,"href":"https:\/\/ahmetsavasan.com\/en\/wp-json\/wp\/v2\/categories?post=20855"},{"taxonomy":"post_tag","embeddable":true,"href":"https:\/\/ahmetsavasan.com\/en\/wp-json\/wp\/v2\/tags?post=20855"}],"curies":[{"name":"wp","href":"https:\/\/api.w.org\/{rel}","templated":true}]}}