{"id":10493,"date":"2018-05-16T17:48:28","date_gmt":"2018-05-16T17:48:28","guid":{"rendered":"https:\/\/www.ahmetsavasan.biz\/?p=10493"},"modified":"2025-09-01T09:23:31","modified_gmt":"2025-09-01T09:23:31","slug":"savasan-akdag-kktc-icin-buyuk-bir-sans","status":"publish","type":"post","link":"https:\/\/ahmetsavasan.com\/tr_tr\/savasan-akdag-kktc-icin-buyuk-bir-sans\/","title":{"rendered":"Akda\u011f, KKTC \u0130\u00e7in B\u00fcy\u00fck Bir \u015eans"},"content":{"rendered":"<p><strong>K\u0131br\u0131s Sa\u011fl\u0131k Turizmi Konseyi Ba\u015fkan\u0131 Dr. Ahmet Sava\u015fan 370 bin metrekare kapal\u0131 alan\u0131yla T\u00fcrkiye&#8217;nin ve Avrupa&#8217;n\u0131n en b\u00fcy\u00fck hastanesi konumunda olan Mersin \u015eehir Hastanesi\u2019nde incelemelerde bulundu.<\/strong><\/p>\n<p>Konseyden yap\u0131lan a\u00e7\u0131klamaya g\u00f6re; D\u00fcnya Engelliler Birli\u011fi (WDU) Genel Kurulu\u2019na kat\u0131lmak \u00fczere Mersin\u2019e giden Dr.\u00a0<a class=\"words\" href=\"http:\/\/www.kibrispostasi.com\/index.php\/tpl\/tumu\/pers\/13\">Ahmet Sava\u015fan<\/a>\u2019\u0131n ilk olarak T\u00fcrkiye&#8217;nin ve Avrupa&#8217;n\u0131n en b\u00fcy\u00fck hastanesi konumunda olan Mersin \u015eehir Hastanesi\u2019ni ard\u0131ndan da Mersin Gazeteciler Cemiyeti\u2019ni ziyaret etti\u011fi bildirildi.<\/p>\n<p>A\u00e7\u0131klamada Sava\u015fan\u2019\u0131n, Mersin \u015eehir Hastanesi Ba\u015fhekim Yard\u0131mc\u0131s\u0131 Uzm.Dr. Bahar Ayd\u0131nl\u0131 ve Sa\u011fl\u0131k Turizmi Daire Ba\u015fkan\u0131 Dr. Kerim Koray Kebir ile biraraya gelerek verilen sa\u011fl\u0131k hizmetleriile donan\u0131m hakk\u0131nda bilgi ald\u0131\u011f\u0131 ve hastanede incelemelerde bulundu\u011funa yer verildi.<\/p>\n<p><strong>G\u00dcNDE 12,000 HASTAYA H\u0130ZMET VER\u0130L\u0130YOR&#8230;<\/strong><\/p>\n<p>Be\u015f y\u0131ld\u0131zl\u0131 otel konforundaki hastanede 1,300 yatak, 51 ameliyatane, 280 muayene odas\u0131 bulundu\u011funu ve g\u00fcnde 12,000 hastaya uluslararas\u0131 standartta sa\u011fl\u0131k hizmeti verdiklerini anlatan Uzm. Dr. Bahar Ayd\u0131nl\u0131, son teknoloji cihazlarlarla donat\u0131lan hastanede 5,000\u2019den fazla sa\u011fl\u0131k personelinin g\u00f6rev yapt\u0131\u011f\u0131n\u0131 s\u00f6yledi.<\/p>\n<p><strong>SA\u011eLIK TUR\u0130ZM\u0130NDE KAR\u015eILIKLI \u0130\u015eB\u0130RL\u0130\u011e\u0130 BA\u015eLAYACAK&#8230;<\/strong><\/p>\n<p>Hastanenin Afrika, Orta Do\u011fu, T\u00fcrki Cumhuriyetler ve Avrupa&#8217;dan hasta a\u011f\u0131rlamaya ba\u015flad\u0131\u011f\u0131n\u0131 ifade eden Sa\u011fl\u0131k Turizmi Daire Ba\u015fkan\u0131 Dr. Kerim Koray Kebir\u2019de ziyarette yapt\u0131\u011f\u0131 konu\u015fmada Kuzey K\u0131br\u0131s ile sa\u011fl\u0131k turisti ve bilgi payla\u015f\u0131m\u0131 konular\u0131nda kar\u015f\u0131l\u0131kl\u0131 i\u015f birli\u011fi yapmaktan b\u00fcy\u00fck bir mutluluk duyacaklar\u0131n\u0131 s\u00f6yledi.<\/p>\n<p><strong>T\u00dcRK\u0130YEDE SA\u011eLIKTA ATILAN ADIMLAR KKTC \u0130\u00c7\u0130N B\u00dcY\u00dcK B\u0130R \u015eANS&#8230;<\/strong><\/p>\n<p>T\u00fcrkiye\u2019nin sa\u011fl\u0131kta d\u00f6n\u00fc\u015f\u00fcm konusunda D\u00fcnya\u2019ya \u00f6rnek olacak ad\u0131mlar att\u0131\u011f\u0131n\u0131 ifade eden Sava\u015fan da konu\u015fmas\u0131nda, \u201cT\u00fcrkiyemizde bu ad\u0131mlar\u0131n at\u0131lm\u0131\u015f olmas\u0131 ve ayr\u0131ca at\u0131lan bu ad\u0131mlar\u0131n mimarlar\u0131ndan Recep Akda\u011f\u2019\u0131n da T\u00fcrkiyeCumhuriyeti\u2019nin\u00a0K\u0131br\u0131s \u0130\u015flerinden Sorumlu\u00a0Ba\u015fbakan Yard\u0131mc\u0131s\u0131 olmas\u0131n\u0131 \u00fclkemiz ve devletimiz KKTC i\u00e7in b\u00fcy\u00fck bir \u015fans olarak g\u00f6r\u00fcyoruz\u201d diye konu\u015ftu. Ba\u015flat\u0131lan i\u015fbirli\u011finin kar\u015f\u0131l\u0131kl\u0131 olarak b\u00fcy\u00fck faydalar do\u011furaca\u011f\u0131na inan\u00e7 belirten Sava\u015fan, hastane yetkililerine g\u00f6sterdikleri samimi ilgiden \u00f6t\u00fcr\u00fc te\u015fekk\u00fcr etti.<\/p>\n<p><strong>DEM\u0130RTA\u015e: KKTC \u0130\u00c7\u0130N \u00dcZER\u0130M\u0130ZE D\u00dc\u015eEN\u0130 YAPACA\u011eIZ&#8230;<\/strong><\/p>\n<p>Mersin Gazeteciler Cemiyeti\u2019ni ziyaret ederekba\u015fkanl\u0131\u011fa\u00a0yeni se\u00e7ilen Turgay Demirta\u015f ve y\u00f6netim kurulu \u00fcyeleriyle de bir araya gelen Konsey Ba\u015fkan\u0131 Dr.\u00a0<a class=\"words\" href=\"http:\/\/www.kibrispostasi.com\/index.php\/tpl\/tumu\/pers\/13\">Ahmet Sava\u015fan<\/a>, Cemiyetin ge\u00e7mi\u015ften bu g\u00fcne Kuzey K\u0131br\u0131s\u2019\u0131n T\u00fcrkiye\u2019de do\u011fru tan\u0131nmas\u0131na katk\u0131da bulundu\u011funun alt\u0131n\u0131 \u00e7izdi ve yeni y\u00f6netimin bunu s\u00fcrd\u00fcrece\u011fini g\u00f6rmekten memnuniyet duydu\u011funu ifade etti. Mersin Gazeteciler Cemiyeti Ba\u015fkan\u0131 Demirta\u015f da ziyarette yapt\u0131\u011f\u0131 konu\u015fmada KKTC\u2019nin kendileri i\u00e7in \u00e7ok \u00f6nemli oldu\u011funu ve KKTC\u2019nin sesini duyurmak i\u00e7in kendilerine ne g\u00f6rev d\u00fc\u015ferse yapmaya haz\u0131r olduklar\u0131n\u0131 vurgulad\u0131.<\/p>\n","protected":false},"excerpt":{"rendered":"<p>K\u0131br\u0131s Sa\u011fl\u0131k Turizmi Konseyi Ba\u015fkan\u0131 Dr. Ahmet Sava\u015fan 370 bin metrekare kapal\u0131 alan\u0131yla T\u00fcrkiye&#8217;nin ve Avrupa&#8217;n\u0131n en b\u00fcy\u00fck hastanesi konumunda olan Mersin \u015eehir Hastanesi\u2019nde incelemelerde bulundu. Konseyden yap\u0131lan a\u00e7\u0131klamaya g\u00f6re; D\u00fcnya Engelliler Birli\u011fi (WDU) Genel Kurulu\u2019na kat\u0131lmak \u00fczere Mersin\u2019e giden Dr.\u00a0Ahmet Sava\u015fan\u2019\u0131n ilk olarak T\u00fcrkiye&#8217;nin ve Avrupa&#8217;n\u0131n en b\u00fcy\u00fck hastanesi konumunda olan Mersin \u015eehir Hastanesi\u2019ni [&hellip;]<\/p>\n","protected":false},"author":1,"featured_media":10494,"comment_status":"open","ping_status":"open","sticky":false,"template":"","format":"standard","meta":{"_monsterinsights_skip_tracking":false,"_monsterinsights_sitenote_active":false,"_monsterinsights_sitenote_note":"","_monsterinsights_sitenote_category":0,"footnotes":""},"categories":[140],"tags":[],"class_list":["post-10493","post","type-post","status-publish","format-standard","has-post-thumbnail","hentry","category-chtc"],"aioseo_notices":[],"_links":{"self":[{"href":"https:\/\/ahmetsavasan.com\/tr_tr\/wp-json\/wp\/v2\/posts\/10493","targetHints":{"allow":["GET"]}}],"collection":[{"href":"https:\/\/ahmetsavasan.com\/tr_tr\/wp-json\/wp\/v2\/posts"}],"about":[{"href":"https:\/\/ahmetsavasan.com\/tr_tr\/wp-json\/wp\/v2\/types\/post"}],"author":[{"embeddable":true,"href":"https:\/\/ahmetsavasan.com\/tr_tr\/wp-json\/wp\/v2\/users\/1"}],"replies":[{"embeddable":true,"href":"https:\/\/ahmetsavasan.com\/tr_tr\/wp-json\/wp\/v2\/comments?post=10493"}],"version-history":[{"count":1,"href":"https:\/\/ahmetsavasan.com\/tr_tr\/wp-json\/wp\/v2\/posts\/10493\/revisions"}],"predecessor-version":[{"id":20290,"href":"https:\/\/ahmetsavasan.com\/tr_tr\/wp-json\/wp\/v2\/posts\/10493\/revisions\/20290"}],"wp:featuredmedia":[{"embeddable":true,"href":"https:\/\/ahmetsavasan.com\/tr_tr\/wp-json\/wp\/v2\/media\/10494"}],"wp:attachment":[{"href":"https:\/\/ahmetsavasan.com\/tr_tr\/wp-json\/wp\/v2\/media?parent=10493"}],"wp:term":[{"taxonomy":"category","embeddable":true,"href":"https:\/\/ahmetsavasan.com\/tr_tr\/wp-json\/wp\/v2\/categories?post=10493"},{"taxonomy":"post_tag","embeddable":true,"href":"https:\/\/ahmetsavasan.com\/tr_tr\/wp-json\/wp\/v2\/tags?post=10493"}],"curies":[{"name":"wp","href":"https:\/\/api.w.org\/{rel}","templated":true}]}}