{"id":10515,"date":"2018-10-07T18:09:01","date_gmt":"2018-10-07T18:09:01","guid":{"rendered":"https:\/\/www.ahmetsavasan.biz\/?p=10515"},"modified":"2018-10-07T18:09:01","modified_gmt":"2018-10-07T18:09:01","slug":"savasan-saglik-turizmi-ekonomik-krize-can-simidi-olabilir","status":"publish","type":"post","link":"https:\/\/ahmetsavasan.com\/tr_tr\/savasan-saglik-turizmi-ekonomik-krize-can-simidi-olabilir\/","title":{"rendered":"Sa\u011fl\u0131k Turizmi, Ekonomik Krize Can Simidi Olabilir"},"content":{"rendered":"<p><strong>Sa\u011fl\u0131k Turizmi Konseyi Ba\u015fkan\u0131 Yrd. Do\u00e7. Dr. Ahmet Sava\u015fan, Turizm ve \u00c7evre Bakanl\u0131\u011f\u0131\u2019n\u0131n Yurt D\u0131\u015f\u0131 Tan\u0131t\u0131m Ofisi yetkilileri ile bir araya gelerek, Kuzey K\u0131br\u0131s\u2019\u0131n Sa\u011fl\u0131k Turizmi\u2019nden daha fazla pay alabilmesi ve turizm gelirlerinin artt\u0131r\u0131lmas\u0131na y\u00f6nelik at\u0131labilecek ad\u0131mlar\u0131 de\u011ferlendirdi.<\/strong><\/p>\n<p>Konseyden yap\u0131lan a\u00e7\u0131klamaya g\u00f6re; Turizm ve \u00c7evre Bakan\u0131 Fikri Atao\u011flu\u2019nun da bir b\u00f6l\u00fcm\u00fcne ba\u015fkanl\u0131k yapt\u0131\u011f\u0131 toplant\u0131da turizm gelirlerinin artt\u0131r\u0131lmas\u0131n\u0131n, \u00fclkede ya\u015fanan ekonomik krizden \u00e7\u0131k\u0131lmas\u0131na can simidi olabilece\u011fi konusunda g\u00f6r\u00fc\u015f birli\u011fi sa\u011fland\u0131\u011f\u0131na yer verildi.<\/p>\n<p><strong>Turizm gelirlerimizi 4 kat\u0131na \u00e7\u0131karabiliriz&#8230;<\/strong><\/p>\n<p>A\u00e7\u0131klamada mevcut kitle turizmi ve di\u011fer turizm alanlar\u0131ndaki faaliyetler devam ederken, katmade\u011feri y\u00fcksek Sa\u011fl\u0131k ve Spor Turizmi alanlar\u0131yla ilgili gerekli ad\u0131mlar\u0131n at\u0131lmas\u0131 halinde 700 milyon USD civarlar\u0131nda olan turizm gelirlerinin k\u0131sa s\u00fcrede 4 kat\u0131na \u00e7\u0131kart\u0131labilece\u011fini s\u00f6yleyen Konsey Ba\u015fkan\u0131 Yrd. Do\u00e7. Dr Ahmet Sava\u015fan\u2019\u0131n, yurt d\u0131\u015f\u0131 tan\u0131t\u0131m ofisi yetkilileri ile hedef pazarlar ve rekabet\u00e7i \u00fcst\u00fcnl\u00fckler konular\u0131nda \u00e7ok verimli bir toplant\u0131 ger\u00e7ekle\u015ftirdiklerini s\u00f6yledi\u011fi bildirildi.<\/p>\n<p><strong>Konsey, yurt d\u0131\u015f\u0131 tan\u0131t\u0131m ofisleri ile i\u015fbirli\u011fini artt\u0131racak&#8230;<\/strong><\/p>\n<p>Kuzey K\u0131br\u0131s\u2019\u0131n medikal, spa, wellness, gastronomi ve sa\u011fl\u0131kl\u0131 beslenme, spor ile ileri aktif ya\u015fam turizmi, spor gibi alanlarda \u00f6nemli potansiyeli bulundu\u011fu konusunda bakanl\u0131k ve sekt\u00f6r\u00fcn ayn\u0131 fikirde oldu\u011funun alt\u0131n\u0131 \u00e7izen Sava\u015fan, bu alanlar\u0131n tan\u0131t\u0131lmas\u0131 i\u00e7in konsey ile yurt d\u0131\u015f\u0131 tan\u0131t\u0131m ofisleri aras\u0131nda i\u015fbirli\u011finin artt\u0131r\u0131laca\u011f\u0131 y\u00f6n\u00fcnde prensip karar\u0131 al\u0131nd\u0131\u011f\u0131n\u0131 s\u00f6yledi.<\/p>\n<p><strong>T\u00fcrkiye\u2019deki gibi Sa\u011fl\u0131k Turizmi te\u015fvik edilmeli&#8230;<\/strong><\/p>\n<p>T\u00fcrkiye\u2019de oldu\u011fu gibi devletin ger\u00e7ekten bu alan\u0131 bir an \u00f6nce desteklemesi, te\u015fvik etmesi ve denetlemesi gerekti\u011fini vurgulayan Konsey Ba\u015fkan\u0131 Ahmet Sava\u015fan, THY\u2019nin de uygulamalar\u0131n\u0131n KKTC\u2019ye geni\u015fletmesi i\u00e7in Ula\u015ft\u0131rma Bakanl\u0131\u011f\u0131\u2019n\u0131n giri\u015fimde bulunulmas\u0131 gerekti\u011fine dikkat \u00e7ekti.<\/p>\n<p><strong>30 milyon ki\u015fi sa\u011fl\u0131\u011f\u0131 i\u00e7in seyahat ediyor&#8230;<\/strong><\/p>\n<p>30 milyon insan\u0131n sa\u011fl\u0131k i\u00e7in \u00fclkeleri d\u0131\u015f\u0131na \u00e7\u0131kt\u0131\u011f\u0131n\u0131 ifade eden Sava\u015fan, \u201csa\u011fl\u0131k turizmine harcanan para 500 milyar dolar\u0131 a\u015fm\u0131\u015ft\u0131r. Bu da ki\u015fi ba\u015f\u0131 15 bin dolara denk geliyor. Kuzey K\u0131br\u0131s i\u00e7in d\u00f6rt be\u015f saatlik u\u00e7u\u015f mesafesinde ya\u015fayan 1.5 milyar insan sa\u011fl\u0131k ve spor turizmi a\u00e7\u0131s\u0131ndan b\u00fcy\u00fck bir potansiyele sahip. Bu alanlar\u0131n s\u00fcrd\u00fcr\u00fclebilir bir yap\u0131ya kavu\u015fmas\u0131 i\u00e7in sekt\u00f6r, Turizm ve \u00c7evre Bakanl\u0131\u011f\u0131, Sa\u011fl\u0131k Bakanl\u0131\u011f\u0131 ba\u015fta olmak \u00fczere b\u00fct\u00fcn payda\u015flar\u0131n e\u015fg\u00fcd\u00fcm i\u00e7inde \u00e7al\u0131\u015fmas\u0131 son derece \u00f6nemli. Konsey olarak bizler daha fazla \u00e7al\u0131\u015fmaya, \u00fcretmeye ve i\u015fbirli\u011fine haz\u0131r\u0131z\u201d dedi.<\/p>\n<p><strong>Toplant\u0131ya yurt d\u0131\u015f\u0131 temsilcilerinin t\u00fcm\u00fc kat\u0131ld\u0131&#8230;<\/strong><\/p>\n<p>A\u00e7\u0131klaman\u0131n sonunda s\u00f6z konusu toplant\u0131ya Bakan Atao\u011flu, Konsey Ba\u015fkan\u0131 Ahmet Sava\u015fan\u2019\u0131n yan\u0131s\u0131ra Turizm ve \u00c7evre Bakanl\u0131\u011f\u0131 Yurtd\u0131\u015f\u0131 Turizm Ofisleri \u015eube Amiri Cansev Ye\u015filada, Londra Turizm Tan\u0131tma Ofisi Koordinat\u00f6r\u00fc Kadir Doruhan, Berlin Turizm Tan\u0131tma Ofisi Koordinat\u00f6r\u00fc \u00d6nal Dorak ile Emrah G\u00fcnen, \u0130stanbul Turizm Tan\u0131tma Ofisi Koordinat\u00f6r\u00fc \u00d6zge Palamutcu , Antalya Turizm Tan\u0131tma Ofisi Koordinat\u00f6r\u00fc Nazmi P\u0131nar ve Mersin Turizm Tan\u0131tma Ofisi temsilcisi Kaz\u0131m T\u00fcrkkan\u2019\u0131n kat\u0131ld\u0131\u011f\u0131na yer verildi.<\/p>\n","protected":false},"excerpt":{"rendered":"<p>Sa\u011fl\u0131k Turizmi Konseyi Ba\u015fkan\u0131 Yrd. Do\u00e7. Dr. Ahmet Sava\u015fan, Turizm ve \u00c7evre Bakanl\u0131\u011f\u0131\u2019n\u0131n Yurt D\u0131\u015f\u0131 Tan\u0131t\u0131m Ofisi yetkilileri ile bir araya gelerek, Kuzey K\u0131br\u0131s\u2019\u0131n Sa\u011fl\u0131k Turizmi\u2019nden daha fazla pay alabilmesi ve turizm gelirlerinin artt\u0131r\u0131lmas\u0131na y\u00f6nelik at\u0131labilecek ad\u0131mlar\u0131 de\u011ferlendirdi. Konseyden yap\u0131lan a\u00e7\u0131klamaya g\u00f6re; Turizm ve \u00c7evre Bakan\u0131 Fikri Atao\u011flu\u2019nun da bir b\u00f6l\u00fcm\u00fcne ba\u015fkanl\u0131k yapt\u0131\u011f\u0131 toplant\u0131da turizm [&hellip;]<\/p>\n","protected":false},"author":1,"featured_media":10516,"comment_status":"open","ping_status":"open","sticky":false,"template":"","format":"standard","meta":{"_monsterinsights_skip_tracking":false,"_monsterinsights_sitenote_active":false,"_monsterinsights_sitenote_note":"","_monsterinsights_sitenote_category":0,"footnotes":""},"categories":[102],"tags":[],"class_list":["post-10515","post","type-post","status-publish","format-standard","has-post-thumbnail","hentry","category-haberler"],"aioseo_notices":[],"_links":{"self":[{"href":"https:\/\/ahmetsavasan.com\/tr_tr\/wp-json\/wp\/v2\/posts\/10515","targetHints":{"allow":["GET"]}}],"collection":[{"href":"https:\/\/ahmetsavasan.com\/tr_tr\/wp-json\/wp\/v2\/posts"}],"about":[{"href":"https:\/\/ahmetsavasan.com\/tr_tr\/wp-json\/wp\/v2\/types\/post"}],"author":[{"embeddable":true,"href":"https:\/\/ahmetsavasan.com\/tr_tr\/wp-json\/wp\/v2\/users\/1"}],"replies":[{"embeddable":true,"href":"https:\/\/ahmetsavasan.com\/tr_tr\/wp-json\/wp\/v2\/comments?post=10515"}],"version-history":[{"count":0,"href":"https:\/\/ahmetsavasan.com\/tr_tr\/wp-json\/wp\/v2\/posts\/10515\/revisions"}],"wp:featuredmedia":[{"embeddable":true,"href":"https:\/\/ahmetsavasan.com\/tr_tr\/wp-json\/wp\/v2\/media\/10516"}],"wp:attachment":[{"href":"https:\/\/ahmetsavasan.com\/tr_tr\/wp-json\/wp\/v2\/media?parent=10515"}],"wp:term":[{"taxonomy":"category","embeddable":true,"href":"https:\/\/ahmetsavasan.com\/tr_tr\/wp-json\/wp\/v2\/categories?post=10515"},{"taxonomy":"post_tag","embeddable":true,"href":"https:\/\/ahmetsavasan.com\/tr_tr\/wp-json\/wp\/v2\/tags?post=10515"}],"curies":[{"name":"wp","href":"https:\/\/api.w.org\/{rel}","templated":true}]}}