{"id":10532,"date":"2018-12-03T18:29:00","date_gmt":"2018-12-03T18:29:00","guid":{"rendered":"https:\/\/www.ahmetsavasan.biz\/?p=10532"},"modified":"2018-12-03T18:29:00","modified_gmt":"2018-12-03T18:29:00","slug":"savasan-engelsiz-yasam-evinin-acilamamasi-buyuk-bir-zaafiyet","status":"publish","type":"post","link":"https:\/\/ahmetsavasan.com\/tr_tr\/savasan-engelsiz-yasam-evinin-acilamamasi-buyuk-bir-zaafiyet\/","title":{"rendered":"Engelsiz Ya\u015fam Evi\u2019nin A\u00e7\u0131lamamas\u0131 B\u00fcy\u00fck Bir Zaafiyet!"},"content":{"rendered":"<p><strong>Sa\u011fl\u0131k Turizmi Konseyi Ba\u015fkan\u0131 Yrd. Do\u00e7. Dr. Ahmet Sava\u015fan D\u00fcnya Engelliler G\u00fcn\u00fc dolay\u0131s\u0131 ile yay\u0131mlad\u0131\u011f\u0131 mesajda, b\u00fct\u00fcn yurtta\u015flar\u0131n\u0131n sosyal ve ekonomik hayat\u0131n i\u00e7inde yer almad\u0131\u011f\u0131, kayna\u015fmad\u0131\u011f\u0131, e\u015fit olanak ve haklara sahip olmad\u0131\u011f\u0131 toplumlarda birlik ve beraberlikten, s\u00fcrd\u00fcr\u00fclebilir kalk\u0131nmadan bahsedilemeyece\u011fine dikkat \u00e7ekti.<\/strong><\/p>\n<p>Toplumun k\u0131r\u0131lgan gruplar\u0131 ile uyum ve beraberli\u011fin sa\u011flanmas\u0131n\u0131n hukukun en temel ilkesi olan e\u015fitlik ile m\u00fcmk\u00fcn olabilece\u011finin alt\u0131n\u0131 \u00e7izen Yrd. Do\u00e7. Dr. Ahmet Sava\u015fan, 3 Aral\u0131k D\u00fcnya Engelliler G\u00fcn\u00fc\u2019n\u00fcn engellilerin sorunlar\u0131na dikkat \u00e7ekmek, fark\u0131ndal\u0131k olu\u015fturmak ve taleplerine kulak vermek a\u00e7\u0131s\u0131ndan son derece \u00f6nemli bir g\u00fcn oldu\u011funu vurgulad\u0131.<\/p>\n<p><strong>\u00a0<\/strong><strong>\u015eehirler ula\u015f\u0131labilir olmal\u0131&#8230;<\/strong><\/p>\n<p>Sosyal ve ekonomik ya\u015fama tam kat\u0131l\u0131m ve e\u015fitlik ilkesi do\u011frultusunda engelli yurtta\u015flar\u0131n \u00fcretken ve \u00f6zg\u00fcr bireyler olarak hayatlar\u0131n\u0131 idame ettirebilmeleri hususunda herkese g\u00f6rev d\u00fc\u015ft\u00fc\u011f\u00fcn\u00fc belirten Sava\u015fan, \u201cengelli insanlar\u0131m\u0131z\u0131n, kimsenin yard\u0131m\u0131na ihtiya\u00e7 duymaks\u0131z\u0131n hayat\u0131n b\u00fct\u00fcn alanlar\u0131nda yer almas\u0131, nitelikli ve eri\u015filebilir e\u011fitim imkanlar\u0131na sahip olmas\u0131, \u015fehirlerin ula\u015f\u0131labilir yap\u0131ya kavu\u015fturulmas\u0131 gibi son derece do\u011fal taleplerinin yerine getirilmesinde ve bu bilincinin toplumun her kesimine yay\u0131lmas\u0131nda h\u00fck\u00fcmete, Cumhurba\u015fkan\u0131\u2019na, kamu kurum kurulu\u015flar\u0131 ile sivil toplum \u00f6rg\u00fctlerine \u00e7ok b\u00fcy\u00fck g\u00f6revler d\u00fc\u015fmektedir\u201d ifadelerini kulland\u0131.<\/p>\n<p><strong>G\u00f6rev h\u00fck\u00fcmetin ve ilgili bakan\u0131nd\u0131r&#8230;<\/strong><\/p>\n<p>Engellilerimizin isdihdam sorunlar\u0131 ba\u015fta olmak \u00fczere di\u011fer b\u00fct\u00fcn sorunlar\u0131na kal\u0131c\u0131 \u00e7\u00f6z\u00fcmler \u00fcretilmesinde g\u00f6revin h\u00fck\u00fcmete ve ilgili bakana d\u00fc\u015ft\u00fc\u011f\u00fcn\u00fc belirten Yrd. Do\u00e7. Dr. Ahmet Sava\u015fan, \u00fclkemiz i\u00e7in elzem bir ihtiya\u00e7 olan Engelsiz Ya\u015fam Evi\u2019nin halen a\u00e7\u0131lamamas\u0131n\u0131n b\u00fcy\u00fck bir zaafiyet oldu\u011funa vurgu yapta. Engelsiz Ya\u015fam Evi\u2019nin bir an \u00f6nce a\u00e7\u0131lmas\u0131 i\u00e7in ilgili b\u00fct\u00fcn taraflar\u0131 daha duyarl\u0131 olmaya davet eden Sava\u015fan, Kuzey K\u0131br\u0131s T\u00fcrk Cumhuriyeti&#8217;nde bug\u00fcne kadar Engelli&#8217;ler i\u00e7in sorumluklar\u0131n\u0131 yerine getiren kamu kurumlar\u0131, sivil toplum \u00f6rg\u00fctleri ve insanlara te\u015fekk\u00fcr ederek, engelsiz bir \u00fclke diledi.<\/p>\n","protected":false},"excerpt":{"rendered":"<p>Sa\u011fl\u0131k Turizmi Konseyi Ba\u015fkan\u0131 Yrd. Do\u00e7. Dr. Ahmet Sava\u015fan D\u00fcnya Engelliler G\u00fcn\u00fc dolay\u0131s\u0131 ile yay\u0131mlad\u0131\u011f\u0131 mesajda, b\u00fct\u00fcn yurtta\u015flar\u0131n\u0131n sosyal ve ekonomik hayat\u0131n i\u00e7inde yer almad\u0131\u011f\u0131, kayna\u015fmad\u0131\u011f\u0131, e\u015fit olanak ve haklara sahip olmad\u0131\u011f\u0131 toplumlarda birlik ve beraberlikten, s\u00fcrd\u00fcr\u00fclebilir kalk\u0131nmadan bahsedilemeyece\u011fine dikkat \u00e7ekti. Toplumun k\u0131r\u0131lgan gruplar\u0131 ile uyum ve beraberli\u011fin sa\u011flanmas\u0131n\u0131n hukukun en temel ilkesi olan e\u015fitlik [&hellip;]<\/p>\n","protected":false},"author":1,"featured_media":10533,"comment_status":"open","ping_status":"open","sticky":false,"template":"","format":"standard","meta":{"_monsterinsights_skip_tracking":false,"_monsterinsights_sitenote_active":false,"_monsterinsights_sitenote_note":"","_monsterinsights_sitenote_category":0,"footnotes":""},"categories":[102],"tags":[],"class_list":["post-10532","post","type-post","status-publish","format-standard","has-post-thumbnail","hentry","category-haberler"],"aioseo_notices":[],"_links":{"self":[{"href":"https:\/\/ahmetsavasan.com\/tr_tr\/wp-json\/wp\/v2\/posts\/10532","targetHints":{"allow":["GET"]}}],"collection":[{"href":"https:\/\/ahmetsavasan.com\/tr_tr\/wp-json\/wp\/v2\/posts"}],"about":[{"href":"https:\/\/ahmetsavasan.com\/tr_tr\/wp-json\/wp\/v2\/types\/post"}],"author":[{"embeddable":true,"href":"https:\/\/ahmetsavasan.com\/tr_tr\/wp-json\/wp\/v2\/users\/1"}],"replies":[{"embeddable":true,"href":"https:\/\/ahmetsavasan.com\/tr_tr\/wp-json\/wp\/v2\/comments?post=10532"}],"version-history":[{"count":0,"href":"https:\/\/ahmetsavasan.com\/tr_tr\/wp-json\/wp\/v2\/posts\/10532\/revisions"}],"wp:featuredmedia":[{"embeddable":true,"href":"https:\/\/ahmetsavasan.com\/tr_tr\/wp-json\/wp\/v2\/media\/10533"}],"wp:attachment":[{"href":"https:\/\/ahmetsavasan.com\/tr_tr\/wp-json\/wp\/v2\/media?parent=10532"}],"wp:term":[{"taxonomy":"category","embeddable":true,"href":"https:\/\/ahmetsavasan.com\/tr_tr\/wp-json\/wp\/v2\/categories?post=10532"},{"taxonomy":"post_tag","embeddable":true,"href":"https:\/\/ahmetsavasan.com\/tr_tr\/wp-json\/wp\/v2\/tags?post=10532"}],"curies":[{"name":"wp","href":"https:\/\/api.w.org\/{rel}","templated":true}]}}