{"id":10535,"date":"2018-12-05T17:24:40","date_gmt":"2018-12-05T17:24:40","guid":{"rendered":"https:\/\/www.ahmetsavasan.biz\/?p=10535"},"modified":"2018-12-05T17:24:40","modified_gmt":"2018-12-05T17:24:40","slug":"savasan-meclisdeki-kadin-temsiliyetindeki-yetersizlik-dusundurucu","status":"publish","type":"post","link":"https:\/\/ahmetsavasan.com\/tr_tr\/savasan-meclisdeki-kadin-temsiliyetindeki-yetersizlik-dusundurucu\/","title":{"rendered":"Meclis\u2019deki Kad\u0131n Temsiliyetindeki Yetersizlik D\u00fc\u015f\u00fcnd\u00fcr\u00fcc\u00fc!"},"content":{"rendered":"<p><strong>Atat\u00fcrk\u2019\u00fcn kad\u0131nlara se\u00e7me ve se\u00e7ilme hakk\u0131 verdi\u011fi g\u00fcn olan 5 Aral\u0131k dolay\u0131s\u0131yla mesaj yay\u0131mlayan Sa\u011fl\u0131k Turizmi Konseyi Ba\u015fkan\u0131 Yrd. Do\u00e7. Dr. Ahmet Sava\u015fan, toplumun ancak kad\u0131n\u0131yla, erke\u011fiyle omuz omuza vermesiyle kalk\u0131nabilece\u011fini belirterek, toplumsal ya\u015fam\u0131n her alan\u0131nda e\u015fitli\u011fin sa\u011flanmas\u0131 ve siyasetin sadece erkek i\u015fi olmad\u0131\u011f\u0131na y\u00f6nelik politikalar\u0131n geli\u015ftirilmesi gerekti\u011fine dikkat \u00e7ekti.<\/strong><\/p>\n<p>&nbsp;<\/p>\n<p>\u00dclkemize bak\u0131ld\u0131\u011f\u0131nda yap\u0131lan d\u00fczenlemeler ve at\u0131lan pek \u00e7ok ad\u0131ma ra\u011fmen; kad\u0131n-erkek e\u015fitli\u011fi uygulamalar\u0131n\u0131n \u00e7a\u011fda\u015f D\u00fcnya\u2019n\u0131n \u00e7ok gerisinde kald\u0131\u011f\u0131n\u0131 belirten Sava\u015fan, Kuzey K\u0131br\u0131s T\u00fcrk Cumhuriyeti\u2019nde yasalar \u00f6n\u00fcnde kad\u0131n ve erke\u011fin e\u015fit olmas\u0131na ra\u011fmen siyasi partiler ve Meclis\u2019deki kad\u0131n temsiliyetindeki yetersizli\u011fin d\u00fc\u015f\u00fcnd\u00fcr\u00fcc\u00fc oldu\u011funa dikkat \u00e7ekti.<\/p>\n<p><strong>Cinsleraras\u0131 e\u015fitlik sa\u011flanmal\u0131&#8230;<\/strong><\/p>\n<p>Toplumsal f\u0131rsatlar\u0131n farkl\u0131 toplum kesimleri aras\u0131nda nas\u0131l da\u011f\u0131laca\u011f\u0131n\u0131n parlamentoda, h\u00fck\u00fcmet ve politika belirleyen kamu kurumlar\u0131 gibi siyasal karar organlar\u0131nda belirlendi\u011fine i\u015faret eden Yrd. Do\u00e7. Dr. Ahmet Sava\u015fan, \u201cbu s\u00fcre\u00e7lerde kad\u0131nlar\u0131n eksik temsili, sorunlar\u0131n \u00e7\u00f6z\u00fcms\u00fcz kalmas\u0131na, devam eden e\u015fitsizlikler ise kad\u0131nlar\u0131n eksik temsilinin s\u00fcreklili\u011fine yol a\u00e7maktad\u0131r. Bu nedenle, kad\u0131n-erkek e\u015fitli\u011fini sa\u011flamaya y\u00f6nelik \u00e7abalar\u0131n ba\u015f\u0131nda siyasal s\u00fcre\u00e7lere kat\u0131l\u0131mda cinsleraras\u0131 e\u015fitli\u011fi sa\u011flayan ad\u0131mlar\u0131n bir an \u00f6nce at\u0131lmas\u0131 gerekmektedir\u201d ifadelerini kulland\u0131.<\/p>\n<p><strong>\u00a0<\/strong><strong>Ya\u015fama en b\u00fcy\u00fck arma\u011fan kad\u0131nlard\u0131r&#8230;<\/strong><\/p>\n<p>Mesaj\u0131n\u0131n sonunda Atat\u00fcrk\u2019\u00fcn m\u00fcmk\u00fcnm\u00fcd\u00fcr ki, bir toplumun yar\u0131s\u0131 topraklara zincirlerle ba\u011fl\u0131 kald\u0131k\u00e7a, di\u011fer k\u0131sm\u0131 g\u00f6klere y\u00fckselebilsin!&#8221; s\u00f6z\u00fcne at\u0131fta bulunan Sava\u015fan, \u201ckad\u0131n\u0131n devlet y\u00f6netiminde yer almad\u0131\u011f\u0131 bir toplumda demokrasiden bahsedilemeyece\u011fini vurgulayarak, \u201cya\u015fam\u0131n b\u00fct\u00fcn alanlar\u0131nda de\u011feri, g\u00fcc\u00fc ve t\u00fcm se\u00e7imlerindeki \u00f6zg\u00fcrl\u00fc\u011f\u00fc ile kendisine ve ya\u015fama en b\u00fcy\u00fck arma\u011fan olan kad\u0131nlar\u0131n se\u00e7me ve se\u00e7ilme hakk\u0131 g\u00fcn\u00fcn\u00fc kutlar\u0131m\u201d ifadelerini kulland\u0131.<\/p>\n","protected":false},"excerpt":{"rendered":"<p>Atat\u00fcrk\u2019\u00fcn kad\u0131nlara se\u00e7me ve se\u00e7ilme hakk\u0131 verdi\u011fi g\u00fcn olan 5 Aral\u0131k dolay\u0131s\u0131yla mesaj yay\u0131mlayan Sa\u011fl\u0131k Turizmi Konseyi Ba\u015fkan\u0131 Yrd. Do\u00e7. Dr. Ahmet Sava\u015fan, toplumun ancak kad\u0131n\u0131yla, erke\u011fiyle omuz omuza vermesiyle kalk\u0131nabilece\u011fini belirterek, toplumsal ya\u015fam\u0131n her alan\u0131nda e\u015fitli\u011fin sa\u011flanmas\u0131 ve siyasetin sadece erkek i\u015fi olmad\u0131\u011f\u0131na y\u00f6nelik politikalar\u0131n geli\u015ftirilmesi gerekti\u011fine dikkat \u00e7ekti. &nbsp; \u00dclkemize bak\u0131ld\u0131\u011f\u0131nda yap\u0131lan d\u00fczenlemeler [&hellip;]<\/p>\n","protected":false},"author":1,"featured_media":10536,"comment_status":"open","ping_status":"open","sticky":false,"template":"","format":"standard","meta":{"_monsterinsights_skip_tracking":false,"_monsterinsights_sitenote_active":false,"_monsterinsights_sitenote_note":"","_monsterinsights_sitenote_category":0,"footnotes":""},"categories":[102],"tags":[],"class_list":["post-10535","post","type-post","status-publish","format-standard","has-post-thumbnail","hentry","category-haberler"],"aioseo_notices":[],"_links":{"self":[{"href":"https:\/\/ahmetsavasan.com\/tr_tr\/wp-json\/wp\/v2\/posts\/10535","targetHints":{"allow":["GET"]}}],"collection":[{"href":"https:\/\/ahmetsavasan.com\/tr_tr\/wp-json\/wp\/v2\/posts"}],"about":[{"href":"https:\/\/ahmetsavasan.com\/tr_tr\/wp-json\/wp\/v2\/types\/post"}],"author":[{"embeddable":true,"href":"https:\/\/ahmetsavasan.com\/tr_tr\/wp-json\/wp\/v2\/users\/1"}],"replies":[{"embeddable":true,"href":"https:\/\/ahmetsavasan.com\/tr_tr\/wp-json\/wp\/v2\/comments?post=10535"}],"version-history":[{"count":0,"href":"https:\/\/ahmetsavasan.com\/tr_tr\/wp-json\/wp\/v2\/posts\/10535\/revisions"}],"wp:featuredmedia":[{"embeddable":true,"href":"https:\/\/ahmetsavasan.com\/tr_tr\/wp-json\/wp\/v2\/media\/10536"}],"wp:attachment":[{"href":"https:\/\/ahmetsavasan.com\/tr_tr\/wp-json\/wp\/v2\/media?parent=10535"}],"wp:term":[{"taxonomy":"category","embeddable":true,"href":"https:\/\/ahmetsavasan.com\/tr_tr\/wp-json\/wp\/v2\/categories?post=10535"},{"taxonomy":"post_tag","embeddable":true,"href":"https:\/\/ahmetsavasan.com\/tr_tr\/wp-json\/wp\/v2\/tags?post=10535"}],"curies":[{"name":"wp","href":"https:\/\/api.w.org\/{rel}","templated":true}]}}