{"id":10578,"date":"2019-01-13T15:46:17","date_gmt":"2019-01-13T15:46:17","guid":{"rendered":"https:\/\/www.ahmetsavasan.biz\/?p=10578"},"modified":"2019-01-13T15:46:17","modified_gmt":"2019-01-13T15:46:17","slug":"akincinin-mesaji-denktasin-tezlerini-dogruluyor","status":"publish","type":"post","link":"https:\/\/ahmetsavasan.com\/tr_tr\/akincinin-mesaji-denktasin-tezlerini-dogruluyor\/","title":{"rendered":"Ak\u0131nc\u0131&#8217;n\u0131n Mesaj\u0131 Denkta\u015f&#8217;\u0131n Tezlerini Do\u011fruluyor!"},"content":{"rendered":"<p><strong>Sa\u011fl\u0131k Turizmi Konseyi Ba\u015fkan\u0131 Yrd. Do\u00e7. Dr. Ahmet Sava\u015fan, Kurucu Cumhurba\u015fkan\u0131 Rauf Raif Denkta\u015f\u2019\u0131n 7\u2019inci \u00f6l\u00fcm y\u0131l d\u00f6n\u00fcm\u00fc nedeniyle mesaj yay\u0131mlad\u0131.<\/strong><\/p>\n<p>Rauf Denkta\u015f\u2019\u0131n, Kuzey K\u0131br\u0131s T\u00fcrk Cumhuriyeti\u2019nin kurulu\u015funda \u00fcstlendi\u011fi siyasi rol ile sadece b\u00f6lgesel de\u011fil uluslararas\u0131 alanda bir akt\u00f6r haline geldi\u011fine i\u015faret eden Ahmet Sava\u015fan, siyasi hayat\u0131n\u0131 y\u0131llarca s\u00fcren toplumlararas\u0131 g\u00f6r\u00fc\u015fmeler, say\u0131s\u0131z BM \u00e7\u00f6z\u00fcm \u00f6nerisi, s\u00fcrg\u00fcn, \u00f6zel hayat\u0131n\u0131 ise k\u00fc\u00e7\u00fck ya\u015fta kaybetti\u011fi anne ve babas\u0131n\u0131n ac\u0131s\u0131, evlat ac\u0131s\u0131, sa\u011fl\u0131k sorunlar\u0131 ile ge\u00e7iren Denkta\u015f\u2019\u0131n, ya\u015fad\u0131\u011f\u0131 b\u00fct\u00fcn ac\u0131lar\u0131, davas\u0131na olan inanc\u0131 ile bast\u0131rd\u0131\u011f\u0131na vurgu yapt\u0131.<\/p>\n<p>Klerides: \u201cK\u0131br\u0131sl\u0131 Rumlar\u2019\u0131n temel hedefi K\u0131br\u0131s\u2019\u0131n Rum devleti olmas\u0131\u201d&#8230;<\/p>\n<p>Denkta\u015f\u2019\u0131n, Rumlar\u0131n K\u0131br\u0131s sorununu, Akritas Plan\u0131\u2019nda da a\u00e7\u0131k\u00e7a belirtildi\u011fi gibi Enosis a\u015fk\u0131ndan do\u011fan ve Enosis\u2019i engelleyen 1960 Antla\u015fmalar\u0131ndan ve garantilerden kurtulmak meselesi olarak g\u00f6rd\u00fcklerini her zaman dile getirdi\u011fini belirten Sava\u015fan, Cumhurba\u015fkan\u0131 Ak\u0131nc\u0131\u2019n\u0131n bu g\u00fcn yapt\u0131\u011f\u0131 konu\u015fmas\u0131nda eski Rum liderlerden Glafkos Klerides\u2019in \u201c\u0130fadem\u201d adl\u0131 kitab\u0131nda yazd\u0131\u011f\u0131 \u201cK\u0131br\u0131sl\u0131 Rumlar\u2019\u0131n temel hedefi K\u0131br\u0131s\u2019\u0131n bir K\u0131br\u0131s Rum devleti olmas\u0131, K\u0131br\u0131sl\u0131 T\u00fcrklerin de bir az\u0131nl\u0131k olarak korunmas\u0131yd\u0131. K\u0131br\u0131sl\u0131 T\u00fcrkler\u2019in temel kayg\u0131s\u0131 ise bu gibi \u00e7abalar\u0131 bertaraf etmek ve Z\u00fcrih Anla\u015fmas\u0131\u2019n\u0131n, iki toplum aras\u0131nda yaratm\u0131\u015f oldu\u011fu ortakl\u0131k kavram\u0131n\u0131 s\u00fcrd\u00fcrmekti\u201d ifadelerine yer vermesinin, Denkta\u015f\u2019\u0131n verdi\u011fi m\u00fccadelenin ve savunduklar\u0131n\u0131n do\u011frulu\u011funu bir defa daha b\u00fct\u00fcn \u00fclkeye ve d\u00fcnyaya g\u00f6sterdi\u011fini vurgulad\u0131.<\/p>\n<p>Denkta\u015f\u2019\u0131n m\u00fccadelesi s\u00fcrd\u00fcr\u00fcl\u00fcrse b\u00f6lgede bar\u0131\u015f olur&#8230;<\/p>\n<p>Denkta\u015f\u2019\u0131n, K\u0131br\u0131s T\u00fcrk Halk\u0131\u2019n\u0131n hak, e\u015fitlik ve \u00f6zg\u00fcrl\u00fck davas\u0131n\u0131, Anavatan T\u00fcrkiye ile fikir ve g\u00f6n\u00fcl birli\u011fi i\u00e7inde, b\u00fcy\u00fck bir \u00f6zveriyle savundu\u011funu belirten Sava\u015fan, m\u00fccadelenin Rauf Raif Denkta\u015f\u2019\u0131n i\u015faret etti\u011fi yolda s\u00fcrd\u00fcr\u00fclmesi halinde Ada\u2019n\u0131n b\u00f6lgede bir bar\u0131\u015f, istikrar ve refah adas\u0131 olabilece\u011fine inan\u00e7 belirtti.<\/p>\n<p>K\u0131br\u0131s T\u00fcrk Halk\u0131\u2019n\u0131n, Rauf R. Denkta\u015f&#8217;\u0131n Dr. Faz\u0131l K\u00fc\u00e7\u00fck ile y\u00fcr\u00fctt\u00fc\u011f\u00fc hakl\u0131 davan\u0131n, Adada adil, kapsaml\u0131 ve s\u00fcrd\u00fcr\u00fclebilir bir \u00e7\u00f6z\u00fcme ula\u015f\u0131lmas\u0131 ve b\u00f6lgede bar\u0131\u015f ve istikrar\u0131n egemen olarak, ger\u00e7ek bir turizm adas\u0131 haline gelinebilmesinde yol g\u00f6sterici olmas\u0131 gerekti\u011fini belirten Ahmet Sava\u015fan, \u201cMerhum Denkta\u015f&#8217;\u0131 derin bir \u00fcz\u00fcnt\u00fc ve \u00f6zlemle an\u0131yor, aziz hat\u0131ras\u0131 \u00f6n\u00fcnde sayg\u0131yla e\u011filiyoruz\u201d ifadelerini kulland\u0131.<\/p>\n","protected":false},"excerpt":{"rendered":"<p>Sa\u011fl\u0131k Turizmi Konseyi Ba\u015fkan\u0131 Yrd. Do\u00e7. Dr. Ahmet Sava\u015fan, Kurucu Cumhurba\u015fkan\u0131 Rauf Raif Denkta\u015f\u2019\u0131n 7\u2019inci \u00f6l\u00fcm y\u0131l d\u00f6n\u00fcm\u00fc nedeniyle mesaj yay\u0131mlad\u0131. Rauf Denkta\u015f\u2019\u0131n, Kuzey K\u0131br\u0131s T\u00fcrk Cumhuriyeti\u2019nin kurulu\u015funda \u00fcstlendi\u011fi siyasi rol ile sadece b\u00f6lgesel de\u011fil uluslararas\u0131 alanda bir akt\u00f6r haline geldi\u011fine i\u015faret eden Ahmet Sava\u015fan, siyasi hayat\u0131n\u0131 y\u0131llarca s\u00fcren toplumlararas\u0131 g\u00f6r\u00fc\u015fmeler, say\u0131s\u0131z BM \u00e7\u00f6z\u00fcm \u00f6nerisi, [&hellip;]<\/p>\n","protected":false},"author":1,"featured_media":10513,"comment_status":"open","ping_status":"open","sticky":false,"template":"","format":"standard","meta":{"_monsterinsights_skip_tracking":false,"_monsterinsights_sitenote_active":false,"_monsterinsights_sitenote_note":"","_monsterinsights_sitenote_category":0,"footnotes":""},"categories":[102],"tags":[],"class_list":["post-10578","post","type-post","status-publish","format-standard","has-post-thumbnail","hentry","category-haberler"],"aioseo_notices":[],"_links":{"self":[{"href":"https:\/\/ahmetsavasan.com\/tr_tr\/wp-json\/wp\/v2\/posts\/10578","targetHints":{"allow":["GET"]}}],"collection":[{"href":"https:\/\/ahmetsavasan.com\/tr_tr\/wp-json\/wp\/v2\/posts"}],"about":[{"href":"https:\/\/ahmetsavasan.com\/tr_tr\/wp-json\/wp\/v2\/types\/post"}],"author":[{"embeddable":true,"href":"https:\/\/ahmetsavasan.com\/tr_tr\/wp-json\/wp\/v2\/users\/1"}],"replies":[{"embeddable":true,"href":"https:\/\/ahmetsavasan.com\/tr_tr\/wp-json\/wp\/v2\/comments?post=10578"}],"version-history":[{"count":0,"href":"https:\/\/ahmetsavasan.com\/tr_tr\/wp-json\/wp\/v2\/posts\/10578\/revisions"}],"wp:featuredmedia":[{"embeddable":true,"href":"https:\/\/ahmetsavasan.com\/tr_tr\/wp-json\/wp\/v2\/media\/10513"}],"wp:attachment":[{"href":"https:\/\/ahmetsavasan.com\/tr_tr\/wp-json\/wp\/v2\/media?parent=10578"}],"wp:term":[{"taxonomy":"category","embeddable":true,"href":"https:\/\/ahmetsavasan.com\/tr_tr\/wp-json\/wp\/v2\/categories?post=10578"},{"taxonomy":"post_tag","embeddable":true,"href":"https:\/\/ahmetsavasan.com\/tr_tr\/wp-json\/wp\/v2\/tags?post=10578"}],"curies":[{"name":"wp","href":"https:\/\/api.w.org\/{rel}","templated":true}]}}