{"id":10581,"date":"2019-01-15T15:48:41","date_gmt":"2019-01-15T15:48:41","guid":{"rendered":"https:\/\/www.ahmetsavasan.biz\/?p=10581"},"modified":"2019-01-15T15:48:41","modified_gmt":"2019-01-15T15:48:41","slug":"kucuk-toplumsal-menfaatleri-kisisel-menfaatlerden-onde-tuttu","status":"publish","type":"post","link":"https:\/\/ahmetsavasan.com\/tr_tr\/kucuk-toplumsal-menfaatleri-kisisel-menfaatlerden-onde-tuttu\/","title":{"rendered":"K\u00fc\u00e7\u00fck, Toplumsal Menfaatleri Ki\u015fisel Menfaatlerden \u00d6nde Tuttu"},"content":{"rendered":"<p><strong>Sa\u011fl\u0131k Turizmi Konseyi Ba\u015fkan\u0131 Yrd. Do\u00e7. Dr. Ahmet Sava\u015fan K\u0131br\u0131s T\u00fcrk\u00fc\u2019n\u00fcn \u00f6zg\u00fcrl\u00fck m\u00fccadelesi Lideri Dr. Faz\u0131l K\u00fc\u00e7\u00fck\u2019\u00fcn 35\u2019inci \u00f6l\u00fcm y\u0131l d\u00f6n\u00fcm\u00fc nedeniyle mesaj yay\u0131mlad\u0131.<\/strong><\/p>\n<p>Dr. K\u00fc\u00e7\u00fck\u2019\u00fcn K\u0131br\u0131s olaylar\u0131n\u0131n D\u00fcnya \u00e7ap\u0131nda yank\u0131 buldu\u011fu ve tarihte iz b\u0131rakt\u0131\u011f\u0131 \u00f6nemli bir zaman kesitine \u201cK\u0131br\u0131sl\u0131 T\u00fcrk Lider\u201d olarak damgas\u0131n\u0131 vurdu\u011funu belirten Ahmet Sava\u015fan, K\u00fc\u00e7\u00fck\u2019\u00fcn hayat\u0131 boyunca toplumsal menfaatleri ki\u015fisel menfaatlerden \u00f6nde tuttu\u011funun alt\u0131n\u0131 \u00e7izdi.<\/p>\n<p><strong>K\u00dc\u00c7\u00dcK\u2019\u00dcN Y\u00dcREKLERDE S\u0130L\u0130NMEZ B\u0130R YER\u0130 VAR&#8230;<\/strong><\/p>\n<p>1931 y\u0131l\u0131nda muhtelif gazetelerde k\u00f6\u015fe yazarl\u0131\u011f\u0131 yapmaya ba\u015flayan ve 1943 y\u0131l\u0131ndan itibaren de \u00e7\u0131karmaya ba\u015flad\u0131\u011f\u0131 Halk\u0131n Sesi gazetesiyle halk\u0131 ayd\u0131nlatma ve \u00f6rg\u00fctleme yolunda b\u00fcy\u00fck bir \u00e7aba g\u00f6steren Dr. K\u00fc\u00e7\u00fck, hekimlik ve fikir adaml\u0131\u011f\u0131 yan\u0131nda iyi bir te\u015fkilat\u00e7\u0131 oldu\u011funu bir\u00e7ok savunma \u00f6rg\u00fct\u00fc kuruculu\u011funa \u00f6nderlik ederek de ispatlam\u0131\u015ft\u0131r\u201d diyen Sava\u015fan, Dr. Faz\u0131l K\u00fc\u00e7\u00fck\u2019\u00fcn halk\u00e7\u0131l\u0131\u011f\u0131, m\u00fccadele azmi ve \u00f6zverisiyle y\u00fcreklerde silinmez yer edinen ve tarihinin en kritik d\u00f6neminde K\u0131br\u0131s T\u00fcrk Halk\u0131\u2019n\u0131n liderli\u011fini cesaretle \u00fcstlenen e\u015fine zor rastlanan bir kahraman oldu\u011funu vurgulad\u0131.<\/p>\n<p><strong>BM\u2019N\u0130N SONU\u00c7 ODAKLI B\u0130R S\u00dcREC\u0130 BA\u015eLATMASI GEREK\u0130YOR&#8230;<\/strong><\/p>\n<p>Dr. K\u00fc\u00e7\u00fck\u2019\u00fcn T\u00fcrkiye olmadan K\u0131br\u0131s T\u00fcrk Halk\u0131\u2019n\u0131n var olamayaca\u011f\u0131n\u0131 her zaman dile getirdi\u011fine i\u015faret eden Sava\u015fan, K\u00fc\u00e7\u00fck\u2019\u00fcn varolu\u015f m\u00fccadelesini \u00f6rg\u00fctleyerek ENOS\u0130S\u2019e kararl\u0131l\u0131kla kar\u015f\u0131 durdu\u011funu ve Kuzey K\u0131br\u0131s T\u00fcrk Cumhuriyeti\u2019ne giden yolu a\u00e7t\u0131\u011f\u0131n\u0131 ifade etti.<\/p>\n<p>K\u0131br\u0131s T\u00fcrk Halk\u0131 i\u00e7in \u00f6nc\u00fc bir lider olan Dr. Faz\u0131l K\u00fc\u00e7\u00fck\u2019\u00fcn m\u00fccadelesinin iyi anla\u015f\u0131lmas\u0131 ve yeti\u015fen nesillere de anlat\u0131lmas\u0131 gerekti\u011finin alt\u0131n\u0131 \u00e7izen Ahmet Sava\u015fan, Adada adil, kapsaml\u0131 ve s\u00fcrd\u00fcr\u00fclebilir bir \u00e7\u00f6z\u00fcme ula\u015f\u0131lmas\u0131 ve b\u00f6lgede bar\u0131\u015f ile istikrar\u0131n egemen olabilmesi i\u00e7in BM\u2019nin ger\u00e7ekleri g\u00f6rerek takvimlenmi\u015f ve sonu\u00e7 odakl\u0131 bir s\u00fcreci ba\u015flatmas\u0131 gerekti\u011finin alt\u0131n\u0131 \u00e7izdi.<\/p>\n<p>Sava\u015fan mesaj\u0131n\u0131n sonunda, Merhum Dr. Faz\u0131l K\u00fc\u00e7\u00fck\u2019\u00fc derin bir \u00fcz\u00fcnt\u00fc ve \u00f6zlemle an\u0131yor, kutsal hat\u0131ras\u0131 \u00f6n\u00fcnde sayg\u0131yla e\u011filiyoruz\u201d ifadelerini kulland\u0131.<\/p>\n","protected":false},"excerpt":{"rendered":"<p>Sa\u011fl\u0131k Turizmi Konseyi Ba\u015fkan\u0131 Yrd. Do\u00e7. Dr. Ahmet Sava\u015fan K\u0131br\u0131s T\u00fcrk\u00fc\u2019n\u00fcn \u00f6zg\u00fcrl\u00fck m\u00fccadelesi Lideri Dr. Faz\u0131l K\u00fc\u00e7\u00fck\u2019\u00fcn 35\u2019inci \u00f6l\u00fcm y\u0131l d\u00f6n\u00fcm\u00fc nedeniyle mesaj yay\u0131mlad\u0131. Dr. K\u00fc\u00e7\u00fck\u2019\u00fcn K\u0131br\u0131s olaylar\u0131n\u0131n D\u00fcnya \u00e7ap\u0131nda yank\u0131 buldu\u011fu ve tarihte iz b\u0131rakt\u0131\u011f\u0131 \u00f6nemli bir zaman kesitine \u201cK\u0131br\u0131sl\u0131 T\u00fcrk Lider\u201d olarak damgas\u0131n\u0131 vurdu\u011funu belirten Ahmet Sava\u015fan, K\u00fc\u00e7\u00fck\u2019\u00fcn hayat\u0131 boyunca toplumsal menfaatleri ki\u015fisel [&hellip;]<\/p>\n","protected":false},"author":1,"featured_media":10536,"comment_status":"open","ping_status":"open","sticky":false,"template":"","format":"standard","meta":{"_monsterinsights_skip_tracking":false,"_monsterinsights_sitenote_active":false,"_monsterinsights_sitenote_note":"","_monsterinsights_sitenote_category":0,"footnotes":""},"categories":[102],"tags":[],"class_list":["post-10581","post","type-post","status-publish","format-standard","has-post-thumbnail","hentry","category-haberler"],"aioseo_notices":[],"_links":{"self":[{"href":"https:\/\/ahmetsavasan.com\/tr_tr\/wp-json\/wp\/v2\/posts\/10581","targetHints":{"allow":["GET"]}}],"collection":[{"href":"https:\/\/ahmetsavasan.com\/tr_tr\/wp-json\/wp\/v2\/posts"}],"about":[{"href":"https:\/\/ahmetsavasan.com\/tr_tr\/wp-json\/wp\/v2\/types\/post"}],"author":[{"embeddable":true,"href":"https:\/\/ahmetsavasan.com\/tr_tr\/wp-json\/wp\/v2\/users\/1"}],"replies":[{"embeddable":true,"href":"https:\/\/ahmetsavasan.com\/tr_tr\/wp-json\/wp\/v2\/comments?post=10581"}],"version-history":[{"count":0,"href":"https:\/\/ahmetsavasan.com\/tr_tr\/wp-json\/wp\/v2\/posts\/10581\/revisions"}],"wp:featuredmedia":[{"embeddable":true,"href":"https:\/\/ahmetsavasan.com\/tr_tr\/wp-json\/wp\/v2\/media\/10536"}],"wp:attachment":[{"href":"https:\/\/ahmetsavasan.com\/tr_tr\/wp-json\/wp\/v2\/media?parent=10581"}],"wp:term":[{"taxonomy":"category","embeddable":true,"href":"https:\/\/ahmetsavasan.com\/tr_tr\/wp-json\/wp\/v2\/categories?post=10581"},{"taxonomy":"post_tag","embeddable":true,"href":"https:\/\/ahmetsavasan.com\/tr_tr\/wp-json\/wp\/v2\/tags?post=10581"}],"curies":[{"name":"wp","href":"https:\/\/api.w.org\/{rel}","templated":true}]}}