{"id":11088,"date":"2019-12-29T13:18:16","date_gmt":"2019-12-29T13:18:16","guid":{"rendered":"https:\/\/www.ahmetsavasan.biz\/?p=11088"},"modified":"2025-08-29T12:24:14","modified_gmt":"2025-08-29T12:24:14","slug":"savasan-thtc-genel-kurulunda-kktcyi-temsil-etti","status":"publish","type":"post","link":"https:\/\/ahmetsavasan.com\/tr_tr\/savasan-thtc-genel-kurulunda-kktcyi-temsil-etti\/","title":{"rendered":"Sava\u015fan THTC Genel Kurulunda KKTC\u2019yi Temsil Etti"},"content":{"rendered":"<p><strong>K\u0131br\u0131s Sa\u011fl\u0131k Turizmi Konseyi Ba\u015fkan\u0131 Dr. Ahmet Sava\u015fan 92 \u00fclkede 166 network ofisi ile alan\u0131nda D\u00fcnya\u2019n\u0131n en geni\u015f a\u011f\u0131na sahip T\u00fcrkiye Sa\u011fl\u0131k Turizmini Geli\u015ftirme Konseyi\u2019nin (THTC) \u0130stanbul\u2019da ger\u00e7ekle\u015fen Genel Kurulu\u2019na Kuzey K\u0131br\u0131s T\u00fcrk Cumhuriyeti\u2019ni temsilen kat\u0131ld\u0131.<\/strong><\/p>\n<div class=\"news-content mt-4\">\n<p>K\u0131br\u0131s Sa\u011fl\u0131k Turizmi Konseyi\u2019nden yap\u0131lan a\u00e7\u0131klamaya g\u00f6re; T\u00fcrkiye Sa\u011fl\u0131k Turizmini Geli\u015ftirme Konseyi\u2019nin 7. D\u00f6nem \u0130cra Kurulu Ba\u015fkanl\u0131\u011f\u0131\u2019n\u0131 Romatem Hastaneler Grubu Ba\u015fkan\u0131 Dr. K\u00f6ksal Holo\u011flu\u2019nun, Liv Hospital Grup Koordinat\u00f6r\u00fc Meri \u0130stiroti\u2019den devrald\u0131\u011f\u0131 ve Onursal Ba\u015fkanl\u0131k g\u00f6revine de TC Turizm ve Sa\u011fl\u0131k eski Bakan\u0131 B\u00fclent Akarcal\u0131\u2019n\u0131n getirildi\u011fi genel kurula KKTC\u2019yi temsilen \u00fcye \u00fclke temsilcisi s\u0131fat\u0131 ile Dr. <span class=\"marked\">Ahmet Sava\u015fan<\/span>\u2019\u0131n kat\u0131ld\u0131\u011f\u0131 ve ayr\u0131ca Kuzey K\u0131br\u0131s\u2019\u0131n Sa\u011fl\u0131k Turizmi olanaklar\u0131 konusunda da bir konu\u015fma yapt\u0131\u011f\u0131na yer verildi.<\/p>\n<p><strong>\u00c7akmak, varl\u0131\u011f\u0131m\u0131z\u0131 g\u00f6stermemizde belirleyici oldu\u2026.<\/strong><\/p>\n<p>Konu\u015fmas\u0131na, gerek Kuzey K\u0131br\u0131s\u2019ta Sa\u011fl\u0131k Turizmi\u2019nin kurumsalla\u015fma s\u00fcrecinin ba\u015flat\u0131lmas\u0131nda, gerekse de Kuzey K\u0131br\u0131s T\u00fcrk Cumhuriyeti\u2019nin D\u00fcnya Sa\u011fl\u0131k Turizmi Konseyi\u2019ne \u00fcye yap\u0131larak Ba\u015fkan Yard\u0131mc\u0131s\u0131 \u00fclke s\u0131fat\u0131 ilk uluslararas\u0131 platformlarda varl\u0131k g\u00f6sterebilmesinde belirleyici rol\u00fc bulunan THTC Kurucu Ba\u015fkan\u0131 Emin \u00c7akmak\u2019a te\u015fekk\u00fcr eden Dr. <span class=\"marked\">Ahmet Sava\u015fan<\/span>, nitelikli bir kadro kurarak proaktif bir y\u00f6netim anlay\u0131\u015f\u0131 ile hareket edece\u011fini ifade eden Dr. K\u00f6ksal Holo\u011flu\u2019nun THTC\u2019nin 7. d\u00f6nem ba\u015fkan\u0131 se\u00e7ilmesinden duydu\u011fu memnuniyeti dile getirdi.<\/p>\n<p><strong>THTC ile i\u015fbirli\u011fimizi geli\u015ftirece\u011fiz\u2026<\/strong><\/p>\n<p>Kuzey K\u0131br\u0131s T\u00fcrk Cumhuriyeti\u2019nin her alanda oldu\u011fu gibi genelde turizm, \u00f6zelde ise Sa\u011fl\u0131k Turizmi alan\u0131nda Anavatan T\u00fcrkiye\u2019nin deste\u011fi ile \u00f6nemli mesafe ald\u0131\u011f\u0131n\u0131 dile getiren Sava\u015fan, THTC ile s\u00fcregelen i\u015fbirli\u011finin yeni d\u00f6nemde geli\u015ftirilerek devam edece\u011fine inan\u00e7 belirtti.<\/p>\n<p><strong>Sa\u011fl\u0131k Turizmi\u2019nde i\u015fbirli\u011finin art\u0131r\u0131lmas\u0131 \u00e7a\u011fr\u0131s\u0131 yap\u0131ld\u0131\u2026<\/strong><\/p>\n<p>Kuzey K\u0131br\u0131s\u2019\u0131n co\u011frafi konumu, tarihi, turistik ve insani \u00f6zellikleri yan\u0131 s\u0131ra, t\u00fcp bebek merkezlerindeki y\u00fcksek ba\u015far\u0131 oranlar\u0131 , \u00f6zel ve \u00fcniversite hastanelerindeki son teknoloji cihazlar\u0131, g\u00fcncel bilgi kullanan uzman hekimleri, uluslararas\u0131 akreditasyonlar\u0131na ek olarak otellerinde sunulan medikal welness, spa uygulamalar\u0131 ve ileri ya\u015f ve engelli turizminde sahip oldu\u011fu potansiyeli ile birle\u015ftirdi\u011fi fiyat avantajlar\u0131 sayesinde sa\u011fl\u0131k turizminde tercih edilmek i\u00e7in gereken b\u00fct\u00fcn \u00f6zelliklere sahip oldu\u011funu vurgulayan Dr. <span class=\"marked\">Ahmet Sava\u015fan<\/span>, konu\u015fmas\u0131n\u0131n sonunda THTC \u00fcyelerine Kuzey K\u0131br\u0131s\u2019a daha fazla sa\u011fl\u0131k turisti g\u00f6nderilmesi konusunda i\u015fbirli\u011finin art\u0131r\u0131lmas\u0131 \u00e7a\u011fr\u0131s\u0131nda bulundu.<\/p>\n<p><strong>2020 yol haritas\u0131n\u0131n belirlenmesi \u00e7al\u0131\u015fmalar\u0131na kat\u0131ld\u0131k\u2026<\/strong><\/p>\n<p>\u0130stanbul temaslar\u0131 kapsam\u0131nda, T\u00fcrkiye Ticaret Bakanl\u0131\u011f\u0131 Temsilcisi yan\u0131 s\u0131ra T\u00fcrkiye\u2019nin d\u00f6rt bir yan\u0131ndan gelen konsey \u00fcyeleri ile turizmin marka isimlerinden H\u00fcseyin Baraner\u2019in de i\u00e7inde bulundu\u011fu 200\u2019e yak\u0131n turizm profesyoneli ile birlikte Sa\u011fl\u0131k Turizmi\u2019nde fiyatland\u0131rma stratejileri, bilimsel, finans ve etik kurullar\u0131n olu\u015fturulmas\u0131, hasta hedefli fuarlara kat\u0131l\u0131m gibi pek \u00e7ok konunun ele al\u0131nd\u0131\u011f\u0131 isti\u015fare toplant\u0131s\u0131na da kat\u0131lan <span class=\"marked\">Ahmet Sava\u015fan<\/span>, Sa\u011fl\u0131k Turizmi\u2019nde 2020 yol haritas\u0131n\u0131n belirlenmesi \u00e7al\u0131\u015fmalar\u0131na da katk\u0131da bulundu.<\/p>\n<\/div>\n","protected":false},"excerpt":{"rendered":"<p>K\u0131br\u0131s Sa\u011fl\u0131k Turizmi Konseyi Ba\u015fkan\u0131 Dr. Ahmet Sava\u015fan 92 \u00fclkede 166 network ofisi ile alan\u0131nda D\u00fcnya\u2019n\u0131n en geni\u015f a\u011f\u0131na sahip T\u00fcrkiye Sa\u011fl\u0131k Turizmini Geli\u015ftirme Konseyi\u2019nin (THTC) \u0130stanbul\u2019da ger\u00e7ekle\u015fen Genel Kurulu\u2019na Kuzey K\u0131br\u0131s T\u00fcrk Cumhuriyeti\u2019ni temsilen kat\u0131ld\u0131. K\u0131br\u0131s Sa\u011fl\u0131k Turizmi Konseyi\u2019nden yap\u0131lan a\u00e7\u0131klamaya g\u00f6re; T\u00fcrkiye Sa\u011fl\u0131k Turizmini Geli\u015ftirme Konseyi\u2019nin 7. D\u00f6nem \u0130cra Kurulu Ba\u015fkanl\u0131\u011f\u0131\u2019n\u0131 Romatem Hastaneler [&hellip;]<\/p>\n","protected":false},"author":1,"featured_media":11357,"comment_status":"open","ping_status":"open","sticky":false,"template":"","format":"standard","meta":{"_monsterinsights_skip_tracking":false,"_monsterinsights_sitenote_active":false,"_monsterinsights_sitenote_note":"","_monsterinsights_sitenote_category":0,"footnotes":""},"categories":[140],"tags":[],"class_list":["post-11088","post","type-post","status-publish","format-standard","has-post-thumbnail","hentry","category-chtc"],"aioseo_notices":[],"_links":{"self":[{"href":"https:\/\/ahmetsavasan.com\/tr_tr\/wp-json\/wp\/v2\/posts\/11088","targetHints":{"allow":["GET"]}}],"collection":[{"href":"https:\/\/ahmetsavasan.com\/tr_tr\/wp-json\/wp\/v2\/posts"}],"about":[{"href":"https:\/\/ahmetsavasan.com\/tr_tr\/wp-json\/wp\/v2\/types\/post"}],"author":[{"embeddable":true,"href":"https:\/\/ahmetsavasan.com\/tr_tr\/wp-json\/wp\/v2\/users\/1"}],"replies":[{"embeddable":true,"href":"https:\/\/ahmetsavasan.com\/tr_tr\/wp-json\/wp\/v2\/comments?post=11088"}],"version-history":[{"count":1,"href":"https:\/\/ahmetsavasan.com\/tr_tr\/wp-json\/wp\/v2\/posts\/11088\/revisions"}],"predecessor-version":[{"id":20262,"href":"https:\/\/ahmetsavasan.com\/tr_tr\/wp-json\/wp\/v2\/posts\/11088\/revisions\/20262"}],"wp:featuredmedia":[{"embeddable":true,"href":"https:\/\/ahmetsavasan.com\/tr_tr\/wp-json\/wp\/v2\/media\/11357"}],"wp:attachment":[{"href":"https:\/\/ahmetsavasan.com\/tr_tr\/wp-json\/wp\/v2\/media?parent=11088"}],"wp:term":[{"taxonomy":"category","embeddable":true,"href":"https:\/\/ahmetsavasan.com\/tr_tr\/wp-json\/wp\/v2\/categories?post=11088"},{"taxonomy":"post_tag","embeddable":true,"href":"https:\/\/ahmetsavasan.com\/tr_tr\/wp-json\/wp\/v2\/tags?post=11088"}],"curies":[{"name":"wp","href":"https:\/\/api.w.org\/{rel}","templated":true}]}}