{"id":11092,"date":"2019-12-22T13:20:12","date_gmt":"2019-12-22T13:20:12","guid":{"rendered":"https:\/\/www.ahmetsavasan.biz\/?p=11092"},"modified":"2019-12-22T13:20:12","modified_gmt":"2019-12-22T13:20:12","slug":"savasan-21-25-aralik-gerceklerini-dunyaya-anlatmaliyiz","status":"publish","type":"post","link":"https:\/\/ahmetsavasan.com\/tr_tr\/savasan-21-25-aralik-gerceklerini-dunyaya-anlatmaliyiz\/","title":{"rendered":"21-25 Aral\u0131k ger\u00e7eklerini D\u00fcnya\u2019ya anlatmal\u0131y\u0131z!"},"content":{"rendered":"<p><strong>21-25 Aral\u0131k Milli M\u00fccadele ve \u015eehitler Haftas\u0131 dolay\u0131s\u0131yla mesaj yay\u0131nlayan Sa\u011fl\u0131k Turizmi Konseyi Ba\u015fkan\u0131 Dr. Ahmet Sava\u015fan, bu haftan\u0131n K\u0131br\u0131s\u2019ta ya\u015fanan ac\u0131 ger\u00e7ekleri ve KKTC\u2019nin kurulmas\u0131n\u0131 zorlayan \u015fartlar\u0131 D\u00fcnya\u2019ya hat\u0131rlatmak i\u00e7in f\u0131rsat yaratt\u0131\u011f\u0131n\u0131 vurgulad\u0131.<\/strong><\/p>\n<p>&nbsp;<\/p>\n<div class=\"news-content mt-4\">\n<p>21-25 Aral\u0131k ger\u00e7eklerini ve ya\u015fatt\u0131\u011f\u0131 ac\u0131lar\u0131 ba\u015fta gen\u00e7lere ve \u00fclke insanlar\u0131 ile D\u00fcnya\u2019ya anlat\u0131lmas\u0131n\u0131n \u00f6nemine i\u015faret eden Dr. <span class=\"marked\">Ahmet Sava\u015fan<\/span>, \u201cK\u0131br\u0131s T\u00fcrklerini yok etmek ve Ada&#8217;y\u0131 Yunanistan\u2019a ba\u011flamak amac\u0131 ile Akritas plan\u0131n\u0131 y\u00fcr\u00fcrl\u00fc\u011fe koyan, K\u0131br\u0131s Cumhuriyeti\u2019ni i\u015fgal eden, K\u0131br\u0131sl\u0131 T\u00fcrkleri h\u00fck\u00fcmetten atarak, on binlerce ki\u015fiyi g\u00f6\u00e7 etmek zorunda b\u0131rakan taraf\u0131n Yunanistan destekli Rumlar oldu\u011fu ger\u00e7e\u011fini sadece bu \u00f6nemli haftada de\u011fil, her zaman D\u00fcnya\u2019ya hat\u0131rlat\u0131lmal\u0131 ve K\u0131br\u0131s T\u00fcrk Halk\u0131\u2019na ba\u015fka \u00e7are b\u0131rak\u0131lmad\u0131\u011f\u0131 i\u00e7in KKTC\u2019nin kuruldu\u011funun her platformda anlat\u0131lma gerekiyor\u201d dedi.<\/p>\n<p><strong>\u00c7\u00f6z\u00fcms\u00fczl\u00fc\u011f\u00fcn sebebi Rumlar\u2026<\/strong><\/p>\n<p>Payla\u015f\u0131m ve ortakl\u0131k temelinde bir Federasyon\u2019un kurulamamas\u0131n\u0131n nedeninin G\u00fcney K\u0131br\u0131s Rum Y\u00f6netimi oldu\u011funun alt\u0131n\u0131 \u00e7izen Sava\u015fan, \u201cy\u00f6netimi ve zenginli\u011fi payla\u015fmak istemeyen Rum taraf\u0131n\u0131n tutumu nedeni ile K\u0131br\u0131s\u2019ta federal temelde bir anla\u015fma yap\u0131lmas\u0131n\u0131n m\u00fcmk\u00fcn olamad\u0131\u011f\u0131 yar\u0131m as\u0131rd\u0131r ya\u015fanan pek \u00e7ok s\u00fcre\u00e7te ve en son da Crans Montana\u2019da ortaya \u00e7\u0131km\u0131\u015ft\u0131r. Bu sonu\u00e7 gerek Crans Montana\u2019da Anastasiadis\u2019in \u2018yetkiyi payla\u015fmakta Rum toplumu haz\u0131r de\u011fil. Art\u0131k iki devletli bir \u00e7\u00f6z\u00fcm\u00fcn g\u00fcndeme gelmesi gerekiyor\u2019 s\u00f6ylemleri, gerekse de Cumhurba\u015fkan\u0131 Ak\u0131nc\u0131\u2019n\u0131n \u2018bu bizim neslin son denemesi idi. Ba\u015faramad\u0131k. Rumlar\u0131n zihniyet de\u011fi\u015ftirmesine gereksinim var, ama hi\u00e7 bir zihniyet de\u011fi\u015fimi yok\u2019 demesi ile de teyit edilmi\u015ftir\u201d ifadelerini kulland\u0131.<\/p>\n<p><strong>BM adadaki stat\u00fckonun devam\u0131na hizmet ediyor\u2026<\/strong><\/p>\n<p>B\u00fct\u00fcn bu geli\u015fmelere ra\u011fmen BM\u2019nin Berlin\u2019de yine sonu\u00e7suz kalmaya mahkum bir s\u00fcre\u00e7 ba\u015flamaya \u00e7al\u0131\u015fmas\u0131n\u0131n Rum taraf\u0131n\u0131n stat\u00fckosunu peki\u015ftirmeye ve K\u0131br\u0131s T\u00fcrk Halk\u0131\u2019n\u0131 da haks\u0131z ambargolar alt\u0131nda ya\u015famaya zorlamaktan ba\u015fka bir \u015feye hizmet etmedi\u011fine i\u015faret eden <span class=\"marked\">Ahmet Sava\u015fan<\/span>, \u201cD\u00fcnya K\u0131br\u0131s\u2019taki stat\u00fckoyu yaratan\u0131n ve hadiseler yaratarak unutulmaz ac\u0131lar ya\u015fatan taraf\u0131n Rumlar oldu\u011funun art\u0131k kabul etmelidir. BM\u2019nin, K\u0131br\u0131s\u2019ta 56 y\u0131ld\u0131r kal\u0131c\u0131 bir antla\u015fma yap\u0131lamamas\u0131n\u0131n sorumlusunun G\u00fcney K\u0131br\u0131s Rum Y\u00f6netimi oldu\u011funu g\u00f6rerek \u00a0K\u0131br\u0131s T\u00fcrk Halk\u0131 ile devletimize uygulanan haks\u0131z ambargolar\u0131n kald\u0131r\u0131lmas\u0131 i\u00e7in ad\u0131m atma zaman\u0131 gelmi\u015ftir\u201d dedi<\/p>\n<p><strong>\u0130htiyac\u0131m\u0131z yeni bir d\u00fczenin tam anlam\u0131 ile yarat\u0131lmas\u0131d\u0131r\u2026.<\/strong><\/p>\n<p>21-25 Aral\u0131k s\u00fcrecinin \u00e7ok b\u00fcy\u00fck ac\u0131lar\u0131 i\u00e7inde bar\u0131nd\u0131ran onurlu bir direni\u015f oldu\u011funu belirten Sava\u015fan, \u201cbu g\u00fcn K\u0131br\u0131s T\u00fcrk Halk\u0131 olarak adadaki varl\u0131\u011f\u0131m\u0131z\u0131 s\u00fcrd\u00fcrebiliyorsak, tan\u0131nmasa da devletimiz sayesinde pek \u00e7ok kazan\u0131m elde edebiliyorsak bunu Aziz \u015fehitlerimize, gazilerimize ve mukavemet\u00e7i \u00fclke insan\u0131m\u0131z ile T\u00fcrkiyemize bor\u00e7luyuz. \u0130htiyac\u0131m\u0131z olan adada ya\u015fanan ac\u0131lardan ders \u00e7\u0131karmak ve siyasette istikrar\u0131n yakalanmas\u0131 ve \u00fclke ekonomisinin geli\u015ftirilerek, sa\u011fl\u0131ktan e\u011fitime, tar\u0131mdan ticarete hayat\u0131n b\u00fct\u00fcn alanlar\u0131nda mutlu olaca\u011f\u0131m\u0131z yeni bir d\u00fczenin tam anlam\u0131 ile yarat\u0131lmas\u0131 i\u00e7in \u0131srarl\u0131 olmakt\u0131r. Bu duygu ve d\u00fc\u015f\u00fcncelerle, bu \u00f6nemli haftada,\u00a0 K\u0131br\u0131s T\u00fcrk Halk\u0131&#8217;n\u0131n \u00f6zg\u00fcrl\u00fc\u011f\u00fc i\u00e7in can\u0131n\u0131 veren \u015fehitlerimizi rahmet, gazilerimizi de \u015f\u00fckranla an\u0131yorum\u201d ifadelerini kulland\u0131.<\/p>\n<\/div>\n","protected":false},"excerpt":{"rendered":"<p>21-25 Aral\u0131k Milli M\u00fccadele ve \u015eehitler Haftas\u0131 dolay\u0131s\u0131yla mesaj yay\u0131nlayan Sa\u011fl\u0131k Turizmi Konseyi Ba\u015fkan\u0131 Dr. Ahmet Sava\u015fan, bu haftan\u0131n K\u0131br\u0131s\u2019ta ya\u015fanan ac\u0131 ger\u00e7ekleri ve KKTC\u2019nin kurulmas\u0131n\u0131 zorlayan \u015fartlar\u0131 D\u00fcnya\u2019ya hat\u0131rlatmak i\u00e7in f\u0131rsat yaratt\u0131\u011f\u0131n\u0131 vurgulad\u0131. &nbsp; 21-25 Aral\u0131k ger\u00e7eklerini ve ya\u015fatt\u0131\u011f\u0131 ac\u0131lar\u0131 ba\u015fta gen\u00e7lere ve \u00fclke insanlar\u0131 ile D\u00fcnya\u2019ya anlat\u0131lmas\u0131n\u0131n \u00f6nemine i\u015faret eden Dr. Ahmet Sava\u015fan, [&hellip;]<\/p>\n","protected":false},"author":1,"featured_media":11295,"comment_status":"open","ping_status":"open","sticky":false,"template":"","format":"standard","meta":{"_monsterinsights_skip_tracking":false,"_monsterinsights_sitenote_active":false,"_monsterinsights_sitenote_note":"","_monsterinsights_sitenote_category":0,"footnotes":""},"categories":[102],"tags":[],"class_list":["post-11092","post","type-post","status-publish","format-standard","has-post-thumbnail","hentry","category-haberler"],"aioseo_notices":[],"_links":{"self":[{"href":"https:\/\/ahmetsavasan.com\/tr_tr\/wp-json\/wp\/v2\/posts\/11092","targetHints":{"allow":["GET"]}}],"collection":[{"href":"https:\/\/ahmetsavasan.com\/tr_tr\/wp-json\/wp\/v2\/posts"}],"about":[{"href":"https:\/\/ahmetsavasan.com\/tr_tr\/wp-json\/wp\/v2\/types\/post"}],"author":[{"embeddable":true,"href":"https:\/\/ahmetsavasan.com\/tr_tr\/wp-json\/wp\/v2\/users\/1"}],"replies":[{"embeddable":true,"href":"https:\/\/ahmetsavasan.com\/tr_tr\/wp-json\/wp\/v2\/comments?post=11092"}],"version-history":[{"count":0,"href":"https:\/\/ahmetsavasan.com\/tr_tr\/wp-json\/wp\/v2\/posts\/11092\/revisions"}],"wp:featuredmedia":[{"embeddable":true,"href":"https:\/\/ahmetsavasan.com\/tr_tr\/wp-json\/wp\/v2\/media\/11295"}],"wp:attachment":[{"href":"https:\/\/ahmetsavasan.com\/tr_tr\/wp-json\/wp\/v2\/media?parent=11092"}],"wp:term":[{"taxonomy":"category","embeddable":true,"href":"https:\/\/ahmetsavasan.com\/tr_tr\/wp-json\/wp\/v2\/categories?post=11092"},{"taxonomy":"post_tag","embeddable":true,"href":"https:\/\/ahmetsavasan.com\/tr_tr\/wp-json\/wp\/v2\/tags?post=11092"}],"curies":[{"name":"wp","href":"https:\/\/api.w.org\/{rel}","templated":true}]}}