{"id":11110,"date":"2020-01-15T06:09:29","date_gmt":"2020-01-15T06:09:29","guid":{"rendered":"https:\/\/www.ahmetsavasan.biz\/?p=11110"},"modified":"2020-01-15T06:09:29","modified_gmt":"2020-01-15T06:09:29","slug":"savasan-dr-kucuk-kktcye-giden-yolu-acan-oncu-bir-liderdir","status":"publish","type":"post","link":"https:\/\/ahmetsavasan.com\/tr_tr\/savasan-dr-kucuk-kktcye-giden-yolu-acan-oncu-bir-liderdir\/","title":{"rendered":"Dr. K\u00fc\u00e7\u00fck, KKTC\u2019ye Giden Yolu A\u00e7an \u00d6nc\u00fc Bir Liderdir"},"content":{"rendered":"<h2>Sa\u011fl\u0131k Turizmi Konseyi Ba\u015fkan\u0131 Dr. Ahmet Sava\u015fan,\u00a0 Dr. Faz\u0131l K\u00fc\u00e7\u00fck\u2019\u00fcn \u00f6l\u00fcm\u00fcn\u00fcn 36\u2019\u0131nc\u0131 y\u0131ld\u00f6n\u00fcm\u00fcnde mesaj yay\u0131mlad\u0131.<\/h2>\n<p>Sa\u011fl\u0131k Turizmi Konseyi Ba\u015fkan\u0131 Dr.\u00a0<span class=\"marked\">Ahmet Sava\u015fan<\/span>,\u00a0 Dr. Faz\u0131l K\u00fc\u00e7\u00fck\u2019\u00fcn \u00f6l\u00fcm\u00fcn\u00fcn 36\u2019nc\u0131 y\u0131ld\u00f6n\u00fcm\u00fcnde mesaj yay\u0131mlayarak T\u00fcrkiye olmadan K\u0131br\u0131s T\u00fcrk halk\u0131n\u0131n var olamayaca\u011f\u0131n\u0131 ortaya koyarak varolu\u015f m\u00fccadelesini \u00f6rg\u00fctleyen Dr. Faz\u0131l K\u00fc\u00e7\u00fck\u2019\u00fcn, ENOS\u0130S\u2019e b\u00fcy\u00fck bir cesaretle kar\u015f\u0131 \u00e7\u0131kt\u0131\u011f\u0131n\u0131 belirtti.<\/p>\n<p>Dr. K\u00fc\u00e7\u00fck\u2019\u00fcn K\u0131br\u0131s olaylar\u0131n\u0131n d\u00fcnya \u00e7ap\u0131nda yank\u0131 buldu\u011fu ve tarihte iz b\u0131rakt\u0131\u011f\u0131 \u00f6nemli bir zaman kesitine \u201cK\u0131br\u0131sl\u0131 T\u00fcrk Lider\u201d olarak damgas\u0131n\u0131 vurdu\u011funu belirten\u00a0<span class=\"marked\">Ahmet Sava\u015fan<\/span>, K\u00fc\u00e7\u00fck\u2019\u00fcn hayat\u0131 boyunca toplumsal menfaatleri ki\u015fisel menfaatlerden \u00f6nde tuttu\u011funun alt\u0131n\u0131 \u00e7izdi.<\/p>\n<p><strong>K\u00dc\u00c7\u00dcK&#8217;\u00dcN YER\u0130 Y\u00dcREKLERDEN S\u0130L\u0130NEMEZ<\/strong><\/p>\n<p>1931 y\u0131l\u0131nda muhtelif gazetelerde k\u00f6\u015fe yazarl\u0131\u011f\u0131 yapmaya ba\u015flayan ve 1943 y\u0131l\u0131ndan itibaren de \u00e7\u0131karmaya ba\u015flad\u0131\u011f\u0131 Halk\u0131n Sesi gazetesiyle halk\u0131 ayd\u0131nlatma ve \u00f6rg\u00fctleme yolunda b\u00fcy\u00fck bir \u00e7aba g\u00f6steren Dr. K\u00fc\u00e7\u00fck, hekimlik ve fikir adaml\u0131\u011f\u0131 yan\u0131nda iyi bir te\u015fkilat\u00e7\u0131 oldu\u011funu bir\u00e7ok savunma \u00f6rg\u00fct\u00fc kuruculu\u011funa \u00f6nderlik ederek de ispatlam\u0131\u015ft\u0131r&#8221; diyen Sava\u015fan, Dr. Faz\u0131l K\u00fc\u00e7\u00fck&#8217;\u00fcn halk\u00e7\u0131l\u0131\u011f\u0131, m\u00fccadele azmi ve \u00f6zverisiyle y\u00fcreklerde silinmez yer edinen ve tarihinin en kritik d\u00f6neminde K\u0131br\u0131s T\u00fcrk Halk\u0131&#8217;n\u0131n liderli\u011fini cesaretle \u00fcstlenen e\u015fine zor rastlanan bir kahraman oldu\u011funu vurgulad\u0131.<\/p>\n<p>K\u00fc\u00e7\u00fck\u2019\u00fcn KKTC\u2019ye giden yolu a\u00e7an b\u00fcy\u00fck bir lider ve unutulmaz devlet adam\u0131 oldu\u011funa dikkat \u00e7eken Sava\u015fan, K\u00fc\u00e7\u00fck\u2019\u00fcn hayat\u0131n\u0131 K\u0131br\u0131s T\u00fcrkleri\u2019nin varl\u0131\u011f\u0131n\u0131 korumaya adad\u0131\u011f\u0131n\u0131 belirtti.<\/p>\n<p><strong>GKRY\u2019N\u0130N TUTUMU FEDERAL B\u0130R ORTAKLI\u011eI ENGELL\u0130YOR<\/strong><\/p>\n<p>K\u0131br\u0131s T\u00fcrk Halk\u0131 i\u00e7in \u00f6nc\u00fc bir lider olan Dr. Faz\u0131l K\u00fc\u00e7\u00fck&#8217;\u00fcn m\u00fccadelesinin iyi anla\u015f\u0131lmas\u0131 ve yeti\u015fen nesillere de anlat\u0131lmas\u0131 gerekti\u011finin alt\u0131n\u0131 \u00e7izen\u00a0<span class=\"marked\">Ahmet Sava\u015fan<\/span>, 2020 y\u0131l\u0131na gelinmesine ra\u011fmen G\u00fcney K\u0131br\u0131s Rum Y\u00f6netimi\u2019nin halen K\u0131br\u0131s T\u00fcrk Halk\u0131yla y\u00f6netimi ve zenginli\u011fi payla\u015fmamakta kararl\u0131 oldu\u011funu, Rum liderli\u011finin mevcut zihniyetinin K\u0131br\u0131s\u2019ta yak\u0131n gelecekte payla\u015f\u0131ma dayal\u0131 federal bir ortakl\u0131\u011f\u0131n kurulmas\u0131n\u0131 engelledi\u011fine vurgu yapt\u0131.<\/p>\n<p><strong>K\u00dc\u00c7\u00dcK\u2019\u00dcN BIRAKTI\u011eI KUTSAL EMANATE SAH\u0130P \u00c7IKILMALI<\/strong><\/p>\n<p>K\u0131br\u0131s\u2019ta adil, kapsaml\u0131 ve s\u00fcrd\u00fcr\u00fclebilir bir \u00e7\u00f6z\u00fcme ula\u015f\u0131lmas\u0131 ve b\u00f6lgede bar\u0131\u015f ve istikrar\u0131n egemen olabilmesinin ancak Dr. K\u00fc\u00e7\u00fck\u2019\u00fcn b\u0131rakt\u0131\u011f\u0131 kutsal emanate sahip \u00e7\u0131k\u0131lmas\u0131yla m\u00fcmk\u00fcn olabilece\u011fini vurgulayan Sava\u015fan, \u201cUnutulmaz liderimiz Dr. Faz\u0131l K\u00fc\u00e7\u00fck\u2019\u00fc aram\u0131zdan ayr\u0131l\u0131\u015f\u0131n\u0131n 36\u2019nc\u0131 y\u0131ld\u00f6n\u00fcm\u00fcnde \u00f6zlem, sevgi, sayg\u0131 ve minnetle an\u0131yoruz\u201d ifadelerini kulland\u0131.<\/p>\n","protected":false},"excerpt":{"rendered":"<p>Sa\u011fl\u0131k Turizmi Konseyi Ba\u015fkan\u0131 Dr. Ahmet Sava\u015fan,\u00a0 Dr. Faz\u0131l K\u00fc\u00e7\u00fck\u2019\u00fcn \u00f6l\u00fcm\u00fcn\u00fcn 36\u2019\u0131nc\u0131 y\u0131ld\u00f6n\u00fcm\u00fcnde mesaj yay\u0131mlad\u0131. Sa\u011fl\u0131k Turizmi Konseyi Ba\u015fkan\u0131 Dr.\u00a0Ahmet Sava\u015fan,\u00a0 Dr. Faz\u0131l K\u00fc\u00e7\u00fck\u2019\u00fcn \u00f6l\u00fcm\u00fcn\u00fcn 36\u2019nc\u0131 y\u0131ld\u00f6n\u00fcm\u00fcnde mesaj yay\u0131mlayarak T\u00fcrkiye olmadan K\u0131br\u0131s T\u00fcrk halk\u0131n\u0131n var olamayaca\u011f\u0131n\u0131 ortaya koyarak varolu\u015f m\u00fccadelesini \u00f6rg\u00fctleyen Dr. Faz\u0131l K\u00fc\u00e7\u00fck\u2019\u00fcn, ENOS\u0130S\u2019e b\u00fcy\u00fck bir cesaretle kar\u015f\u0131 \u00e7\u0131kt\u0131\u011f\u0131n\u0131 belirtti. Dr. K\u00fc\u00e7\u00fck\u2019\u00fcn K\u0131br\u0131s olaylar\u0131n\u0131n [&hellip;]<\/p>\n","protected":false},"author":1,"featured_media":10536,"comment_status":"open","ping_status":"open","sticky":false,"template":"","format":"standard","meta":{"_monsterinsights_skip_tracking":false,"_monsterinsights_sitenote_active":false,"_monsterinsights_sitenote_note":"","_monsterinsights_sitenote_category":0,"footnotes":""},"categories":[102],"tags":[107,116,112],"class_list":["post-11110","post","type-post","status-publish","format-standard","has-post-thumbnail","hentry","category-haberler","tag-ahmet-savasan","tag-saglik-konseyi","tag-saglik-turizmi"],"aioseo_notices":[],"_links":{"self":[{"href":"https:\/\/ahmetsavasan.com\/tr_tr\/wp-json\/wp\/v2\/posts\/11110","targetHints":{"allow":["GET"]}}],"collection":[{"href":"https:\/\/ahmetsavasan.com\/tr_tr\/wp-json\/wp\/v2\/posts"}],"about":[{"href":"https:\/\/ahmetsavasan.com\/tr_tr\/wp-json\/wp\/v2\/types\/post"}],"author":[{"embeddable":true,"href":"https:\/\/ahmetsavasan.com\/tr_tr\/wp-json\/wp\/v2\/users\/1"}],"replies":[{"embeddable":true,"href":"https:\/\/ahmetsavasan.com\/tr_tr\/wp-json\/wp\/v2\/comments?post=11110"}],"version-history":[{"count":0,"href":"https:\/\/ahmetsavasan.com\/tr_tr\/wp-json\/wp\/v2\/posts\/11110\/revisions"}],"wp:featuredmedia":[{"embeddable":true,"href":"https:\/\/ahmetsavasan.com\/tr_tr\/wp-json\/wp\/v2\/media\/10536"}],"wp:attachment":[{"href":"https:\/\/ahmetsavasan.com\/tr_tr\/wp-json\/wp\/v2\/media?parent=11110"}],"wp:term":[{"taxonomy":"category","embeddable":true,"href":"https:\/\/ahmetsavasan.com\/tr_tr\/wp-json\/wp\/v2\/categories?post=11110"},{"taxonomy":"post_tag","embeddable":true,"href":"https:\/\/ahmetsavasan.com\/tr_tr\/wp-json\/wp\/v2\/tags?post=11110"}],"curies":[{"name":"wp","href":"https:\/\/api.w.org\/{rel}","templated":true}]}}