{"id":11142,"date":"2020-04-28T09:32:56","date_gmt":"2020-04-28T09:32:56","guid":{"rendered":"https:\/\/www.ahmetsavasan.biz\/?p=11142"},"modified":"2020-04-28T09:32:56","modified_gmt":"2020-04-28T09:32:56","slug":"savasan-krizi-firsata-cevirebiliriz","status":"publish","type":"post","link":"https:\/\/ahmetsavasan.com\/tr_tr\/savasan-krizi-firsata-cevirebiliriz\/","title":{"rendered":"Krizi F\u0131rsata \u00c7evirebiliriz"},"content":{"rendered":"<h2>Ba\u015fbakanl\u0131k Ba\u015fdan\u0131\u015fman\u0131 Dr. Sava\u015fan, krizden \u00e7\u0131kabilmek i\u00e7in sa\u011fl\u0131k ve ileri ya\u015f turizmine \u00f6nem vermek gerekti\u011fini vurgulad\u0131.<\/h2>\n<p>Ba\u015fbakanl\u0131k Ba\u015fdan\u0131\u015fman\u0131 Dr.\u00a0<span class=\"marked\">Ahmet Sava\u015fan<\/span>, tak\u0131ld\u0131\u011f\u0131 bir TV program\u0131nda, Covid-19 salg\u0131n\u0131n yaratt\u0131\u011f\u0131 krizi f\u0131rsata d\u00f6n\u00fc\u015ft\u00fcrmek olana\u011f\u0131 bulundu\u011funu, bunun i\u00e7in sa\u011fl\u0131k ve ileri ya\u015f turizmine \u00f6nem vermek gerekece\u011fini belirtti. Uluslararas\u0131 Para Fonu\u2019nun d\u00fcnya ekonomisi ile ilgili de\u011ferlendirmelerini hat\u0131rlatan Sava\u015fan, 2021\u2019de yeniden b\u00fcy\u00fcmeye ge\u00e7ecek d\u00fcnya ekonomisinden gerekli pay\u0131 almak i\u00e7in yeni bir vizyon olu\u015fturmak ve haz\u0131rlanmak gerekti\u011finin alt\u0131n\u0131 \u00e7izdi.<\/p>\n<p><strong>\u201c2021\u2019DE EKONOM\u0130 B\u00dcY\u00dcYECEK\u2026\u201d<\/strong><\/p>\n<p>Son yay\u0131nlanan IMF raporuna bak\u0131ld\u0131\u011f\u0131nda, salg\u0131n\u0131 azaltmak ve ya\u015fam\u0131 korumak i\u00e7in gerekli \u00f6nlemlerin al\u0131nmas\u0131n\u0131n ekonomik faaliyetleri k\u0131sa vadede zorlayaca\u011f\u0131n\u0131, ancak uzun vadede insana ve ekonominin sa\u011fl\u0131\u011f\u0131na \u00f6nemli bir yat\u0131r\u0131m olarak g\u00f6r\u00fcld\u00fc\u011f\u00fcn\u00fc belirten Sava\u015fan, ayn\u0131 raporda, bizim pay almam\u0131z gereken Avro B\u00f6lgesi i\u00e7in b\u00fcy\u00fcme beklentisinin de 2020&#8217;de y\u00fczde 1,3&#8217;ten, y\u00fczde eksi 7,5&#8217;e \u00e7ekildi\u011fine; 2021&#8217;de ise y\u00fczde 1,4&#8217;ten, y\u00fczde 4,7&#8217;ye \u00e7\u0131kar\u0131ld\u0131\u011f\u0131na dikkat \u00e7ekti.<\/p>\n<p>KKTC ekonomisi i\u00e7in daha b\u00fcy\u00fck \u00f6nem ta\u015f\u0131yan T\u00fcrkiye ekonomisinin de bu y\u0131l y\u00fczde 5 daralmas\u0131na kar\u015f\u0131n 2021&#8217;de y\u00fczde 5 b\u00fcy\u00fcyece\u011finin \u00f6ng\u00f6r\u00fcld\u00fc\u011f\u00fcne i\u015faret eden Sava\u015fan, bu verilere de bak\u0131ld\u0131\u011f\u0131nda 2021 y\u0131l\u0131nda D\u00fcnya ekonomisinin tekrardan b\u00fcy\u00fcmeye ba\u015flayaca\u011f\u0131n\u0131n g\u00f6r\u00fcld\u00fc\u011f\u00fcne vurgu yapt\u0131.<\/p>\n<p><strong>\u201cKR\u0130ZDEN \u00c7IKILAB\u0130LMES\u0130N\u0130N B\u0130R\u0130NC\u0130 GEREKL\u0130L\u0130\u011e\u0130 NAK\u0130T AKI\u015eI&#8230;\u201d<\/strong><\/p>\n<p>Salg\u0131n\u0131n kontrol alt\u0131na al\u0131nmas\u0131 ile geni\u015f kapsaml\u0131 koordineli mali te\u015fviklerin ekonomik toparlanmay\u0131 h\u0131zland\u0131raca\u011f\u0131n\u0131n ortada oldu\u011funa i\u015faret eden Sava\u015fan, ekonomi \u00e7evrelerinin bu krizden \u00e7\u0131k\u0131labilmesinin birinci gereklili\u011finin nakit ak\u0131\u015f\u0131n\u0131n sa\u011flanmas\u0131 oldu\u011funu s\u00f6yledi.<\/p>\n<p><strong>\u201cH\u00dcK\u00dcMET \u0130MKANLARI ZORLUYOR\u2026\u201d<\/strong><\/p>\n<p>KKTC\u2019nin di\u011fer \u00fclkeler gibi IMF\u2019den nakit para alama imkan\u0131 bulunmad\u0131\u011f\u0131na i\u015faret eden\u00a0<span class=\"marked\">Ahmet Sava\u015fan<\/span>, KKTC\u2019de i\u00e7 dinamiklerin devreye konulmas\u0131 ile ilk etapta 1 Milyar TL\u2019lik bir finansman yarat\u0131ld\u0131\u011f\u0131n\u0131 an\u0131msatt\u0131. H\u00fck\u00fcmetin, uzmanlar ve b\u00fct\u00fcn payda\u015flar ile birlikte \u00e7al\u0131\u015farak \u00f6n\u00fcm\u00fczdeki d\u00f6nemde i\u00e7 bor\u00e7lanma, tahvil basma veya T\u00fcrkiye\u2019den finansman bulunmas\u0131 gibi konular\u0131 de\u011ferlendirdi\u011fini belirten\u00a0<span class=\"marked\">Ahmet Sava\u015fan<\/span>, ikinci ekonomik paketin sekt\u00f6rleri rahatlatmas\u0131 i\u00e7in imkanlar\u0131n zorland\u0131\u011f\u0131n\u0131 s\u00f6yledi.<\/p>\n<p><strong>\u201c\u00dcN\u0130VERS\u0130TELER SA\u011eLIK \u00dcR\u00dcN\u00dc \u00dcRETMEK \u0130\u00c7\u0130N AVANTAJ\u2026\u201d<\/strong><\/p>\n<p>Bu krizin yeni f\u0131rsatlar da do\u011furdu\u011funa i\u015faret eden Sava\u015fan, \u00fcniversite adas\u0131 olan KKTC\u2019nin gerek kendi insan\u0131n\u0131n gerekse de D\u00fcnya\u2019n\u0131n b\u00fcy\u00fck bir ihtiyac\u0131 olan biyomedikal, sa\u011fl\u0131k \u00fcr\u00fcnleri \u00fcretme noktas\u0131nda \u00f6nemli bir avantaj\u0131 oldu\u011funa da dikkat \u00e7ekerek, bu \u00fcr\u00fcnlerin stratejik \u00f6nemi de olaca\u011f\u0131na vurgu yapt\u0131.<\/p>\n<p><strong>\u201cMED\u0130KAL TUR\u0130ZM\u0130 SAYES\u0130NDE EKONOM\u0130 DAHA ERKEN TOPARLANAB\u0130L\u0130R\u2026\u201d<\/strong><\/p>\n<p>D\u00fcnya\u2019n\u0131n pek \u00e7ok yerinde sa\u011fl\u0131k sistemlerinin \u00e7\u00f6kmesi neticesinde medikal hizmetlere duyulan ihtiyac\u0131n artt\u0131\u011f\u0131n\u0131 ve u\u00e7u\u015flar\u0131n ba\u015flamas\u0131 ile de sa\u011fl\u0131k hizmeti almak i\u00e7in b\u00fcy\u00fck bir talebin do\u011faca\u011f\u0131na dikkat \u00e7eken\u00a0<span class=\"marked\">Ahmet Sava\u015fan<\/span>, KKTC\u2019nin gerek mevcut sa\u011fl\u0131k yat\u0131r\u0131mlar\u0131n\u0131n bu ihtiyaca hizmet vermesinin sa\u011flanmas\u0131, gerekse de bu f\u0131rsat\u0131n g\u00f6r\u00fclerek yeni sa\u011fl\u0131k yat\u0131r\u0131mlar\u0131n\u0131n yap\u0131lmas\u0131n\u0131n desteklemesi halinde \u00fclke ekonomisinin \u00e7ok daha erken toparlanabilece\u011finin alt\u0131n\u0131 \u00e7izdi.<\/p>\n<p><strong>\u201c\u0130LER\u0130 YA\u015e TUR\u0130STLER\u0130N\u0130 KKTC\u2019YE \u00c7EKEB\u0130LMEK GEREK\u0130R\u2026\u201d<\/strong><\/p>\n<p>D\u00fcnya\u2019n\u0131n d\u00f6rt bir yan\u0131nda ya\u015fl\u0131lar\u0131n \u00f6l\u00fcme terkedildi\u011fini an\u0131msatan\u00a0<span class=\"marked\">Ahmet Sava\u015fan<\/span>, KKTC\u2019nin turistlerin sa\u011fl\u0131\u011f\u0131 ile vatanda\u015flar\u0131n\u0131n sa\u011fl\u0131\u011f\u0131na verdi\u011fi \u00f6nemi ve salg\u0131nla m\u00fccadelede elde etti\u011fi ba\u015far\u0131y\u0131 da ortaya koyarak,\u00a0 D\u00fcnya\u2019n\u0131n d\u00f6rt bir yan\u0131ndan emekli\u00a0 olmu\u015f ve paras\u0131 bulunan nitelikli turistleri Kuzey K\u0131br\u0131s\u2019a \u00e7ekebilece\u011fini vurgulad\u0131. Bunun i\u00e7in at\u0131lmas\u0131 gereken ilk ad\u0131m\u0131n mevcut turistik yat\u0131r\u0131mlar\u0131 bu alana hizmet verecek \u015fekilde d\u00f6n\u00fc\u015ft\u00fcrmek ve e\u015f zamanl\u0131 olarak da yeni yat\u0131r\u0131mlar\u0131 te\u015fvik etmek gerekti\u011fini s\u00f6yledi.<\/p>\n","protected":false},"excerpt":{"rendered":"<p>Ba\u015fbakanl\u0131k Ba\u015fdan\u0131\u015fman\u0131 Dr. Sava\u015fan, krizden \u00e7\u0131kabilmek i\u00e7in sa\u011fl\u0131k ve ileri ya\u015f turizmine \u00f6nem vermek gerekti\u011fini vurgulad\u0131. Ba\u015fbakanl\u0131k Ba\u015fdan\u0131\u015fman\u0131 Dr.\u00a0Ahmet Sava\u015fan, tak\u0131ld\u0131\u011f\u0131 bir TV program\u0131nda, Covid-19 salg\u0131n\u0131n yaratt\u0131\u011f\u0131 krizi f\u0131rsata d\u00f6n\u00fc\u015ft\u00fcrmek olana\u011f\u0131 bulundu\u011funu, bunun i\u00e7in sa\u011fl\u0131k ve ileri ya\u015f turizmine \u00f6nem vermek gerekece\u011fini belirtti. Uluslararas\u0131 Para Fonu\u2019nun d\u00fcnya ekonomisi ile ilgili de\u011ferlendirmelerini hat\u0131rlatan Sava\u015fan, 2021\u2019de yeniden [&hellip;]<\/p>\n","protected":false},"author":1,"featured_media":11305,"comment_status":"open","ping_status":"open","sticky":false,"template":"","format":"standard","meta":{"_monsterinsights_skip_tracking":false,"_monsterinsights_sitenote_active":false,"_monsterinsights_sitenote_note":"","_monsterinsights_sitenote_category":0,"footnotes":""},"categories":[102],"tags":[107,125,126,114],"class_list":["post-11142","post","type-post","status-publish","format-standard","has-post-thumbnail","hentry","category-haberler","tag-ahmet-savasan","tag-kktc","tag-savasan","tag-ubp"],"aioseo_notices":[],"_links":{"self":[{"href":"https:\/\/ahmetsavasan.com\/tr_tr\/wp-json\/wp\/v2\/posts\/11142","targetHints":{"allow":["GET"]}}],"collection":[{"href":"https:\/\/ahmetsavasan.com\/tr_tr\/wp-json\/wp\/v2\/posts"}],"about":[{"href":"https:\/\/ahmetsavasan.com\/tr_tr\/wp-json\/wp\/v2\/types\/post"}],"author":[{"embeddable":true,"href":"https:\/\/ahmetsavasan.com\/tr_tr\/wp-json\/wp\/v2\/users\/1"}],"replies":[{"embeddable":true,"href":"https:\/\/ahmetsavasan.com\/tr_tr\/wp-json\/wp\/v2\/comments?post=11142"}],"version-history":[{"count":0,"href":"https:\/\/ahmetsavasan.com\/tr_tr\/wp-json\/wp\/v2\/posts\/11142\/revisions"}],"wp:featuredmedia":[{"embeddable":true,"href":"https:\/\/ahmetsavasan.com\/tr_tr\/wp-json\/wp\/v2\/media\/11305"}],"wp:attachment":[{"href":"https:\/\/ahmetsavasan.com\/tr_tr\/wp-json\/wp\/v2\/media?parent=11142"}],"wp:term":[{"taxonomy":"category","embeddable":true,"href":"https:\/\/ahmetsavasan.com\/tr_tr\/wp-json\/wp\/v2\/categories?post=11142"},{"taxonomy":"post_tag","embeddable":true,"href":"https:\/\/ahmetsavasan.com\/tr_tr\/wp-json\/wp\/v2\/tags?post=11142"}],"curies":[{"name":"wp","href":"https:\/\/api.w.org\/{rel}","templated":true}]}}