{"id":14042,"date":"2021-04-11T09:44:11","date_gmt":"2021-04-11T09:44:11","guid":{"rendered":"https:\/\/www.ahmetsavasan.biz\/?p=14042"},"modified":"2021-04-11T09:44:11","modified_gmt":"2021-04-11T09:44:11","slug":"dunya-saglik-gunu-mesaji-pandemi-sagligin-ne-kadar-onemli-oldugunu-dunyaya-gosterdi","status":"publish","type":"post","link":"https:\/\/ahmetsavasan.com\/tr_tr\/dunya-saglik-gunu-mesaji-pandemi-sagligin-ne-kadar-onemli-oldugunu-dunyaya-gosterdi\/","title":{"rendered":"&#8216;D\u00fcnya Sa\u011fl\u0131k G\u00fcn\u00fc&#8217; mesaj\u0131: &#8220;Pandemi, Sa\u011fl\u0131\u011f\u0131n Ne Kadar \u00d6nemli Oldu\u011funu D\u00fcnyaya G\u00f6sterdi&#8221;"},"content":{"rendered":"<p>K\u0131br\u0131s Sa\u011fl\u0131k Turizmi Konseyi Ba\u015fkan\u0131 Dr. Ahmet Sava\u015fan, &#8220;D\u00fcnya Sa\u011fl\u0131k G\u00fcn\u00fc&#8221; dolay\u0131s\u0131yla sosyal medya hesab\u0131ndan bir payla\u015f\u0131mda bulundu.<\/p>\n<p>Payla\u015f\u0131m\u0131nda, sa\u011fl\u0131kl\u0131 bireylerin ve dolay\u0131s\u0131yla da sa\u011fl\u0131kl\u0131 toplumun ancak bilimle m\u00fcmk\u00fcn oldu\u011funu vurgulayan Sava\u015fan, pandemi s\u00fcrecinin sa\u011fl\u0131\u011f\u0131n ne kadar \u00f6nemli oldu\u011funu d\u00fcnyaya g\u00f6sterdi\u011fini belirtti.<\/p>\n<p>Sava\u015fan, insanlar\u0131n sa\u011fl\u0131\u011f\u0131n\u0131 korumak i\u00e7in gecesini g\u00fcnd\u00fcz\u00fcne katarak b\u00fcy\u00fck bir \u00f6zveri ile \u00e7al\u0131\u015fan ba\u015fta \u00fclkemizdekiler olmak \u00fczere b\u00fct\u00fcn sa\u011fl\u0131k \u00e7al\u0131\u015fanlar\u0131na g\u00f6n\u00fclden te\u015fekk\u00fcr etti.<\/p>\n<p>&nbsp;<\/p>\n<div class=\"social-post-container fb-post fb_iframe_widget\" data-href=\"https:\/\/www.facebook.com\/ahmetsavasan.biz\/photos\/a.540685442659218\/4028071767253884\/\"><\/div>\n","protected":false},"excerpt":{"rendered":"<p>K\u0131br\u0131s Sa\u011fl\u0131k Turizmi Konseyi Ba\u015fkan\u0131 Dr. Ahmet Sava\u015fan, &#8220;D\u00fcnya Sa\u011fl\u0131k G\u00fcn\u00fc&#8221; dolay\u0131s\u0131yla sosyal medya hesab\u0131ndan bir payla\u015f\u0131mda bulundu. Payla\u015f\u0131m\u0131nda, sa\u011fl\u0131kl\u0131 bireylerin ve dolay\u0131s\u0131yla da sa\u011fl\u0131kl\u0131 toplumun ancak bilimle m\u00fcmk\u00fcn oldu\u011funu vurgulayan Sava\u015fan, pandemi s\u00fcrecinin sa\u011fl\u0131\u011f\u0131n ne kadar \u00f6nemli oldu\u011funu d\u00fcnyaya g\u00f6sterdi\u011fini belirtti. Sava\u015fan, insanlar\u0131n sa\u011fl\u0131\u011f\u0131n\u0131 korumak i\u00e7in gecesini g\u00fcnd\u00fcz\u00fcne katarak b\u00fcy\u00fck bir \u00f6zveri ile \u00e7al\u0131\u015fan [&hellip;]<\/p>\n","protected":false},"author":1,"featured_media":13928,"comment_status":"open","ping_status":"open","sticky":false,"template":"","format":"standard","meta":{"_monsterinsights_skip_tracking":false,"_monsterinsights_sitenote_active":false,"_monsterinsights_sitenote_note":"","_monsterinsights_sitenote_category":0,"footnotes":""},"categories":[102],"tags":[],"class_list":["post-14042","post","type-post","status-publish","format-standard","has-post-thumbnail","hentry","category-haberler"],"aioseo_notices":[],"_links":{"self":[{"href":"https:\/\/ahmetsavasan.com\/tr_tr\/wp-json\/wp\/v2\/posts\/14042","targetHints":{"allow":["GET"]}}],"collection":[{"href":"https:\/\/ahmetsavasan.com\/tr_tr\/wp-json\/wp\/v2\/posts"}],"about":[{"href":"https:\/\/ahmetsavasan.com\/tr_tr\/wp-json\/wp\/v2\/types\/post"}],"author":[{"embeddable":true,"href":"https:\/\/ahmetsavasan.com\/tr_tr\/wp-json\/wp\/v2\/users\/1"}],"replies":[{"embeddable":true,"href":"https:\/\/ahmetsavasan.com\/tr_tr\/wp-json\/wp\/v2\/comments?post=14042"}],"version-history":[{"count":0,"href":"https:\/\/ahmetsavasan.com\/tr_tr\/wp-json\/wp\/v2\/posts\/14042\/revisions"}],"wp:featuredmedia":[{"embeddable":true,"href":"https:\/\/ahmetsavasan.com\/tr_tr\/wp-json\/wp\/v2\/media\/13928"}],"wp:attachment":[{"href":"https:\/\/ahmetsavasan.com\/tr_tr\/wp-json\/wp\/v2\/media?parent=14042"}],"wp:term":[{"taxonomy":"category","embeddable":true,"href":"https:\/\/ahmetsavasan.com\/tr_tr\/wp-json\/wp\/v2\/categories?post=14042"},{"taxonomy":"post_tag","embeddable":true,"href":"https:\/\/ahmetsavasan.com\/tr_tr\/wp-json\/wp\/v2\/tags?post=14042"}],"curies":[{"name":"wp","href":"https:\/\/api.w.org\/{rel}","templated":true}]}}