{"id":14044,"date":"2021-04-11T10:23:06","date_gmt":"2021-04-11T10:23:06","guid":{"rendered":"https:\/\/www.ahmetsavasan.biz\/?p=14044"},"modified":"2021-04-11T10:23:06","modified_gmt":"2021-04-11T10:23:06","slug":"bir-zamanlar-kibris-yasadiklarimizi-hatirlatmasi-bakimindan-onemlidir","status":"publish","type":"post","link":"https:\/\/ahmetsavasan.com\/tr_tr\/bir-zamanlar-kibris-yasadiklarimizi-hatirlatmasi-bakimindan-onemlidir\/","title":{"rendered":"\u201cBir Zamanlar K\u0131br\u0131s, Ya\u015fad\u0131klar\u0131m\u0131z\u0131 Hat\u0131rlatmas\u0131 Bak\u0131m\u0131ndan \u00d6nemlidir\u201d"},"content":{"rendered":"<p>BRT\u2019de yay\u0131nlanan \u201cBuras\u0131 \u00d6nemli\u201d program\u0131na kat\u0131lan Ulusal Birlik Partisi (UBP) Merkez Y\u00f6netim Kurulu \u00dcyesi Dr.\u00a0<span class=\"marked\">Ahmet<\/span><span class=\"marked\"> Sava\u015fan<\/span>, UBP\u2019deki geli\u015fmeleri, turizmde yap\u0131lacak a\u00e7\u0131l\u0131m\u0131 ve \u201cBir Zamanlar K\u0131br\u0131s\u201d dizisi ile ilgili ya\u015fanan tart\u0131\u015fmalar\u0131 de\u011ferlendirdi.<\/p>\n<p>Levent Kutay\u2019\u0131n sorular\u0131n\u0131 yan\u0131tlayan\u00a0<span class=\"marked\">Ahmet <\/span><span class=\"marked\">Sava\u015fan<\/span>, Bir Zamanlar K\u0131br\u0131s dizisi ile ilgili tart\u0131\u015fmalar\u0131n pek \u00e7ok insan gibi kendisini de \u00fczd\u00fc\u011f\u00fcne i\u015faret ederek, konuya Kuzey K\u0131br\u0131s T\u00fcrk Cumhuriyeti\u2019ne (KKTC) yapaca\u011f\u0131 katk\u0131lar a\u00e7\u0131s\u0131ndan yakla\u015f\u0131lmas\u0131 gerekti\u011fine dikkat \u00e7ekti.<\/p>\n<p><strong>D\u0130Z\u0130 GER\u00c7EKLER\u0130 ANLATIYOR\u2026<\/strong><\/p>\n<p>Y\u0131llard\u0131r Kuzey K\u0131br\u0131s\u2019\u0131n, T\u00fcrkiye kamuoyuna \u00e7e\u015fitli vesilelerle tan\u0131t\u0131lmaya \u00e7al\u0131\u015f\u0131ld\u0131\u011f\u0131n\u0131 anlatan\u00a0<span class=\"marked\">Ahmet <\/span><span class=\"marked\">Sava\u015fan<\/span>, \u201chat\u0131rlay\u0131n, T\u00fcrkiye\u2019de en az iki-\u00fc\u00e7 sefer K\u0131br\u0131s y\u0131l\u0131 ilan edildi. Ama bu ad\u0131mlar, K\u0131br\u0131s T\u00fcrk Halk\u0131\u2019n\u0131n varl\u0131\u011f\u0131n\u0131, k\u00fclt\u00fcr\u00fcn\u00fc, zenginliklerini, \u00e7ektiklerini anlatmak bak\u0131m\u0131ndan \u00e7ok yetersiz kald\u0131. Olaya bu pencereden bakmakta fayda var. Diziye a\u011f\u0131r ele\u015ftiriler yapan arkada\u015flara sormak laz\u0131m: Bu dizinin, T\u00fcrkiye Cumhuriyeti\u2019ndeki 80 milyon insana K\u0131br\u0131s T\u00fcrk Halk\u0131\u2019n\u0131 ve \u00e7ektiklerini anlatmas\u0131, hat\u0131rlatmas\u0131 ya da \u00f6\u011fretmesinin nas\u0131l bir zarar\u0131 olabilir?\u201d diye sordu.<\/p>\n<p><strong>EOKA\u2019NIN KURULU\u015eUNU KUTLAYANLARA ELE\u015eT\u0130R\u0130 YOK!<\/strong><\/p>\n<p>EOKA\u2019n\u0131n 1 Nisan 1955\u2019de kuruldu\u011funu ve dizinin de 1 Nisan\u2019da g\u00f6sterime girdi\u011fini an\u0131msatan\u00a0<span class=\"marked\">Ahmet <\/span><span class=\"marked\">Sava\u015fan<\/span>, dizinin g\u00f6sterildi\u011fi g\u00fcn Rum taraf\u0131nda EOKA\u2019n\u0131n kurulu\u015funun kutland\u0131\u011f\u0131na i\u015faret ederek, diziyi ele\u015ftirenlerin bu konuda herhangi bir ele\u015ftiri yapmamalar\u0131n\u0131n d\u00fc\u015f\u00fcnd\u00fcr\u00fcc\u00fc oldu\u011funa dikkat \u00e7ekti. Rum taraf\u0131nda halen EOKA\u2019n\u0131n kurulu\u015funun kutlan\u0131yor olmas\u0131n\u0131n ele\u015ftirilmesi gerekirken, K\u0131br\u0131s\u2019ta ya\u015fanan ger\u00e7ekleri g\u00fcndeme getiren dizinin ele\u015ftirilmesini anlaman\u0131n m\u00fcmk\u00fcn olmad\u0131\u011f\u0131n\u0131 ifade eden Sava\u015fan, dizinin, \u00fclkemize sa\u011flayaca\u011f\u0131 yararlar bak\u0131m\u0131ndan ele al\u0131nmas\u0131 gerekti\u011fi s\u00f6yledi.<\/p>\n<p><strong>BU G\u00dcNLERE KOLAY GEL\u0130NMED\u0130\u011e\u0130 HATIRLANACAK\u2026<\/strong><\/p>\n<p>Diziye fayda odakl\u0131 bak\u0131lmas\u0131 gerekti\u011finin \u00f6nemine dikkat \u00e7eken Sava\u015fan, \u201cbu dizi ile 80 milyonluk T\u00fcrkiye, K\u0131br\u0131s meselesini an\u0131msayacak; \u00e7ekilen ac\u0131lar \u00fczerinden atalar\u0131m\u0131z\u0131n verdi\u011fi m\u00fccadeleyi ve K\u0131br\u0131s T\u00fcrk Halk\u0131\u2019n\u0131n bu g\u00fcnlere kolay gelmedi\u011fini hat\u0131rlayacak\u201d dedi.<\/p>\n<p><strong>D\u0130Z\u0130N\u0130N FAYDASI B\u00dcY\u00dcK OLACAK\u2026<\/strong><\/p>\n<p>Gerek y\u00f6netim, gerekse de ba\u015fta Do\u011fu Akdeniz\u2019deki zenginliklerin payla\u015f\u0131lmas\u0131 noktas\u0131nda adalet isteyen K\u0131br\u0131s T\u00fcrk Halk\u0131\u2019n\u0131n haliyle eskiden \u00e7ekti\u011fi zorluklar\u0131 bir daha \u00e7ekmek istemedi\u011fine de\u011finen\u00a0<span class=\"marked\">Ahmet <\/span><span class=\"marked\">Sava\u015fan<\/span>, \u201cK\u0131br\u0131s T\u00fcrk Halk\u0131 bu g\u00fcn elde etti\u011fi kazan\u0131mlar\u0131 sa\u011fc\u0131s\u0131yla solcusuyla direnerek elde etmi\u015ftir. Dizinin baz\u0131 eksikleri ve yanl\u0131\u015flar\u0131 olsa da, T\u00fcrkiye\u2019deki karde\u015flerimize, bizi, \u00e7ektiklerimizi, k\u00fclt\u00fcr\u00fcm\u00fcz\u00fc ve verilen m\u00fccadeleyi anlatmas\u0131n\u0131n nas\u0131l bir zarar\u0131 olabilir ki. \u0130\u015fin \u00f6zeti; bu dizi, K\u0131br\u0131s T\u00fcrk Halk\u0131\u2019n\u0131n \u00e7ektikleri \u00fczerinden bu halk\u0131n direni\u015fini, varl\u0131\u011f\u0131n\u0131 korumaktaki kararl\u0131l\u0131\u011f\u0131n\u0131 ve Kuzey K\u0131br\u0131s T\u00fcrk Cumhuriyeti\u2019ne gelene kadar nas\u0131l direndi\u011fini g\u00f6stermesi bak\u0131m\u0131ndan son derece \u00f6nemli bir tan\u0131t\u0131m hamlesidir. Ayr\u0131ca bu dizi sadece tarihi ger\u00e7ekleri hat\u0131rlatmakla kalmayacak, y\u00fcksek\u00f6\u011frenim, turizm, ticaret gibi alanlarda yeni i\u015fbirliklerinin ba\u015flamas\u0131 veya var olan ili\u015fkilerin geli\u015fmesine de b\u00fcy\u00fck katk\u0131 sa\u011flayacakt\u0131r. Dolay\u0131s\u0131 ile bu ad\u0131m fevkalade \u00f6nemli, olumlu sonu\u00e7lar do\u011furacak b\u00fcy\u00fck bir f\u0131rsatyaratacakt\u0131r. Ele\u015ftiri yapan arkada\u015flar\u0131n de\u011ferlendirmelerini bu pencereden bakarak yapmalar\u0131nda fayda g\u00f6r\u00fcyorum\u201d dedi.<\/p>\n<p><strong>M\u00dcZAKERELERDE TAR\u0130H\u0130 GER\u00c7EKLER G\u00d6Z \u00d6N\u00dcNDE TUTULMALI\u2026<\/strong><\/p>\n<p>TRT taraf\u0131ndan yay\u0131nlanan \u201cBir Zamanlar K\u0131br\u0131s\u201d isimli dizinin tarihi ger\u00e7ekleri g\u00fcndeme getirdi\u011finin ortada oldu\u011funa dikkati \u00e7eken UBP MYK \u00dcyesi\u00a0<span class=\"marked\">Ahmet <\/span><span class=\"marked\">Sava\u015fan<\/span>, Rum taraf\u0131 ile tekrardan masaya oturulacak ise yap\u0131lacak m\u00fczakerelerde tarihi ger\u00e7eklerin g\u00f6z \u00f6n\u00fcnde tutulmas\u0131n\u0131n hayati \u00f6neme sahip olaca\u011f\u0131na dikkat \u00e7ekerek \u015funlar\u0131 s\u00f6yledi: \u201c5\u2019li zirve \u00f6ncesi dizinin yay\u0131nlanmaya ba\u015flamas\u0131 ile K\u0131br\u0131s T\u00fcrk Halk\u0131\u2019n\u0131n verdi\u011fi m\u00fccadelenin hat\u0131rlat\u0131lm\u0131\u015f olmas\u0131, adada ancak e\u015fit egemenlik \u00e7er\u00e7evesinde s\u00fcrd\u00fcr\u00fclebilir bir anla\u015fma yap\u0131labilece\u011fi konusunda \u00f6nemli bir fark\u0131ndal\u0131k yaratm\u0131\u015ft\u0131r. E\u011fer ya\u015fanan ger\u00e7ekleri unutmadan bu yola girersek eski ac\u0131lar\u0131n bir daha ya\u015fanmamas\u0131n\u0131 sa\u011flayabiliriz. Bunlar\u0131 unutarak herhangi bir anla\u015fma ya da birtak\u0131m \u00e7evrelerin dedi\u011fi gibi \u201cbar\u0131\u015f\u201d yapma pe\u015finde ko\u015farsak adada s\u00fcrd\u00fcr\u00fclebilir bir anla\u015fmaya varmak m\u00fcmk\u00fcn olamayacak. Bu film, D\u00fcnya kamuoyuna adada ya\u015fanan ger\u00e7ekleri hat\u0131rlatarak, T\u00fcrkiye\u2019nin de belirleyici deste\u011fi ile devlet sahibi olan K\u0131br\u0131s T\u00fcrk Halk\u0131\u2019n\u0131n bir kere daha bu ac\u0131lar\u0131 \u00e7ekmeyece\u011fi bir yola girmek istedi\u011fini g\u00f6stermesi bak\u0131m\u0131ndan \u00f6nemli bir mesaj veriyor\u201d dedi.<\/p>\n","protected":false},"excerpt":{"rendered":"<p>BRT\u2019de yay\u0131nlanan \u201cBuras\u0131 \u00d6nemli\u201d program\u0131na kat\u0131lan Ulusal Birlik Partisi (UBP) Merkez Y\u00f6netim Kurulu \u00dcyesi Dr.\u00a0Ahmet Sava\u015fan, UBP\u2019deki geli\u015fmeleri, turizmde yap\u0131lacak a\u00e7\u0131l\u0131m\u0131 ve \u201cBir Zamanlar K\u0131br\u0131s\u201d dizisi ile ilgili ya\u015fanan tart\u0131\u015fmalar\u0131 de\u011ferlendirdi. Levent Kutay\u2019\u0131n sorular\u0131n\u0131 yan\u0131tlayan\u00a0Ahmet Sava\u015fan, Bir Zamanlar K\u0131br\u0131s dizisi ile ilgili tart\u0131\u015fmalar\u0131n pek \u00e7ok insan gibi kendisini de \u00fczd\u00fc\u011f\u00fcne i\u015faret ederek, konuya Kuzey K\u0131br\u0131s [&hellip;]<\/p>\n","protected":false},"author":1,"featured_media":13914,"comment_status":"open","ping_status":"open","sticky":false,"template":"","format":"standard","meta":{"_monsterinsights_skip_tracking":false,"_monsterinsights_sitenote_active":false,"_monsterinsights_sitenote_note":"","_monsterinsights_sitenote_category":0,"footnotes":""},"categories":[102],"tags":[],"class_list":["post-14044","post","type-post","status-publish","format-standard","has-post-thumbnail","hentry","category-haberler"],"aioseo_notices":[],"_links":{"self":[{"href":"https:\/\/ahmetsavasan.com\/tr_tr\/wp-json\/wp\/v2\/posts\/14044","targetHints":{"allow":["GET"]}}],"collection":[{"href":"https:\/\/ahmetsavasan.com\/tr_tr\/wp-json\/wp\/v2\/posts"}],"about":[{"href":"https:\/\/ahmetsavasan.com\/tr_tr\/wp-json\/wp\/v2\/types\/post"}],"author":[{"embeddable":true,"href":"https:\/\/ahmetsavasan.com\/tr_tr\/wp-json\/wp\/v2\/users\/1"}],"replies":[{"embeddable":true,"href":"https:\/\/ahmetsavasan.com\/tr_tr\/wp-json\/wp\/v2\/comments?post=14044"}],"version-history":[{"count":0,"href":"https:\/\/ahmetsavasan.com\/tr_tr\/wp-json\/wp\/v2\/posts\/14044\/revisions"}],"wp:featuredmedia":[{"embeddable":true,"href":"https:\/\/ahmetsavasan.com\/tr_tr\/wp-json\/wp\/v2\/media\/13914"}],"wp:attachment":[{"href":"https:\/\/ahmetsavasan.com\/tr_tr\/wp-json\/wp\/v2\/media?parent=14044"}],"wp:term":[{"taxonomy":"category","embeddable":true,"href":"https:\/\/ahmetsavasan.com\/tr_tr\/wp-json\/wp\/v2\/categories?post=14044"},{"taxonomy":"post_tag","embeddable":true,"href":"https:\/\/ahmetsavasan.com\/tr_tr\/wp-json\/wp\/v2\/tags?post=14044"}],"curies":[{"name":"wp","href":"https:\/\/api.w.org\/{rel}","templated":true}]}}