{"id":14082,"date":"2021-04-17T09:32:44","date_gmt":"2021-04-17T09:32:44","guid":{"rendered":"https:\/\/www.ahmetsavasan.biz\/?p=14082"},"modified":"2021-04-17T09:32:44","modified_gmt":"2021-04-17T09:32:44","slug":"ahmet-savasan-dendiasin-tutumu-zemin-arayisini-baslamadan-bitirdi","status":"publish","type":"post","link":"https:\/\/ahmetsavasan.com\/tr_tr\/ahmet-savasan-dendiasin-tutumu-zemin-arayisini-baslamadan-bitirdi\/","title":{"rendered":"\u201cDendias\u2019\u0131n Tutumu, Zemin Aray\u0131\u015f\u0131n\u0131 Ba\u015flamadan Bitirdi\u201d"},"content":{"rendered":"<p>Kat\u0131ld\u0131\u011f\u0131 televizyon program\u0131nda K\u0131br\u0131s sorunu ile ilgili geli\u015fmeleri de\u011ferlendiren UBP MYK \u00dcyesi Dr.\u00a0<span class=\"marked\">Ahmet Sava\u015fan<\/span>, Yunanistan D\u0131\u015fi\u015fleri Bakan\u0131\u2019n\u0131n Ankara\u2019da yapt\u0131\u011f\u0131 a\u00e7\u0131klamalar\u0131n, Rum-Yunan taraf\u0131n\u0131n uzla\u015fmazl\u0131\u011f\u0131n\u0131n devam etti\u011fini ve bu tutumun da 27-28 Nisan\u2019da Cenevre\u2019de ger\u00e7ekle\u015ftirilecek toplant\u0131y\u0131 ba\u015far\u0131s\u0131zl\u0131\u011fa mahkum edece\u011fini g\u00f6sterdi\u011fine dikkat \u00e7ekti.<\/p>\n<p>Rum-Yunan taraf\u0131n\u0131n uzla\u015fmaz tutumunun son haftalarda iyice artt\u0131\u011f\u0131n\u0131n ve bu tutumun da Yunanistan D\u0131\u015fi\u015fleri Bakan\u0131 Nikos Dendias\u2019in Ankara ziyaretinde bas\u0131n mensuplar\u0131n\u0131n huzurunda b\u00fct\u00fcn d\u00fcnyaya g\u00f6sterildi\u011fine i\u015faret eden Ulusal Birlik Partisi Merkez Y\u00f6netim Kurulu \u00dcyesi Dr.\u00a0<span class=\"marked\">Ahmet Sava\u015fan<\/span>,\u00a0 bu tutumun 27-28 Nisan\u2019da Cenevre\u2019de d\u00fczenlenecek konferansta da devam etmesi halinde, konferanstan m\u00fczakerelerin ba\u015flat\u0131lmas\u0131 ve hatta ortak bir zemin aray\u0131\u015f\u0131n\u0131n devam ettirilmesi y\u00f6n\u00fcnde herhangi bir olumlu karar\u0131n \u00fcretilememesine sebep olaca\u011f\u0131n\u0131n alt\u0131n\u0131 \u00e7izdi.<\/p>\n<p><strong>\u201cKIBRIS T\u00dcRK HALKI HER ZAMAN UZLA\u015eICI OLMU\u015eTUR\u2026\u201d<\/strong><\/p>\n<p>K\u0131br\u0131s sorununun y\u0131llard\u0131r Rum taraf\u0131n\u0131n uzla\u015fmazl\u0131\u011f\u0131n\u0131n a\u011flar\u0131na tak\u0131l\u0131 kald\u0131\u011f\u0131n\u0131 belirten\u00a0<span class=\"marked\">Ahmet Sava\u015fan<\/span>, \u201cK\u0131br\u0131s T\u00fcrk Halk\u0131, Rumlar\u0131n tutumunu tam olarak benimsemese de K\u0131br\u0131s sorununun \u00e7\u00f6z\u00fclmesi ve s\u00fcrd\u00fcr\u00fclebilir bir anla\u015fmaya var\u0131lmas\u0131 konusunda her zaman uzla\u015f\u0131c\u0131 bir tav\u0131r i\u00e7inde olmu\u015ftur. Bu konuda gelmi\u015f ge\u00e7mi\u015f Cumhurba\u015fkanlar\u0131m\u0131z da ayn\u0131 tutumu sergilemi\u015ftir\u201d dedi.<\/p>\n<p><strong>\u201cANLA\u015eMAYA RUM-YUNAN TARAFININ Z\u0130HN\u0130YET\u0130 ENGEL OLUYOR\u2026\u201d<\/strong><\/p>\n<p>K\u0131br\u0131s T\u00fcrk Halk\u0131\u2019n\u0131n Annan Plan\u0131\u2019na evet dedi\u011fini Rumlar\u2019\u0131n ise hay\u0131r dedi\u011fini an\u0131msatan\u00a0<span class=\"marked\">Ahmet Sava\u015fan<\/span>\u00a0\u201co zaman\u0131n Cumhurba\u015fkan\u0131 Talat\u2019\u0131n, referandumdan sonra bile pek \u00e7ok konuda esneklik g\u00f6stererek \u00e7\u00f6z\u00fcm aramas\u0131na, Cumhurba\u015fkan\u0131 Ero\u011flu\u2019nun bu aray\u0131\u015f\u0131 devam ettirmesine ve son olarak da Cumhurba\u015fkan\u0131 Ak\u0131nc\u0131\u2019n\u0131n, toplumun b\u00fcy\u00fck kesimi ve T\u00fcrkiye ile ters d\u00fc\u015fme pahas\u0131na Rum taraf\u0131 ile uzla\u015fmaya \u00e7al\u0131\u015fmas\u0131na ra\u011fmen, bu giri\u015fimler bir anla\u015fma ile sonu\u00e7lanamam\u0131\u015ft\u0131r. Bunun sebebi Rum-Yunan taraf\u0131n\u0131n zihniyetidir. Bu aray\u0131\u015flar\u0131 torpilleyen taraf Rum-Yunan taraf\u0131d\u0131r. \u015eimdi bizi yine ayn\u0131 duruma d\u00fc\u015f\u00fcrmeye \u00e7al\u0131\u015f\u0131yorlar. Bu ger\u00e7ekten haks\u0131zl\u0131kt\u0131r ve kabul edilemez\u201d diye konu\u015ftu.<\/p>\n<p><strong>\u201cKONFERANS BA\u015eLAMADAN B\u0130TT\u0130\u2026\u201d<\/strong><\/p>\n<p>27-29 Nisan tarihlerinde Cenevre\u2019de d\u00fczenlenecek olan gayr\u0131esmi K\u0131br\u0131s Konferans\u0131\u2019n\u0131 \u00f6neren taraf\u0131n T\u00fcrkiye oldu\u011funu ve bu konferans\u0131n i\u015flevinin K\u0131br\u0131s sorununu \u00e7\u00f6zmek i\u00e7in ortak bir zemin olup olmad\u0131\u011f\u0131n\u0131 ara\u015ft\u0131rmak oldu\u011funu belirten\u00a0<span class=\"marked\">Ahmet Sava\u015fan<\/span>, \u201cYunanistan ve Rum taraf\u0131, bu konferans\u0131 ba\u015far\u0131s\u0131zl\u0131\u011fa u\u011fratmak i\u00e7in ne gerekiyorsa yap\u0131yor. Yunanistan D\u0131\u015fi\u015fleri Bakan\u0131 Dendias\u2019\u0131n Ankara\u2019da sergiledi\u011fi nezaketsiz ve sald\u0131rgan tutumu bunun son \u00f6rne\u011fidir ve konferans\u0131n ba\u015flamadan bitti\u011finin de ilan\u0131d\u0131r\u201d dedi.<\/p>\n<p><strong>\u201c\u00c7AVU\u015eO\u011eLU Z\u0130YARET\u0130 T\u00dcRK\u0130YE \u0130LE B\u0130RL\u0130\u011e\u0130M\u0130Z\u0130 G\u00d6STER\u0130YOR\u2026\u00a0 \u201c<\/strong><\/p>\n<p>K\u0131br\u0131s\u2019\u0131 ve Do\u011fu Akdeniz\u2019i bir b\u00fct\u00fcn olarak Yunan yapma amac\u0131 ta\u015f\u0131yan Rum-Yunan faaliyetlerine kar\u015f\u0131 T\u00fcrkiye ile KKTC\u2019nin birlikte m\u00fccadele etti\u011fini vurgulayan UBP MYK \u00dcyesi Dr. Sava\u015fan, T\u00fcrkiye D\u0131\u015fi\u015fleri Bakan\u0131 Mevlut \u00c7avu\u015fo\u011flu\u2019nun Dendias ile g\u00f6r\u00fc\u015fmesinden ve bas\u0131n \u00f6n\u00fcnde ger\u00e7ekle\u015fen \u00e7at\u0131\u015fmadan hemen sonra Kuzey K\u0131br\u0131s T\u00fcrk Cumhuriyeti\u2019ni ziyaret etmesinin T\u00fcrkiye ile birlik ve beraberli\u011fimizi g\u00f6steren \u00f6nemli bir ziyaret oldu\u011funa dikkat \u00e7ekti.<\/p>\n<p><strong>\u201cADALETL\u0130 B\u0130R \u00c7\u00d6Z\u00dcM ANCAK T\u00dcRK TARAFI G\u00dc\u00c7L\u00dcYSE BULUNAB\u0130L\u0130R\u2026\u201d<\/strong><\/p>\n<p>\u201cRum ve Yunan taraf\u0131 bizi zay\u0131f san\u0131yor. Oysa zay\u0131f de\u011filiz. Yeter ki, birlik ve beraberli\u011fimizi s\u00fcrd\u00fcrebilelim\u201d diyen\u00a0<span class=\"marked\">Ahmet Sava\u015fan<\/span>, \u201c\u00c7avuo\u011flu\u2019nun ziyareti, 27-29 Nisan\u2019daki zirveye T\u00fcrkiye ile tam bir birlik ve beraberlik i\u00e7inde gidece\u011fimizin g\u00f6stergesi oldu\u011fu kadar, Rum-Yunan taraf\u0131n\u0131n emellerine ula\u015famayaca\u011f\u0131n\u0131n da ni\u015fanesi olmu\u015ftur. Birle\u015fmi\u015f Milletler b\u00f6lgede g\u00fcvenli\u011fin ve huzurun artmas\u0131n\u0131 istiyorsa, adil davranarak taraflar\u0131n hak ve \u00e7\u0131karlar\u0131n\u0131 korumas\u0131 \u015fartt\u0131r. Uzla\u015f\u0131 ancak bu \u015fekilde sa\u011flanabilir. Bu g\u00fcne kadar ya\u015fananlar dikkate al\u0131nd\u0131\u011f\u0131nda BM\u2019nin adil davranmad\u0131\u011f\u0131 ortadad\u0131r. Dolay\u0131s\u0131yla bu ancak T\u00fcrk taraf\u0131n\u0131n g\u00fc\u00e7l\u00fc olmas\u0131yla m\u00fcmk\u00fcn olabilir. Ancak T\u00fcrk taraf\u0131 g\u00fc\u00e7l\u00fcyse K\u0131br\u0131s sorununa adaletli bir \u00e7\u00f6z\u00fcm bulunabilir. Zay\u0131f d\u00fc\u015fersek b\u00fct\u00fcn haklar\u0131m\u0131z\u0131 kaybedebiliriz. Rum-Yunan taraf\u0131n\u0131n tutumu bize bunu g\u00f6stermektedir\u201d dedi.<\/p>\n","protected":false},"excerpt":{"rendered":"<p>Kat\u0131ld\u0131\u011f\u0131 televizyon program\u0131nda K\u0131br\u0131s sorunu ile ilgili geli\u015fmeleri de\u011ferlendiren UBP MYK \u00dcyesi Dr.\u00a0Ahmet Sava\u015fan, Yunanistan D\u0131\u015fi\u015fleri Bakan\u0131\u2019n\u0131n Ankara\u2019da yapt\u0131\u011f\u0131 a\u00e7\u0131klamalar\u0131n, Rum-Yunan taraf\u0131n\u0131n uzla\u015fmazl\u0131\u011f\u0131n\u0131n devam etti\u011fini ve bu tutumun da 27-28 Nisan\u2019da Cenevre\u2019de ger\u00e7ekle\u015ftirilecek toplant\u0131y\u0131 ba\u015far\u0131s\u0131zl\u0131\u011fa mahkum edece\u011fini g\u00f6sterdi\u011fine dikkat \u00e7ekti. Rum-Yunan taraf\u0131n\u0131n uzla\u015fmaz tutumunun son haftalarda iyice artt\u0131\u011f\u0131n\u0131n ve bu tutumun da Yunanistan D\u0131\u015fi\u015fleri Bakan\u0131 [&hellip;]<\/p>\n","protected":false},"author":1,"featured_media":14095,"comment_status":"open","ping_status":"open","sticky":false,"template":"","format":"standard","meta":{"_monsterinsights_skip_tracking":false,"_monsterinsights_sitenote_active":false,"_monsterinsights_sitenote_note":"","_monsterinsights_sitenote_category":0,"footnotes":""},"categories":[102],"tags":[],"class_list":["post-14082","post","type-post","status-publish","format-standard","has-post-thumbnail","hentry","category-haberler"],"aioseo_notices":[],"_links":{"self":[{"href":"https:\/\/ahmetsavasan.com\/tr_tr\/wp-json\/wp\/v2\/posts\/14082","targetHints":{"allow":["GET"]}}],"collection":[{"href":"https:\/\/ahmetsavasan.com\/tr_tr\/wp-json\/wp\/v2\/posts"}],"about":[{"href":"https:\/\/ahmetsavasan.com\/tr_tr\/wp-json\/wp\/v2\/types\/post"}],"author":[{"embeddable":true,"href":"https:\/\/ahmetsavasan.com\/tr_tr\/wp-json\/wp\/v2\/users\/1"}],"replies":[{"embeddable":true,"href":"https:\/\/ahmetsavasan.com\/tr_tr\/wp-json\/wp\/v2\/comments?post=14082"}],"version-history":[{"count":0,"href":"https:\/\/ahmetsavasan.com\/tr_tr\/wp-json\/wp\/v2\/posts\/14082\/revisions"}],"wp:featuredmedia":[{"embeddable":true,"href":"https:\/\/ahmetsavasan.com\/tr_tr\/wp-json\/wp\/v2\/media\/14095"}],"wp:attachment":[{"href":"https:\/\/ahmetsavasan.com\/tr_tr\/wp-json\/wp\/v2\/media?parent=14082"}],"wp:term":[{"taxonomy":"category","embeddable":true,"href":"https:\/\/ahmetsavasan.com\/tr_tr\/wp-json\/wp\/v2\/categories?post=14082"},{"taxonomy":"post_tag","embeddable":true,"href":"https:\/\/ahmetsavasan.com\/tr_tr\/wp-json\/wp\/v2\/tags?post=14082"}],"curies":[{"name":"wp","href":"https:\/\/api.w.org\/{rel}","templated":true}]}}