{"id":14121,"date":"2021-06-29T11:56:02","date_gmt":"2021-06-29T11:56:02","guid":{"rendered":"https:\/\/www.ahmetsavasan.biz\/?p=14121"},"modified":"2021-06-29T11:56:02","modified_gmt":"2021-06-29T11:56:02","slug":"savasandan-muhalefete-cagri-esitlik-mucadelesine-destek-verin","status":"publish","type":"post","link":"https:\/\/ahmetsavasan.com\/tr_tr\/savasandan-muhalefete-cagri-esitlik-mucadelesine-destek-verin\/","title":{"rendered":"Muhalefete \u00c7a\u011fr\u0131: \u201cE\u015fitlik M\u00fccadelesine Destek Verin!\u201d"},"content":{"rendered":"<p><em>UBP MYK \u00dcyesi Ahmet Sava\u015fan, K\u0131br\u0131s sorununu de\u011ferlendirdi\u011fi TV program\u0131nda Cumhurba\u015fkan\u0131 Tatar\u2019\u0131n e\u015fitlik m\u00fccadelesine muhalefetin de destek vermesi gerekti\u011fini belirtti.<\/em><\/p>\n<p>Ulusal Birlik Partisi Merkez Y\u00f6netim Kurulu \u00dcyesi Ahmet Sava\u015fan, kat\u0131ld\u0131\u011f\u0131 bir TV program\u0131nda K\u0131br\u0131s sorununu de\u011ferlendirdi. Cumhurba\u015fkan\u0131 Tatar\u2019\u0131n BM Genel Sekreteri Guterres ile Br\u00fcksel\u2019de yapaca\u011f\u0131 g\u00f6r\u00fc\u015fmeye de\u011finen Sava\u015fan, Tatar\u2019\u0131n talebi ile ger\u00e7ekle\u015fecek olan bu g\u00f6r\u00fc\u015fmenin \u201cegemen e\u015fitlik aray\u0131\u015f\u0131n\u0131n ba\u015far\u0131l\u0131 olabilece\u011finin smut bir i\u015fareti oldu\u011funu\u201d vurgulad\u0131.<\/p>\n<p><strong>K\u0131br\u0131s T\u00fcrk Halk\u0131 bar\u0131\u015fseverdir\u2026<\/strong><\/p>\n<p>K\u0131br\u0131s T\u00fcrk Halk\u0131\u2019n\u0131n sa\u011fc\u0131s\u0131yla, solcusuyla, partili veya partisiz t\u00fcm\u00fcn\u00fcn bar\u0131\u015fsever oldu\u011funun alt\u0131n\u0131 \u00e7izen UBP MYK \u00dcyesi Ahmet Sava\u015fan, bu g\u00fcne kadar federasyon kurulamamas\u0131n\u0131n, G\u00fcney K\u0131br\u0131s Rum y\u00f6netiminin tutumundan kaynakland\u0131\u011f\u0131n\u0131 an\u0131msatt\u0131. Sava\u015fan, BM\u2019nin K\u0131br\u0131s\u2019ta ba\u015far\u0131l\u0131 olmak istiyorsa, t\u00fcketildi\u011fi ortada olan s\u00fcre\u00e7lerin pe\u015finde ko\u015fmak yerine, e\u015fit egemenli\u011fe dayal\u0131 s\u00fcrd\u00fcr\u00fclebilen yeni bir anla\u015fman\u0131n yap\u0131labilmesini cesaretlendirmesi gerekti\u011finin alt\u0131n\u0131 \u00e7izdi.<\/p>\n<p><strong>Dondurucuda kalmaya daha ne kadar tahamm\u00fcl edece\u011fiz?<\/strong><\/p>\n<p>3\u2019\u00fcnc\u00fc Cumhurba\u015fkan\u0131 Mustafa Ak\u0131nc\u0131\u2019n\u0131n Rumlar\u0131n kapal\u0131 kap\u0131lar ard\u0131nda ba\u015fka, Birle\u015fmi\u015f Milletlere ba\u015fka s\u00f6yledi\u011fini, kendi jenerasyonunun federasyon yapma \u015fans\u0131n\u0131 yitirdi\u011fini, 2\u2019nci Cumhurba\u015fkan\u0131 Talat\u2019\u0131n ise G\u00fcney K\u0131br\u0131s\u2019\u0131n K\u0131br\u0131s T\u00fcrklerinin neredeyse nefes almas\u0131n\u0131 bile istemedi\u011fini s\u00f6yledi\u011fini hat\u0131rlatan Ahmet Sava\u015fan, \u201cK\u0131br\u0131s T\u00fcrk Halk\u0131 bar\u0131\u015fsever insanlardan olu\u015fur. \u00c7ocuklar\u0131m\u0131za, gen\u00e7lerimize bak\u0131n, bize bak\u0131n. Kuzey K\u0131br\u0131s\u2019ta ne e\u011fitim sisteminde ne de inan\u00e7 alan\u0131nda d\u00fc\u015fmanl\u0131\u011f\u0131, kar\u015f\u0131tl\u0131\u011f\u0131 besleyen kayda de\u011fen herhangi bir \u015feye rastlayamazs\u0131n\u0131z. KKTC\u2019de entelekt\u00fcel birikimle k\u00fclt\u00fcrl\u00fc, bar\u0131\u015f\u00e7\u0131l gen\u00e7ler, nesiller yeti\u015ftiriliyor. Buna ra\u011fmen G\u00fcney kom\u015fular\u0131m\u0131za bak\u0131ld\u0131\u011f\u0131nda durumun tam ters oldu\u011funu g\u00f6r\u00fcyoruz. Halk\u0131m\u0131z, G\u00fcney K\u0131br\u0131s Rum Y\u00f6netimi\u2019nin tutumundan dolay\u0131 dondurucuda kalmaya daha ne kadar g\u00f6\u011f\u00fcs gerecek, ya da bu duruma daha ne kadar tahamm\u00fcl edecek? Art\u0131k ya\u015fanan ger\u00e7eklerin g\u00f6r\u00fclmesi ve yeni ad\u0131mlar at\u0131lmas\u0131n\u0131n zaman\u0131 gelmi\u015ftir\u201d \u015feklinde konu\u015ftu.<\/p>\n<p><strong>Ger\u00e7ek; Rumlar\u0131n hi\u00e7bir \u015feyi payla\u015fmak istemedi\u011fidir\u2026 <\/strong><\/p>\n<p>Yar\u0131m as\u0131rd\u0131r ya\u015fananlar partiler g\u00f6z\u00fc ile farkl\u0131 alg\u0131lan\u0131yor olsa da ger\u00e7e\u011fin de\u011fi\u015fmedi\u011fini belirten Ahmet Sava\u015fan, ger\u00e7e\u011fin, G\u00fcney K\u0131br\u0131s\u2019\u0131n K\u0131br\u0131s T\u00fcrk taraf\u0131 ile ne Rum devletine d\u00f6n\u00fc\u015ft\u00fcrd\u00fckleri Cumhuriyeti, ne de zenginlikleri payla\u015fmak istemedi\u011fi oldu\u011funun alt\u0131n\u0131 \u00e7izdi.<\/p>\n<p><strong>Anla\u015fma i\u00e7in d\u00fcnyaya hep birlikte g\u00fc\u00e7l\u00fc mesaj vermeliyiz\u2026<\/strong><\/p>\n<p>\u201cG\u00fcney K\u0131br\u0131s\u2019\u0131n tutumunu g\u00f6rerek ayn\u0131 \u015feyleri yapmaya devam ederek farkl\u0131 sonu\u00e7 mu bekleyece\u011fiz? Elli y\u0131ld\u0131r ayn\u0131 \u015feyleri tekrarlad\u0131k ve federasyon ba\u011flam\u0131nda hi\u00e7bir \u015fey kazanamad\u0131\u011f\u0131m\u0131z ortada. Art\u0131k farkl\u0131 bir \u015fey yapmal\u0131y\u0131z. Farkl\u0131 ad\u0131mlar atmal\u0131y\u0131z\u201d ifadelerini kullanan Ahmet Sava\u015fan, \u201chep birlikte asgari m\u00fc\u015ftereklerde bulu\u015fup, Kuzey K\u0131br\u0131s T\u00fcrk Cumhuriyeti olarak D\u00fcnya\u2019ya g\u00fc\u00e7l\u00fc bir mesaj vermeliyiz. Elbette \u00fclke i\u00e7inde farkl\u0131 g\u00f6r\u00fc\u015fler de olacak. \u00a0Onlara da sayg\u0131 duymak elbette gerekiyor. Duyuyoruz da. Ama ger\u00e7ekleri g\u00f6rerek birlik beraberlik i\u00e7inde hareket edersek, Kuzey K\u0131br\u0131s\u2019 ile G\u00fcney K\u0131br\u0131s aras\u0131nda e\u015fitli\u011fe dayal\u0131 bir anla\u015fman\u0131n yap\u0131labilmesine yard\u0131mc\u0131 olabiliriz. Aksi takdirde K\u0131br\u0131s Sorunu nas\u0131l bu g\u00fcnlere gelmi\u015f ise b\u00f6yle de \u00e7\u00f6z\u00fcms\u00fcz gider\u201d dedi.<\/p>\n<p><strong>TC ve KKTC s\u00fcrd\u00fcr\u00fclebilir bir anla\u015fmadan yana\u2026<\/strong><\/p>\n<p>Ersin Tatar\u2019\u0131n Cumhurba\u015fkan\u0131 se\u00e7ilmesiyle birlikte UBP Genel Ba\u015fkan\u0131 Ersan Saner Ba\u015fbakanl\u0131\u011f\u0131nda kurulan h\u00fck\u00fcmetin gerek i\u00e7 meselelerde gerekse de K\u0131br\u0131s konusunda T\u00fcrkiye Cumhuriyeti\u2019nden ald\u0131\u011f\u0131 destek ile gelece\u011fin bu g\u00fcnden daha iyi olaca\u011f\u0131na i\u015faret eden Ahmet Sava\u015fan, KKTC\u2019nin T\u00fcrkiye ile birlikte s\u00fcrd\u00fcr\u00fclebilir bir anla\u015fmadan yana oldu\u011funun alt\u0131n\u0131 \u00e7izdi.<\/p>\n<p><strong>Niyetimiz Tatar ve Saner taraf\u0131ndan d\u00fcnyaya duyuruldu\u2026<\/strong><\/p>\n<p>T\u00fcrk taraf\u0131n\u0131n e\u015fit egemenli\u011fe dayal\u0131 bir anla\u015fma istedi\u011fi Cumhurba\u015fkan\u0131 Tatar ve ba\u015fbakan Saner taraf\u0131ndan d\u00fcnyaya duyuruldu\u011funu s\u00f6yleyen UBP MYK \u00dcyesi Ahmet Sava\u015fan, bu ad\u0131m\u0131n BM taraf\u0131ndan desteklenmesi halinde adan\u0131n bir istikrar adas\u0131na d\u00f6n\u00fc\u015febilece\u011fini ve ayr\u0131ca ada etraf\u0131nda \u00e7\u0131kart\u0131lacak gaz\u0131n gerek ekonomik iletilmesi, gerekse de adilane payla\u015f\u0131lmas\u0131na da katk\u0131s\u0131 olaca\u011f\u0131na i\u015faret etti.<\/p>\n<p><strong>Muhalefet e\u015fitlik talebimizi desteklemeli\u2026<\/strong><\/p>\n","protected":false},"excerpt":{"rendered":"<p>UBP MYK \u00dcyesi Ahmet Sava\u015fan, K\u0131br\u0131s sorununu de\u011ferlendirdi\u011fi TV program\u0131nda Cumhurba\u015fkan\u0131 Tatar\u2019\u0131n e\u015fitlik m\u00fccadelesine muhalefetin de destek vermesi gerekti\u011fini belirtti. Ulusal Birlik Partisi Merkez Y\u00f6netim Kurulu \u00dcyesi Ahmet Sava\u015fan, kat\u0131ld\u0131\u011f\u0131 bir TV program\u0131nda K\u0131br\u0131s sorununu de\u011ferlendirdi. Cumhurba\u015fkan\u0131 Tatar\u2019\u0131n BM Genel Sekreteri Guterres ile Br\u00fcksel\u2019de yapaca\u011f\u0131 g\u00f6r\u00fc\u015fmeye de\u011finen Sava\u015fan, Tatar\u2019\u0131n talebi ile ger\u00e7ekle\u015fecek olan bu g\u00f6r\u00fc\u015fmenin [&hellip;]<\/p>\n","protected":false},"author":1,"featured_media":14122,"comment_status":"open","ping_status":"open","sticky":false,"template":"","format":"standard","meta":{"_monsterinsights_skip_tracking":false,"_monsterinsights_sitenote_active":false,"_monsterinsights_sitenote_note":"","_monsterinsights_sitenote_category":0,"footnotes":""},"categories":[102],"tags":[],"class_list":["post-14121","post","type-post","status-publish","format-standard","has-post-thumbnail","hentry","category-haberler"],"aioseo_notices":[],"_links":{"self":[{"href":"https:\/\/ahmetsavasan.com\/tr_tr\/wp-json\/wp\/v2\/posts\/14121","targetHints":{"allow":["GET"]}}],"collection":[{"href":"https:\/\/ahmetsavasan.com\/tr_tr\/wp-json\/wp\/v2\/posts"}],"about":[{"href":"https:\/\/ahmetsavasan.com\/tr_tr\/wp-json\/wp\/v2\/types\/post"}],"author":[{"embeddable":true,"href":"https:\/\/ahmetsavasan.com\/tr_tr\/wp-json\/wp\/v2\/users\/1"}],"replies":[{"embeddable":true,"href":"https:\/\/ahmetsavasan.com\/tr_tr\/wp-json\/wp\/v2\/comments?post=14121"}],"version-history":[{"count":0,"href":"https:\/\/ahmetsavasan.com\/tr_tr\/wp-json\/wp\/v2\/posts\/14121\/revisions"}],"wp:featuredmedia":[{"embeddable":true,"href":"https:\/\/ahmetsavasan.com\/tr_tr\/wp-json\/wp\/v2\/media\/14122"}],"wp:attachment":[{"href":"https:\/\/ahmetsavasan.com\/tr_tr\/wp-json\/wp\/v2\/media?parent=14121"}],"wp:term":[{"taxonomy":"category","embeddable":true,"href":"https:\/\/ahmetsavasan.com\/tr_tr\/wp-json\/wp\/v2\/categories?post=14121"},{"taxonomy":"post_tag","embeddable":true,"href":"https:\/\/ahmetsavasan.com\/tr_tr\/wp-json\/wp\/v2\/tags?post=14121"}],"curies":[{"name":"wp","href":"https:\/\/api.w.org\/{rel}","templated":true}]}}