{"id":14131,"date":"2021-07-12T07:42:48","date_gmt":"2021-07-12T07:42:48","guid":{"rendered":"https:\/\/www.ahmetsavasan.biz\/?p=14131"},"modified":"2021-07-12T07:42:48","modified_gmt":"2021-07-12T07:42:48","slug":"basinin-bilgilendirici-yonu-demokrasimiz-icin-hayati-oneme-sahip","status":"publish","type":"post","link":"https:\/\/ahmetsavasan.com\/tr_tr\/basinin-bilgilendirici-yonu-demokrasimiz-icin-hayati-oneme-sahip\/","title":{"rendered":"Bas\u0131n\u0131n Bilgilendirici Y\u00f6n\u00fc Demokrasimiz \u0130\u00e7in Hayati \u00d6neme Sahip!"},"content":{"rendered":"<p>K\u0131br\u0131s Sa\u011fl\u0131k Turizmi Konseyi Ba\u015fkan\u0131 Dr. Ahmet Sava\u015fan Bas\u0131n G\u00fcn\u00fc nedeniyle yay\u0131nlad\u0131\u011f\u0131 mesajda, bas\u0131n\u0131n, kamuoyunun \u00fclke ve d\u00fcnya ger\u00e7ekleri ile bulu\u015fturulmas\u0131, toplumda kanaat olu\u015fturulmas\u0131, sosyal dayan\u0131\u015fman\u0131n temini gibi \u00f6nemli g\u00f6revleri bulundu\u011funa dikkat \u00e7ekerek, bas\u0131n\u0131n \u00f6nemli bir demokratik g\u00fc\u00e7 oldu\u011funa vurgu yapt\u0131.<\/p>\n<p>&nbsp;<\/p>\n<p>Demokrasinin temel yap\u0131 ta\u015flar\u0131ndan biri olan bas\u0131n-yay\u0131n organlar\u0131n\u0131n, d\u00fc\u015f\u00fcnce, ifade ve haber alma \u00f6zg\u00fcrl\u00fc\u011f\u00fcn\u00fcn en etkili arac\u0131 konumunda oldu\u011funun alt\u0131n\u0131 \u00e7izen Ahmet Sava\u015fan, \u00fclkemizde demokrasinin sa\u011fl\u0131kl\u0131 bir \u015fekilde \u00e7al\u0131\u015fabilmesinde bas\u0131n\u0131n bilgilendirici y\u00f6n\u00fcn\u00fcn yads\u0131nmaz bir gereklilik oldu\u011funa dikkat \u00e7ekti.<\/p>\n<p><strong>\u00a0<\/strong><\/p>\n<p><strong>Bas\u0131n emek\u00e7ileri mesleklerini zor ko\u015fullarda icra ediyor\u2026 <\/strong><\/p>\n<p>Bas\u0131n-yay\u0131n organlar\u0131n\u0131n salg\u0131n nedeniyle daralan ekonomiden kaynaklanan zorluklar\u0131 oldu\u011funu ve bas\u0131n emek\u00e7ilerinin mesleklerini zor ko\u015fullarda icra etmeye \u00e7al\u0131\u015ft\u0131klar\u0131n\u0131 g\u00f6zlemledi\u011fini belirterek, \u201chepimiz, bas\u0131n-yay\u0131n organlar\u0131m\u0131z\u0131n g\u00fc\u00e7lenmesi ve bas\u0131n emek\u00e7ilerinin insanca ya\u015fam ko\u015fullar\u0131nda \u00e7al\u0131\u015farak demokratik toplumsal d\u00fczeninin devam\u0131na katk\u0131 koymas\u0131na yard\u0131mc\u0131 olmal\u0131y\u0131z\u201d ifadelerini kulland\u0131.<\/p>\n<p><strong>\u00a0<\/strong><\/p>\n<p><strong>Ahmet Emin Efendi\u2019yi h\u00fcrmetle an\u0131yoruz\u2026 <\/strong><\/p>\n<p>Sava\u015fan mesaj\u0131n\u0131n sonunda, \u201cilk T\u00fcrk\u00e7e gazete Saded\u2019i 132 y\u0131l \u00f6nce yay\u0131mlayan Ahmet Emin Efendi\u2019yi bu \u00f6nemli g\u00fcnde h\u00fcrmetle anarak, K\u0131br\u0131s T\u00fcrk Bas\u0131n\u0131n\u0131n vefak\u00e2r \u00e7al\u0131\u015fanlar\u0131n\u0131n Bas\u0131n G\u00fcn\u00fc\u2019n\u00fc en samimi dileklerimle kutlar, toplumu ayd\u0131nlatmak ad\u0131na \u00fcstlendikleri g\u00f6revin \u00f6neminin bilinciyle, bas\u0131n mesle\u011finin gerektirdi\u011fi etik de\u011ferlere sad\u0131k kalarak, halk\u0131m\u0131za hizmetlerinin devam\u0131n\u0131 dilerim&#8221; ifadelerini kulland\u0131.<\/p>\n","protected":false},"excerpt":{"rendered":"<p>K\u0131br\u0131s Sa\u011fl\u0131k Turizmi Konseyi Ba\u015fkan\u0131 Dr. Ahmet Sava\u015fan Bas\u0131n G\u00fcn\u00fc nedeniyle yay\u0131nlad\u0131\u011f\u0131 mesajda, bas\u0131n\u0131n, kamuoyunun \u00fclke ve d\u00fcnya ger\u00e7ekleri ile bulu\u015fturulmas\u0131, toplumda kanaat olu\u015fturulmas\u0131, sosyal dayan\u0131\u015fman\u0131n temini gibi \u00f6nemli g\u00f6revleri bulundu\u011funa dikkat \u00e7ekerek, bas\u0131n\u0131n \u00f6nemli bir demokratik g\u00fc\u00e7 oldu\u011funa vurgu yapt\u0131. &nbsp; Demokrasinin temel yap\u0131 ta\u015flar\u0131ndan biri olan bas\u0131n-yay\u0131n organlar\u0131n\u0131n, d\u00fc\u015f\u00fcnce, ifade ve haber alma [&hellip;]<\/p>\n","protected":false},"author":1,"featured_media":14132,"comment_status":"open","ping_status":"open","sticky":false,"template":"","format":"standard","meta":{"_monsterinsights_skip_tracking":false,"_monsterinsights_sitenote_active":false,"_monsterinsights_sitenote_note":"","_monsterinsights_sitenote_category":0,"footnotes":""},"categories":[102],"tags":[],"class_list":["post-14131","post","type-post","status-publish","format-standard","has-post-thumbnail","hentry","category-haberler"],"aioseo_notices":[],"_links":{"self":[{"href":"https:\/\/ahmetsavasan.com\/tr_tr\/wp-json\/wp\/v2\/posts\/14131","targetHints":{"allow":["GET"]}}],"collection":[{"href":"https:\/\/ahmetsavasan.com\/tr_tr\/wp-json\/wp\/v2\/posts"}],"about":[{"href":"https:\/\/ahmetsavasan.com\/tr_tr\/wp-json\/wp\/v2\/types\/post"}],"author":[{"embeddable":true,"href":"https:\/\/ahmetsavasan.com\/tr_tr\/wp-json\/wp\/v2\/users\/1"}],"replies":[{"embeddable":true,"href":"https:\/\/ahmetsavasan.com\/tr_tr\/wp-json\/wp\/v2\/comments?post=14131"}],"version-history":[{"count":0,"href":"https:\/\/ahmetsavasan.com\/tr_tr\/wp-json\/wp\/v2\/posts\/14131\/revisions"}],"wp:featuredmedia":[{"embeddable":true,"href":"https:\/\/ahmetsavasan.com\/tr_tr\/wp-json\/wp\/v2\/media\/14132"}],"wp:attachment":[{"href":"https:\/\/ahmetsavasan.com\/tr_tr\/wp-json\/wp\/v2\/media?parent=14131"}],"wp:term":[{"taxonomy":"category","embeddable":true,"href":"https:\/\/ahmetsavasan.com\/tr_tr\/wp-json\/wp\/v2\/categories?post=14131"},{"taxonomy":"post_tag","embeddable":true,"href":"https:\/\/ahmetsavasan.com\/tr_tr\/wp-json\/wp\/v2\/tags?post=14131"}],"curies":[{"name":"wp","href":"https:\/\/api.w.org\/{rel}","templated":true}]}}