{"id":14141,"date":"2021-07-31T16:34:36","date_gmt":"2021-07-31T16:34:36","guid":{"rendered":"https:\/\/www.ahmetsavasan.biz\/?p=14141"},"modified":"2021-07-31T16:34:36","modified_gmt":"2021-07-31T16:34:36","slug":"1-agustos-haklarimizi-dunyaya-haykirma-gunudur","status":"publish","type":"post","link":"https:\/\/ahmetsavasan.com\/tr_tr\/1-agustos-haklarimizi-dunyaya-haykirma-gunudur\/","title":{"rendered":"1 A\u011fustos, Haklar\u0131m\u0131z\u0131 D\u00fcnyaya Hayk\u0131rma G\u00fcn\u00fcd\u00fcr!"},"content":{"rendered":"<p>K\u0131br\u0131s Sa\u011fl\u0131k Turizmi Konseyi Ba\u015fkan\u0131 Dr. Ahmet Sava\u015fan, 1 A\u011fustos Toplumsal Direni\u015f Bayram\u0131 nedeniyle yay\u0131mlad\u0131\u011f\u0131 mesajda, Rum liderli\u011finin mevcut zihniyetinin K\u0131br\u0131s\u2019ta payla\u015f\u0131ma dayal\u0131 federal bir ortakl\u0131\u011f\u0131n kurulmas\u0131n\u0131 engelledi\u011fine dikkat \u00e7ekerek, K\u0131br\u0131s\u2019ta s\u00fcrd\u00fcr\u00fclebilir bir anla\u015fman\u0131n yap\u0131labilmesinin e\u015fit egemenlikten ge\u00e7ti\u011fine vurgu yapt\u0131.<\/p>\n<p>K\u0131br\u0131s Rum Liderli\u011fi\u2019nin, K\u0131br\u0131s T\u00fcrk Halk\u0131 ile y\u00f6netimi ve zenginli\u011fi payla\u015fmak istemedi\u011fi ger\u00e7e\u011fi ortada dururken, ge\u00e7mi\u015fte T\u00fcrk Mukavemet Te\u015fkilat\u0131 (TMT) efsanesini var eden m\u00fccadeleci ruha, K\u0131br\u0131s\u2019taki T\u00fcrklerin e\u015fitli\u011fini ve egemenli\u011fini korumak ve KKTC\u2019yi g\u00fc\u00e7lendirmek i\u00e7in hala daha ihtiya\u00e7 oldu\u011funa i\u015faret eden Ahmet Sava\u015fan, Rum taraf\u0131n\u0131n mevcut BM parametrelerine d\u00f6nme iste\u011finin adada stat\u00fckoyu devam ettirmek \u00e7abas\u0131ndan ba\u015fka bir \u015fey olmad\u0131\u011f\u0131n\u0131n alt\u0131n\u0131 \u00e7izdi.<\/p>\n<p><strong>\u00a0<\/strong><\/p>\n<p><strong>TATAR VE SANER\u2019\u0130N TUTUMU EZBERLER\u0130 BOZACAK N\u0130TEL\u0130KTE\u2026<\/strong><\/p>\n<p>Ba\u015fta Cumhurba\u015fkan\u0131 Ersin Tatar olmak \u00fczere i\u015f ba\u015f\u0131nda olan Ersan Saner ba\u015fbakanl\u0131\u011f\u0131ndaki h\u00fck\u00fcmetin, gerek Mara\u015f, gerekse K\u0131br\u0131s sorunu konusunda y\u00fcr\u00fctt\u00fc\u011f\u00fc proaktif politikan\u0131n ezberleri bozacak nitelikte oldu\u011funa i\u015faret eden Ahmet Sava\u015fan, bu vizyon sayesinde adada yeni bir d\u00f6nemin ba\u015flayaca\u011f\u0131na inan\u00e7 belirtti.<\/p>\n<p><strong>\u00a0<\/strong><\/p>\n<p><strong>YA\u015eAMAMIZI, TMT\u2019YE, T\u00dcRK ASKER\u0130NE VE M\u00dcCAH\u0130DE BOR\u00c7LUYUZ\u2026<\/strong><\/p>\n<p>T\u00fcrk Halk\u0131 bu g\u00fcn K\u0131br\u0131s\u2019ta g\u00fcven i\u00e7inde ya\u015f\u0131yorsa bunu atalar\u0131n\u0131n verdi\u011fi onurlu m\u00fccadeleye, T\u00fcrk Mukavemet Te\u015fkilat\u0131\u2019na ve T\u00fcrkiye\u2019ye bor\u00e7lu oldu\u011funun alt\u0131n\u0131 \u00e7izen Ahmet Sava\u015fan, \u201cK\u0131br\u0131s T\u00fcrk Halk\u0131\u2019n\u0131n devletine, K\u0131br\u0131s\u2019\u0131n Osmanl\u0131lar taraf\u0131ndan fethi ile ba\u015flayan, TMT\u2019nin filizlenmesi ile y\u0131llarca s\u00fcren ve G\u00fcvenlik Kuvvetleri Komutanl\u0131\u011f\u0131\u2019n\u0131n kurulmas\u0131yla ta\u00e7lanan \u015fanl\u0131 bir direni\u015fin ard\u0131ndan kavu\u015ftu\u011funa\u201d vurgu yapt\u0131.<\/p>\n<p><strong>\u00a0<\/strong><\/p>\n<p><strong>DEVLET\u0130N G\u00dc\u00c7LENMES\u0130 \u0130\u00c7\u0130N GER\u00c7EK\u00c7\u0130 B\u0130R \u00c7ABA GEREK\u0130YOR\u2026<\/strong><\/p>\n<p>1 A\u011fustos\u2019un K\u0131br\u0131s T\u00fcrk Halk\u0131\u2019n\u0131n e\u015fit egemen bir halk olarak, \u00f6zg\u00fcr ve onurlu ya\u015fam\u0131ndan, T\u00fcrkiyesinin etkin ve fiili garantisi ile T\u00fcrk askerinin adadaki varl\u0131\u011f\u0131ndan taviz vermeyece\u011fini D\u00fcnya\u2019ya hayk\u0131rma g\u00fcn\u00fc oldu\u011funa i\u015faret eden Ahmet Sava\u015fan, devletin i\u00e7te ve d\u0131\u015fta g\u00fc\u00e7lenmesi i\u00e7in ger\u00e7ek\u00e7i bir \u00e7aban\u0131n ortaya konulmas\u0131 gerekti\u011finin de alt\u0131n\u0131 \u00e7izdi.<\/p>\n<p><strong>\u00a0<\/strong><\/p>\n<p><strong>\u0130S\u0130MS\u0130Z KAHRAMANLARI RAHMETLE YAD ED\u0130YORUZ\u2026<\/strong><\/p>\n<p>Toplumsal Varolu\u015f M\u00fccadelesi \u00d6nderi Dr. Faz\u0131l K\u00fc\u00e7\u00fck ba\u015fta olmak \u00fczere, Kurucu Cumhurba\u015fkan\u0131 Rauf Raif Denkta\u015f ile TMT kurucular\u0131 ile ge\u00e7mi\u015ften g\u00fcn\u00fcm\u00fcze onurlar\u0131 ile m\u00fccadele veren kahramanlar\u0131n asla unutulmayaca\u011f\u0131na i\u015faret eden Ahmet Sava\u015fan, \u201cTMT\u2019mizde \u00e7ok b\u00fcy\u00fck fedakarl\u0131klarla g\u00f6rev yapan ve sessizce hayata veda eden isimsiz kahramanlar\u0131m\u0131z\u0131 rahmetle y\u00e2d ediyor, hayattaki TMT\u2019cileri en i\u00e7ten sevgi ve sayg\u0131lar\u0131m\u0131zla selaml\u0131yoruz. Ayr\u0131ca vatan\u0131m\u0131zda huzur ve g\u00fcven i\u00e7inde ya\u015famam\u0131z\u0131n teminat\u0131 K\u0131br\u0131s T\u00fcrk Bar\u0131\u015f Kuvvetleri ile G\u00fcvenlik Kuvvetleri Komutanl\u0131klar\u0131m\u0131za ve kahraman mensuplar\u0131na minnetlerimizi sunarak, Toplumsal Direni\u015f Bayram\u0131\u2019n\u0131 kutlar\u0131z\u201d ifadelerini kulland\u0131.<\/p>\n","protected":false},"excerpt":{"rendered":"<p>K\u0131br\u0131s Sa\u011fl\u0131k Turizmi Konseyi Ba\u015fkan\u0131 Dr. Ahmet Sava\u015fan, 1 A\u011fustos Toplumsal Direni\u015f Bayram\u0131 nedeniyle yay\u0131mlad\u0131\u011f\u0131 mesajda, Rum liderli\u011finin mevcut zihniyetinin K\u0131br\u0131s\u2019ta payla\u015f\u0131ma dayal\u0131 federal bir ortakl\u0131\u011f\u0131n kurulmas\u0131n\u0131 engelledi\u011fine dikkat \u00e7ekerek, K\u0131br\u0131s\u2019ta s\u00fcrd\u00fcr\u00fclebilir bir anla\u015fman\u0131n yap\u0131labilmesinin e\u015fit egemenlikten ge\u00e7ti\u011fine vurgu yapt\u0131. K\u0131br\u0131s Rum Liderli\u011fi\u2019nin, K\u0131br\u0131s T\u00fcrk Halk\u0131 ile y\u00f6netimi ve zenginli\u011fi payla\u015fmak istemedi\u011fi ger\u00e7e\u011fi ortada dururken, [&hellip;]<\/p>\n","protected":false},"author":1,"featured_media":14144,"comment_status":"open","ping_status":"open","sticky":false,"template":"","format":"standard","meta":{"_monsterinsights_skip_tracking":false,"_monsterinsights_sitenote_active":false,"_monsterinsights_sitenote_note":"","_monsterinsights_sitenote_category":0,"footnotes":""},"categories":[102],"tags":[],"class_list":["post-14141","post","type-post","status-publish","format-standard","has-post-thumbnail","hentry","category-haberler"],"aioseo_notices":[],"_links":{"self":[{"href":"https:\/\/ahmetsavasan.com\/tr_tr\/wp-json\/wp\/v2\/posts\/14141","targetHints":{"allow":["GET"]}}],"collection":[{"href":"https:\/\/ahmetsavasan.com\/tr_tr\/wp-json\/wp\/v2\/posts"}],"about":[{"href":"https:\/\/ahmetsavasan.com\/tr_tr\/wp-json\/wp\/v2\/types\/post"}],"author":[{"embeddable":true,"href":"https:\/\/ahmetsavasan.com\/tr_tr\/wp-json\/wp\/v2\/users\/1"}],"replies":[{"embeddable":true,"href":"https:\/\/ahmetsavasan.com\/tr_tr\/wp-json\/wp\/v2\/comments?post=14141"}],"version-history":[{"count":0,"href":"https:\/\/ahmetsavasan.com\/tr_tr\/wp-json\/wp\/v2\/posts\/14141\/revisions"}],"wp:featuredmedia":[{"embeddable":true,"href":"https:\/\/ahmetsavasan.com\/tr_tr\/wp-json\/wp\/v2\/media\/14144"}],"wp:attachment":[{"href":"https:\/\/ahmetsavasan.com\/tr_tr\/wp-json\/wp\/v2\/media?parent=14141"}],"wp:term":[{"taxonomy":"category","embeddable":true,"href":"https:\/\/ahmetsavasan.com\/tr_tr\/wp-json\/wp\/v2\/categories?post=14141"},{"taxonomy":"post_tag","embeddable":true,"href":"https:\/\/ahmetsavasan.com\/tr_tr\/wp-json\/wp\/v2\/tags?post=14141"}],"curies":[{"name":"wp","href":"https:\/\/api.w.org\/{rel}","templated":true}]}}