{"id":14761,"date":"2021-11-08T07:39:45","date_gmt":"2021-11-08T07:39:45","guid":{"rendered":"https:\/\/www.ahmetsavasan.biz\/?p=14761"},"modified":"2021-11-08T07:39:45","modified_gmt":"2021-11-08T07:39:45","slug":"29-ekim-demokratik-degerlerin-onemine-isaret-ediyor","status":"publish","type":"post","link":"https:\/\/ahmetsavasan.com\/tr_tr\/29-ekim-demokratik-degerlerin-onemine-isaret-ediyor\/","title":{"rendered":"\u201c29 Ekim Demokratik De\u011ferlerin \u00d6nemine \u0130\u015faret Ediyor\u201d"},"content":{"rendered":"<p style=\"text-align: left;\">K\u0131br\u0131s Sa\u011fl\u0131k Turizmi Konseyi Ba\u015fkan\u0131 Dr.\u00a0<a href=\"https:\/\/www.kibrispostasi.com\/keyword\/8\" target=\"_blank\" rel=\"noopener\"><span class=\"marked\">Ahmet Sava\u015fan<\/span><\/a>, 29 Ekim Cumhuriyet Bayram\u0131 mesaj\u0131 yay\u0131mlad\u0131. T\u00fcrkiye Cumhuriyeti\u2019nin b\u00fcy\u00fck bir zafer ve in\u015fan\u0131n ad\u0131 oldu\u011funa i\u015faret eden\u00a0<a href=\"https:\/\/www.kibrispostasi.com\/keyword\/8\" target=\"_blank\" rel=\"noopener\"><span class=\"marked\">Ahmet Sava\u015fan<\/span><\/a>, \u201ccumhuriyet, millet iradesidir, din, dil, \u0131rk, mezhep ay\u0131rt etmeden millet\u00e7e birlik ve beraberlik i\u00e7inde olman\u0131n ruhudur. Cumhuriyet e\u015fsiz bir vatan sevgisi, b\u00fcy\u00fck bir azim ve kararl\u0131l\u0131k \u00f6rne\u011fidir, 29 Ekim sadece T\u00fcrkiye\u2019nin de\u011fil KKTC\u2019nin de h\u00fcr ve ba\u011f\u0131ms\u0131z ya\u015fayaca\u011f\u0131n\u0131n teminat\u0131\u201d ifadelerini kulland\u0131.<\/p>\n<p style=\"text-align: left;\"><strong>&#8220;<\/strong><strong>ATAT\u00dcRK\u2019\u00dcN \u0130LKE VE \u0130NKILAPLARININ \u00d6NEM\u0130 DAHA \u0130Y\u0130 ANLA\u015eILIYOR\u2026&#8221;<\/strong><\/p>\n<p style=\"text-align: left;\">29 Ekim ile birlikte egemenli\u011fin kay\u0131ts\u0131z \u015farts\u0131z T\u00fcrk Milleti\u2019nin oldu\u011funun tescillendi\u011fine i\u015faret eden\u00a0<a href=\"https:\/\/www.kibrispostasi.com\/keyword\/8\" target=\"_blank\" rel=\"noopener\"><span class=\"marked\">Ahmet Sava\u015fan<\/span><\/a>, B\u00fcy\u00fck T\u00fcrk Milleti\u2019nin ve Cumhuriyetinin tarihsel b\u00fct\u00fcn kazan\u0131mlar\u0131na ve Cumhuriyetin kurucu \u00f6nderi Mustafa Kemal Atat\u00fcrk&#8217;\u00fcn modern ilke ve ink\u0131laplar\u0131na, T\u00fcrk Milletinin ve ayr\u0131lmaz par\u00e7as\u0131 olan K\u0131br\u0131s T\u00fcrkleri olarak bizlerin ba\u011fl\u0131l\u0131\u011f\u0131m\u0131z\u0131n \u00f6nemi her ge\u00e7en g\u00fcn daha da iyi anla\u015f\u0131l\u0131yor\u201d ifadelerini kulland\u0131.<\/p>\n<p style=\"text-align: left;\"><strong>&#8220;CUMHUR\u0130YET\u0130N DE\u011eERLER\u0130, GER\u0130 D\u00d6N\u00dcLMEZ \u015eEK\u0130LDE BEN\u0130MSENM\u0130\u015eT\u0130R\u2026&#8221;<\/strong><\/p>\n<p style=\"text-align: left;\">Sava\u015fan, \u201cK\u0131br\u0131s T\u00fcrk Halk\u0131 olarak bizler, ge\u00e7en 98 y\u0131lda T\u00fcrkiye\u2019mizde Cumhuriyetin de\u011ferlerinin, geri d\u00f6n\u00fclmez bir \u015fekilde millet taraf\u0131ndan \u00f6z\u00fcmsendi\u011fini ve sahiplenildi\u011fini g\u00f6rmenin memnuniyeti i\u00e7indeyiz. Bug\u00fcn h\u0131zl\u0131 bir d\u00f6n\u00fc\u015f\u00fcm ge\u00e7iren D\u00fcnya\u2019da Recep Tayyip Erdo\u011fan ba\u015fkanl\u0131\u011f\u0131ndaki T\u00fcrkiye\u2019mizin \u00f6neminin her ge\u00e7en g\u00fcn artt\u0131\u011f\u0131 ve sadece b\u00f6lgesel de\u011fil k\u00fcresel bir g\u00fc\u00e7 haline geldi\u011fi apa\u00e7\u0131k ortadad\u0131r. T\u00fcrkiye\u2019mizin \u00e7ok daha g\u00fc\u00e7l\u00fc ve \u00e7ok daha m\u00fcreffeh bir \u00fclke haline gelece\u011fi \u015f\u00fcphe g\u00f6t\u00fcrmez bir ger\u00e7ektir\u201d dedi.<\/p>\n<p style=\"text-align: left;\"><strong>&#8220;T\u00dcRK M\u0130LLET\u0130 G\u00d6N\u00dcLLER\u0130 KAYNA\u015eTIRAN B\u0130R MEDEN\u0130YET\u0130N M\u0130RAS\u00c7ILARIDIR\u2026&#8221;<\/strong><\/p>\n<p style=\"text-align: left;\">T\u00fcrk Milleti\u2019nin farkl\u0131 dil, inan\u00e7 ve k\u00fclt\u00fcrleri bir arada ya\u015fatan, g\u00f6n\u00fclleri kayna\u015ft\u0131ran adalet ve bar\u0131\u015f medeniyetinin miras\u00e7\u0131lar\u0131 oldu\u011funun alt\u0131n\u0131 \u00e7izen\u00a0<a href=\"https:\/\/www.kibrispostasi.com\/keyword\/8\" target=\"_blank\" rel=\"noopener\"><span class=\"marked\">Ahmet Sava\u015fan<\/span><\/a>, \u201ckarde\u015f\u00e7e birbirini kucaklayarak, ayd\u0131nl\u0131k yar\u0131nlar\u0131 hep birlikte kuraca\u011f\u0131na olan inanc\u0131m\u0131zla, Cumhuriyetin kurucusu Gazi Mustafa Kemal Atat\u00fcrk ba\u015fta olmak \u00fczere ebediyete intikal etmi\u015f \u015fehitlerimizi ve gazilerimizi minnet ve rahmetle anar, ahlak\u0131n \u00f6vd\u00fc\u011f\u00fc, al\u00e7ak g\u00f6n\u00fcll\u00fcl\u00fck ve do\u011frulu\u011fun, insan\u0131n ruhsal olgunlu\u011funun egemen oldu\u011fu nice \u201cfazilet\u201dli y\u0131l d\u00f6n\u00fcmleri dileyerek, Cumhuriyet Bayram\u0131\u2019n\u0131 kutlar\u0131m\u201d ifadelerini kulland\u0131.<\/p>\n","protected":false},"excerpt":{"rendered":"<p>K\u0131br\u0131s Sa\u011fl\u0131k Turizmi Konseyi Ba\u015fkan\u0131 Dr.\u00a0Ahmet Sava\u015fan, 29 Ekim Cumhuriyet Bayram\u0131 mesaj\u0131 yay\u0131mlad\u0131. T\u00fcrkiye Cumhuriyeti\u2019nin b\u00fcy\u00fck bir zafer ve in\u015fan\u0131n ad\u0131 oldu\u011funa i\u015faret eden\u00a0Ahmet Sava\u015fan, \u201ccumhuriyet, millet iradesidir, din, dil, \u0131rk, mezhep ay\u0131rt etmeden millet\u00e7e birlik ve beraberlik i\u00e7inde olman\u0131n ruhudur. Cumhuriyet e\u015fsiz bir vatan sevgisi, b\u00fcy\u00fck bir azim ve kararl\u0131l\u0131k \u00f6rne\u011fidir, 29 Ekim sadece [&hellip;]<\/p>\n","protected":false},"author":1,"featured_media":14762,"comment_status":"open","ping_status":"open","sticky":false,"template":"","format":"standard","meta":{"_monsterinsights_skip_tracking":false,"_monsterinsights_sitenote_active":false,"_monsterinsights_sitenote_note":"","_monsterinsights_sitenote_category":0,"footnotes":""},"categories":[102],"tags":[],"class_list":["post-14761","post","type-post","status-publish","format-standard","has-post-thumbnail","hentry","category-haberler"],"aioseo_notices":[],"_links":{"self":[{"href":"https:\/\/ahmetsavasan.com\/tr_tr\/wp-json\/wp\/v2\/posts\/14761","targetHints":{"allow":["GET"]}}],"collection":[{"href":"https:\/\/ahmetsavasan.com\/tr_tr\/wp-json\/wp\/v2\/posts"}],"about":[{"href":"https:\/\/ahmetsavasan.com\/tr_tr\/wp-json\/wp\/v2\/types\/post"}],"author":[{"embeddable":true,"href":"https:\/\/ahmetsavasan.com\/tr_tr\/wp-json\/wp\/v2\/users\/1"}],"replies":[{"embeddable":true,"href":"https:\/\/ahmetsavasan.com\/tr_tr\/wp-json\/wp\/v2\/comments?post=14761"}],"version-history":[{"count":0,"href":"https:\/\/ahmetsavasan.com\/tr_tr\/wp-json\/wp\/v2\/posts\/14761\/revisions"}],"wp:featuredmedia":[{"embeddable":true,"href":"https:\/\/ahmetsavasan.com\/tr_tr\/wp-json\/wp\/v2\/media\/14762"}],"wp:attachment":[{"href":"https:\/\/ahmetsavasan.com\/tr_tr\/wp-json\/wp\/v2\/media?parent=14761"}],"wp:term":[{"taxonomy":"category","embeddable":true,"href":"https:\/\/ahmetsavasan.com\/tr_tr\/wp-json\/wp\/v2\/categories?post=14761"},{"taxonomy":"post_tag","embeddable":true,"href":"https:\/\/ahmetsavasan.com\/tr_tr\/wp-json\/wp\/v2\/tags?post=14761"}],"curies":[{"name":"wp","href":"https:\/\/api.w.org\/{rel}","templated":true}]}}