{"id":14770,"date":"2021-11-08T07:56:15","date_gmt":"2021-11-08T07:56:15","guid":{"rendered":"https:\/\/www.ahmetsavasan.biz\/?p=14770"},"modified":"2025-09-01T10:09:01","modified_gmt":"2025-09-01T10:09:01","slug":"2022-toparlanma-yili-olacak","status":"publish","type":"post","link":"https:\/\/ahmetsavasan.com\/tr_tr\/2022-toparlanma-yili-olacak\/","title":{"rendered":"2022 Toparlanma Y\u0131l\u0131 Olacak!"},"content":{"rendered":"<p>K\u0131br\u0131s T\u00fcrk Turizm ve Seyahat Acenteleri Birli\u011fi&#8217;nin (KITSAB) 32. Ola\u011fan Genel Kurul toplant\u0131s\u0131na kat\u0131lan Sa\u011fl\u0131k Turizmi Konseyi Ba\u015fkan\u0131 Dr. Ahmet Sava\u015fan, pandeminin turizmi ve turizmden beklentileri de\u011fi\u015ftirdi\u011fine dikkat \u00e7ekerek, gezginlerin yeni d\u00f6nemde sa\u011fl\u0131\u011f\u0131 koruyan ve geli\u015ftiren tatillere daha fazla y\u00f6nelece\u011fi ve seyahat edecekleri b\u00f6lgelerde g\u00fcvenlik ve emniyet yan\u0131 s\u0131ra \u201cs\u0131f\u0131r karbon\u201d taleplerini y\u00fckseltmelerinin beklendi\u011fine i\u015faret etti.<\/p>\n<p>&nbsp;<\/p>\n<p>KITSAB&#8217;n\u0131n 32. Ola\u011fan Genel Kurul toplant\u0131s\u0131nda konu\u015fan K\u0131br\u0131s Sa\u011fl\u0131k Turizmi Konseyi Ba\u015fkan\u0131 Dr. Ahmet Sava\u015fan, Covid-19 pandemisi ile birlikte d\u00fcnyada pek \u00e7ok \u015feyin de\u011fi\u015fti\u011fine i\u015faret ederek, yeni d\u00fcnya d\u00fczenine h\u0131zl\u0131 adapte olan \u00fclkelerin kendilerine avantaj yarataca\u011f\u0131na dikkat \u00e7ekti.<\/p>\n<p>&nbsp;<\/p>\n<p><strong>Uluslararas\u0131 ziyaret\u00e7i say\u0131lar\u0131nda % 80 azalma\u2026<\/strong><\/p>\n<p>Kuzey K\u0131br\u0131s\u2019\u0131n pandemiden \u00f6nce en b\u00fcy\u00fck gelirinin turizm oldu\u011funu an\u0131msatan Ahmet Sava\u015fan, D\u00fcnya Turizm \u00d6rg\u00fct\u00fc verilerine bak\u0131ld\u0131\u011f\u0131nda uluslararas\u0131 ziyaret\u00e7i say\u0131lar\u0131nda % 80 civar\u0131nda azalma oldu\u011funu, KKTC\u2019de de buna paralel bir gerilemenin ya\u015fand\u0131\u011f\u0131n\u0131 s\u00f6yledi.<\/p>\n<p><strong>\u00a0<\/strong><\/p>\n<p><strong>Ba\u015fbakan turizm i\u00e7in b\u00fcy\u00fck \u015fans\u2026<\/strong><\/p>\n<p>D\u00fcnyan\u0131n \u201crestart\u201d olarak adland\u0131rd\u0131\u011f\u0131 ve tekrardan ba\u015flang\u0131c\u0131n ya\u015fand\u0131\u011f\u0131 2021 y\u0131l\u0131nda turizmdeki hareketin pek \u00e7ok \u00fclkeye k\u0131yasla Kuzey K\u0131br\u0131s\u2019ta daha az oldu\u011funa dikkat \u00e7eken Ahmet Sava\u015fan, turizm ve sa\u011fl\u0131k bakanl\u0131\u011f\u0131 yapm\u0131\u015f bir ba\u015fbakan olan Faiz Sucuo\u011flu, pek \u00e7ok kez turizm bakanl\u0131\u011f\u0131 g\u00f6revi \u00fcstlenerek tecr\u00fcbe edinen Fikri Atao\u011flu ve bu g\u00fcne kadar \u00e7ok cefa \u00e7ekerek ayakta kalmay\u0131 ba\u015faran turizm sekt\u00f6r\u00fc payda\u015flar\u0131n\u0131n verdikleri mesajlara bak\u0131ld\u0131\u011f\u0131nda 2022\u2019nin toparlanma y\u0131l\u0131 olaca\u011f\u0131n\u0131n anla\u015f\u0131ld\u0131\u011f\u0131n\u0131 s\u00f6yledi.<\/p>\n<p>&nbsp;<\/p>\n<p><strong>Var g\u00fcc\u00fcm\u00fczle \u00e7al\u0131\u015faca\u011f\u0131z\u2026<\/strong><\/p>\n<p>Ba\u015fbakan Faiz Sucuo\u011flu\u2019nun KITSAB genel kurulunda yapt\u0131\u011f\u0131 konu\u015fmada \u00e7ok k\u0131sa bir s\u00fcre i\u00e7inde turizmciler ba\u015fta olmak \u00fczere ekonomik \u00f6rg\u00fctler ile bir araya gelece\u011fini ve k\u0131sa vadede kat\u0131l\u0131mc\u0131l\u0131k anlay\u0131\u015f\u0131 ile bir plan yap\u0131laca\u011f\u0131n\u0131 a\u00e7\u0131klamas\u0131n\u0131n \u00f6nemine i\u015faret eden Ahmet Sava\u015fan, \u201cinan\u0131yorum ki 2022 ekonomide 2021\u2019den daha iyi noktaya gidece\u011fimiz, turizmcilerin ve dolay\u0131s\u0131yla da esnaf\u0131n, hayvanc\u0131n\u0131n, \u00e7ift\u00e7inin ve \u00fclke insan\u0131n\u0131n y\u00fcz\u00fcn\u00fcn tekrardan g\u00fclmeye ba\u015flayaca\u011f\u0131 bir y\u0131l olacakt\u0131r. Sa\u011fl\u0131k Turizmi Konseyi olarak bizler de b\u00fcnyemizdeki bilim insanlar\u0131, hekimler, turizm profesyonellerinden olu\u015fan ekibimizle bu s\u00fcrece katk\u0131 koymak i\u00e7in var g\u00fcc\u00fcm\u00fczle \u00e7al\u0131\u015faca\u011f\u0131z\u201d dedi.<\/p>\n","protected":false},"excerpt":{"rendered":"<p>K\u0131br\u0131s T\u00fcrk Turizm ve Seyahat Acenteleri Birli\u011fi&#8217;nin (KITSAB) 32. Ola\u011fan Genel Kurul toplant\u0131s\u0131na kat\u0131lan Sa\u011fl\u0131k Turizmi Konseyi Ba\u015fkan\u0131 Dr. Ahmet Sava\u015fan, pandeminin turizmi ve turizmden beklentileri de\u011fi\u015ftirdi\u011fine dikkat \u00e7ekerek, gezginlerin yeni d\u00f6nemde sa\u011fl\u0131\u011f\u0131 koruyan ve geli\u015ftiren tatillere daha fazla y\u00f6nelece\u011fi ve seyahat edecekleri b\u00f6lgelerde g\u00fcvenlik ve emniyet yan\u0131 s\u0131ra \u201cs\u0131f\u0131r karbon\u201d taleplerini y\u00fckseltmelerinin beklendi\u011fine i\u015faret [&hellip;]<\/p>\n","protected":false},"author":1,"featured_media":14771,"comment_status":"open","ping_status":"open","sticky":false,"template":"","format":"standard","meta":{"_monsterinsights_skip_tracking":false,"_monsterinsights_sitenote_active":false,"_monsterinsights_sitenote_note":"","_monsterinsights_sitenote_category":0,"footnotes":""},"categories":[140],"tags":[],"class_list":["post-14770","post","type-post","status-publish","format-standard","has-post-thumbnail","hentry","category-chtc"],"aioseo_notices":[],"_links":{"self":[{"href":"https:\/\/ahmetsavasan.com\/tr_tr\/wp-json\/wp\/v2\/posts\/14770","targetHints":{"allow":["GET"]}}],"collection":[{"href":"https:\/\/ahmetsavasan.com\/tr_tr\/wp-json\/wp\/v2\/posts"}],"about":[{"href":"https:\/\/ahmetsavasan.com\/tr_tr\/wp-json\/wp\/v2\/types\/post"}],"author":[{"embeddable":true,"href":"https:\/\/ahmetsavasan.com\/tr_tr\/wp-json\/wp\/v2\/users\/1"}],"replies":[{"embeddable":true,"href":"https:\/\/ahmetsavasan.com\/tr_tr\/wp-json\/wp\/v2\/comments?post=14770"}],"version-history":[{"count":1,"href":"https:\/\/ahmetsavasan.com\/tr_tr\/wp-json\/wp\/v2\/posts\/14770\/revisions"}],"predecessor-version":[{"id":20362,"href":"https:\/\/ahmetsavasan.com\/tr_tr\/wp-json\/wp\/v2\/posts\/14770\/revisions\/20362"}],"wp:featuredmedia":[{"embeddable":true,"href":"https:\/\/ahmetsavasan.com\/tr_tr\/wp-json\/wp\/v2\/media\/14771"}],"wp:attachment":[{"href":"https:\/\/ahmetsavasan.com\/tr_tr\/wp-json\/wp\/v2\/media?parent=14770"}],"wp:term":[{"taxonomy":"category","embeddable":true,"href":"https:\/\/ahmetsavasan.com\/tr_tr\/wp-json\/wp\/v2\/categories?post=14770"},{"taxonomy":"post_tag","embeddable":true,"href":"https:\/\/ahmetsavasan.com\/tr_tr\/wp-json\/wp\/v2\/tags?post=14770"}],"curies":[{"name":"wp","href":"https:\/\/api.w.org\/{rel}","templated":true}]}}