{"id":14778,"date":"2021-11-17T12:21:33","date_gmt":"2021-11-17T12:21:33","guid":{"rendered":"https:\/\/www.ahmetsavasan.biz\/?p=14778"},"modified":"2021-11-17T12:21:33","modified_gmt":"2021-11-17T12:21:33","slug":"ataturkun-dusunce-sistemi-sonsuza-kadar-yasatilacak","status":"publish","type":"post","link":"https:\/\/ahmetsavasan.com\/tr_tr\/ataturkun-dusunce-sistemi-sonsuza-kadar-yasatilacak\/","title":{"rendered":"ATAT\u00dcRK\u2019\u00fcn D\u00fc\u015f\u00fcnce Sistemi Sonsuza Kadar Ya\u015fat\u0131lacak"},"content":{"rendered":"<p>Atat\u00fcrk\u2019\u00fcn ebediyete intikal edi\u015finin 83\u2019\u00fcnc\u00fc y\u0131ld\u00f6n\u00fcm\u00fc nedeniyle mesaj yay\u0131nlayan K\u0131br\u0131s Sa\u011fl\u0131k Turizmi Konseyi Ba\u015fkan\u0131 Dr. Ahmet Sava\u015fan, Atat\u00fcrk\u2019\u00fcn demokratik ve \u00e7a\u011fda\u015f d\u00fc\u015f\u00fcnce sistemi, sahip oldu\u011fu evrensel de\u011ferleri, bilimi k\u0131lavuz edinmi\u015f anlay\u0131\u015f\u0131 ve miras b\u0131rakt\u0131\u011f\u0131 ilkelerinin sonsuza kadar ya\u015fat\u0131laca\u011f\u0131n\u0131 vurgulad\u0131. Mustafa Kemal Atat\u00fcrk\u2019\u00fcn; fikir, siyaset ve askeri dehas\u0131 ile ad\u0131n\u0131 D\u00fcnya tarihine silinmez harflerle yazd\u0131rd\u0131\u011f\u0131n\u0131 ve i\u00e7ine pek \u00e7ok ba\u015far\u0131y\u0131 s\u0131\u011fd\u0131rd\u0131\u011f\u0131 k\u0131sa ya\u015fam\u0131n\u0131n son an\u0131na kadar memleketine hizmet etti\u011fini belirten Ahmet Sava\u015fan, 10<br \/>\nKas\u0131m\u2019\u0131n Atat\u00fcrk\u2019\u00fcn ideallerini, emanetlerini, fikirlerini en do\u011fru \u015fekilde anlad\u0131\u011f\u0131m\u0131z\u0131 ve gelecek nesillere aktarmak i\u00e7in \u00e7al\u0131\u015faca\u011f\u0131m\u0131z\u0131 g\u00f6sterme g\u00fcn\u00fc oldu\u011funa dikkat \u00e7ekti.<\/p>\n<p><strong>10 Kas\u0131m matem g\u00fcn\u00fc de\u011fildir\u2026<\/strong><br \/>\n10 Kas\u0131mlar\u0131 bir matem bir yas g\u00fcn\u00fc olarak g\u00f6rmemek gerekti\u011finin alt\u0131n\u0131 \u00e7izen Ahmet Sava\u015fan, bu \u00f6zel g\u00fcn\u00fcn, Atat\u00fcrk\u2019\u00fcn \u201chi\u00e7 dinlenmemek \u00fczere yola \u00e7\u0131kanlar asla yorulmazlar\u201d s\u00f6z\u00fcn\u00fc hat\u0131rlayarak, onun fikirlerine ve g\u00f6sterdi\u011fi hedeflere ula\u015fmak i\u00e7in daha \u00e7ok \u00e7al\u0131\u015fmak, bir ve beraber olmak gerekti\u011fini hayk\u0131rmak i\u00e7in<br \/>\nf\u0131rsat olarak g\u00f6rmek gerekti\u011fine i\u015faret etti.<\/p>\n<p><strong> Atat\u00fcrk bize bayrak i\u00e7in m\u00fccadeleyi \u00f6\u011fretti\u2026<\/strong><\/p>\n<p>Sava\u015fan mesaj\u0131n\u0131n sonunda \u201cUlu \u00d6nderimiz Mustafa Kemal Atat\u00fcrk bize, \u00fclke i\u00e7in, vatan i\u00e7in, bayrak i\u00e7in ve kutsal sayd\u0131\u011f\u0131m\u0131z de\u011ferler i\u00e7in \u00e7al\u0131\u015fmay\u0131, gayret etmeyi, y\u0131lmamay\u0131 ve fedakarl\u0131\u011f\u0131 \u00f6\u011fretti. Ona olan sevgimizi ancak ondan \u00f6\u011frendiklerimizi hayata ge\u00e7irerek g\u00f6sterebiliriz. Bu \u00f6zel g\u00fcnde K\u0131br\u0131s T\u00fcrkleri olarak bizlerin de \u00f6nderi, T\u00fcrkiye Cumhuriyeti\u2019nin kurucusu Gazi Mustafa Kemal Atat\u00fcrk ile silah arkada\u015flar\u0131n\u0131, T\u00fcrkiyemizin ve bizlerin Milli M\u00fccadele kahramanlar\u0131n\u0131 bir kez daha sevgi, sayg\u0131 ve rahmetle an\u0131yorum\u201d ifadelerini kulland\u0131.<\/p>\n","protected":false},"excerpt":{"rendered":"<p>Atat\u00fcrk\u2019\u00fcn ebediyete intikal edi\u015finin 83\u2019\u00fcnc\u00fc y\u0131ld\u00f6n\u00fcm\u00fc nedeniyle mesaj yay\u0131nlayan K\u0131br\u0131s Sa\u011fl\u0131k Turizmi Konseyi Ba\u015fkan\u0131 Dr. Ahmet Sava\u015fan, Atat\u00fcrk\u2019\u00fcn demokratik ve \u00e7a\u011fda\u015f d\u00fc\u015f\u00fcnce sistemi, sahip oldu\u011fu evrensel de\u011ferleri, bilimi k\u0131lavuz edinmi\u015f anlay\u0131\u015f\u0131 ve miras b\u0131rakt\u0131\u011f\u0131 ilkelerinin sonsuza kadar ya\u015fat\u0131laca\u011f\u0131n\u0131 vurgulad\u0131. Mustafa Kemal Atat\u00fcrk\u2019\u00fcn; fikir, siyaset ve askeri dehas\u0131 ile ad\u0131n\u0131 D\u00fcnya tarihine silinmez harflerle yazd\u0131rd\u0131\u011f\u0131n\u0131 ve [&hellip;]<\/p>\n","protected":false},"author":1,"featured_media":14779,"comment_status":"open","ping_status":"open","sticky":false,"template":"","format":"standard","meta":{"_monsterinsights_skip_tracking":false,"_monsterinsights_sitenote_active":false,"_monsterinsights_sitenote_note":"","_monsterinsights_sitenote_category":0,"footnotes":""},"categories":[102],"tags":[],"class_list":["post-14778","post","type-post","status-publish","format-standard","has-post-thumbnail","hentry","category-haberler"],"aioseo_notices":[],"_links":{"self":[{"href":"https:\/\/ahmetsavasan.com\/tr_tr\/wp-json\/wp\/v2\/posts\/14778","targetHints":{"allow":["GET"]}}],"collection":[{"href":"https:\/\/ahmetsavasan.com\/tr_tr\/wp-json\/wp\/v2\/posts"}],"about":[{"href":"https:\/\/ahmetsavasan.com\/tr_tr\/wp-json\/wp\/v2\/types\/post"}],"author":[{"embeddable":true,"href":"https:\/\/ahmetsavasan.com\/tr_tr\/wp-json\/wp\/v2\/users\/1"}],"replies":[{"embeddable":true,"href":"https:\/\/ahmetsavasan.com\/tr_tr\/wp-json\/wp\/v2\/comments?post=14778"}],"version-history":[{"count":0,"href":"https:\/\/ahmetsavasan.com\/tr_tr\/wp-json\/wp\/v2\/posts\/14778\/revisions"}],"wp:featuredmedia":[{"embeddable":true,"href":"https:\/\/ahmetsavasan.com\/tr_tr\/wp-json\/wp\/v2\/media\/14779"}],"wp:attachment":[{"href":"https:\/\/ahmetsavasan.com\/tr_tr\/wp-json\/wp\/v2\/media?parent=14778"}],"wp:term":[{"taxonomy":"category","embeddable":true,"href":"https:\/\/ahmetsavasan.com\/tr_tr\/wp-json\/wp\/v2\/categories?post=14778"},{"taxonomy":"post_tag","embeddable":true,"href":"https:\/\/ahmetsavasan.com\/tr_tr\/wp-json\/wp\/v2\/tags?post=14778"}],"curies":[{"name":"wp","href":"https:\/\/api.w.org\/{rel}","templated":true}]}}