{"id":14781,"date":"2021-11-17T12:34:16","date_gmt":"2021-11-17T12:34:16","guid":{"rendered":"https:\/\/www.ahmetsavasan.biz\/?p=14781"},"modified":"2021-11-17T12:34:16","modified_gmt":"2021-11-17T12:34:16","slug":"kktc-kibris-turk-halkinin-ozgurlugunun-ifadesidir","status":"publish","type":"post","link":"https:\/\/ahmetsavasan.com\/tr_tr\/kktc-kibris-turk-halkinin-ozgurlugunun-ifadesidir\/","title":{"rendered":"KKTC, K\u0131br\u0131s T\u00fcrk Halk\u0131\u2019n\u0131n \u00d6zg\u00fcrl\u00fc\u011f\u00fcn\u00fcn \u0130fadesidir"},"content":{"rendered":"<p>Kuzey K\u0131br\u0131s T\u00fcrk Cumhuriyeti\u2019nin 38\u2019inci kurulu\u015f y\u0131ld\u00f6n\u00fcm\u00fc nedeniyle mesaj yay\u0131nlayan K\u0131br\u0131s Sa\u011fl\u0131k Turizmi Konseyi Ba\u015fkan\u0131 Dr. Ahmet Sava\u015fan, 15 Kas\u0131m\u2019\u0131n, K\u0131br\u0131s T\u00fcrk Halk\u0131\u2019n\u0131n ba\u011f\u0131ms\u0131zl\u0131\u011f\u0131n\u0131n tart\u0131\u015f\u0131lmaz kan\u0131t\u0131 oldu\u011funa vurgu yapt\u0131. Mesaj\u0131nda \u201cbizlerin Cumhuriyete sahip olabilmemiz i\u00e7in \u015fehitlerimiz ba\u015fta olmak \u00fczere, tarihsel m\u00fccadeleyi kahramanca s\u00fcrd\u00fcren gazilerimiz ile cefakar halk\u0131m\u0131za, ge\u00e7mi\u015ften g\u00fcn\u00fcm\u00fcze her ko\u015fulda yan\u0131m\u0131zda olan Anavatan T\u00fcrkiye\u2019ye ne kadar minnet duysak azd\u0131r\u201d diyen Ahmet Sava\u015fan, \u201ckuruldu\u011fu g\u00fcnden bu yana yok edilmek istenmesine ra\u011fmen yoluna devam eden Kuzey K\u0131br\u0131s T\u00fcrk Cumhuriyeti\u2019nin 38\u2019inci y\u0131l\u0131na gelmesinde katk\u0131s\u0131 bulunan herkese g\u00f6n\u00fclden selam olsun\u201d ifadelerini kulland\u0131.<\/p>\n<p>KKTC b\u00fcy\u00fck bir kararl\u0131l\u0131kla s\u00fcrd\u00fcr\u00fclen m\u00fccadelenin bir sonucudur\u2026<\/p>\n<p>B\u00fcy\u00fck bir onur ve gelece\u011fe g\u00fcven duyarak kutlad\u0131\u011f\u0131m\u0131z bu g\u00fcn\u00fcn, K\u0131br\u0131s T\u00fcrk Halk\u0131\u2019n\u0131n ba\u011f\u0131ms\u0131zl\u0131\u011f\u0131n\u0131n tart\u0131\u015f\u0131lmaz kan\u0131t\u0131 oldu\u011funun alt\u0131n\u0131 \u00e7izen Ahmet Sava\u015fan, K\u0131br\u0131s T\u00fcrk Halk\u0131\u2019n\u0131n, ba\u011f\u0131ms\u0131zl\u0131\u011f\u0131na ne kadar d\u00fc\u015fk\u00fcn oldu\u011funu Rumlar\u0131n ENOS\u0130S istemine kar\u015f\u0131 verdi\u011fi hakl\u0131 m\u00fccadele ile g\u00f6sterdi\u011fini an\u0131msatt\u0131. Sava\u015fan, Kuzey K\u0131br\u0131s T\u00fcrk Cumhuriyeti\u2019nin, 1950\u2019lerde ba\u015flayan, 1963 sald\u0131r\u0131lar\u0131ndan sonra b\u00fcy\u00fck bir kararl\u0131l\u0131kla s\u00fcrd\u00fcr\u00fclen m\u00fccadelenin bir sonucu ve tac\u0131 oldu\u011funun alt\u0131n\u0131 \u00e7izdi.<\/p>\n<p>K\u0131br\u0131s Sorunu Rumlar\u0131n hadsizli\u011finden do\u011fmu\u015ftur!<\/p>\n<p>Cumhuriyetimizin 38\u2019inci kurulu\u015f y\u0131ld\u00f6n\u00fcm\u00fcnde halen yap\u0131lmakta olan siyasi tart\u0131\u015fmalar\u0131 tarihsel s\u00fcre\u00e7 i\u00e7inde de\u011ferlendirmek gerekti\u011finin alt\u0131n\u0131 \u00e7izen Ahmet Sava\u015fan, \u201cK\u0131br\u0131s Rumlar\u0131, K\u0131br\u0131s T\u00fcrk Halk\u0131n\u0131 hi\u00e7bir zaman y\u00f6netmemi\u015ftir. Bundan sonras\u0131 i\u00e7in ise b\u00f6yle bir talepte bulunmak b\u00fcy\u00fck bir c\u00fcret ve haddini a\u015fmak olur. Bug\u00fcn, adada K\u0131br\u0131s sorunu diye bir sorun varsa, bunun nedeni K\u0131br\u0131s Rumlar\u0131n\u0131n bu<br \/>\nhadsizli\u011fidir. Bu dayanaks\u0131z c\u00fcret ve hadsizlik sona erdi\u011fi ve iki halk\u0131n egemen e\u015fitli\u011fi kabul edildi\u011fi g\u00fcn bu sorun da sona erecek ve adada s\u00fcrd\u00fcr\u00fclebilir bir anla\u015fma yap\u0131labilmesinin de yolu a\u00e7\u0131lacakt\u0131r\u201d dedi.<\/p>\n<p>Kendi kendimizi y\u00f6netme hakk\u0131m\u0131zdan \u00f6d\u00fcn vermeyece\u011fiz\u2026<br \/>\nCumhuriyetin 38 y\u0131l \u00f6nce ilan edilmesine kar\u015f\u0131n, i\u00e7te ve d\u0131\u015fta bu ger\u00e7e\u011fi yok sayanlar, bu<br \/>\nger\u00e7e\u011fe inan\u00e7s\u0131zl\u0131k g\u00f6sterenler; kendine, toplumuna, devletine ve kurumlar\u0131na sahip<br \/>\n\u00e7\u0131kmayanlar, onlara yak\u0131\u015f\u0131r \u00e7al\u0131\u015fmayanlar ve hatta onlara ihanet edenlere inat, KKTC\u2019nin<br \/>\nyoluna emin ad\u0131mlarla devam edece\u011fini vurgulayan Ahmet Sava\u015fan, K\u0131br\u0131s T\u00fcrk<br \/>\nHalk\u0131\u2019n\u0131n, \u015fimdiye kadar oldu\u011fu gibi bundan sonra da ba\u011f\u0131ms\u0131zl\u0131\u011f\u0131ndan ve kendi kendini<br \/>\ny\u00f6netme hakk\u0131ndan \u00f6d\u00fcn vermeyece\u011fini belirtti. Ahmet Sava\u015fan mesaj\u0131n\u0131n sonunda,<br \/>\n\u201cKuzey K\u0131br\u0131s T\u00fcrk Cumhuriyeti K\u0131br\u0131s T\u00fcrk Halk\u0131\u2019n\u0131n \u00f6zg\u00fcrl\u00fc\u011f\u00fcn\u00fcn bir ifadesi olarak<br \/>\nya\u015famaya devam edecek, adam\u0131za daha fazla huzur ve refah gelmesinin teminat\u0131 olarak<br \/>\nvarl\u0131\u011f\u0131n\u0131 her zaman koruyacakt\u0131r\u201d ifadelerini kulland\u0131.<\/p>\n","protected":false},"excerpt":{"rendered":"<p>Kuzey K\u0131br\u0131s T\u00fcrk Cumhuriyeti\u2019nin 38\u2019inci kurulu\u015f y\u0131ld\u00f6n\u00fcm\u00fc nedeniyle mesaj yay\u0131nlayan K\u0131br\u0131s Sa\u011fl\u0131k Turizmi Konseyi Ba\u015fkan\u0131 Dr. Ahmet Sava\u015fan, 15 Kas\u0131m\u2019\u0131n, K\u0131br\u0131s T\u00fcrk Halk\u0131\u2019n\u0131n ba\u011f\u0131ms\u0131zl\u0131\u011f\u0131n\u0131n tart\u0131\u015f\u0131lmaz kan\u0131t\u0131 oldu\u011funa vurgu yapt\u0131. Mesaj\u0131nda \u201cbizlerin Cumhuriyete sahip olabilmemiz i\u00e7in \u015fehitlerimiz ba\u015fta olmak \u00fczere, tarihsel m\u00fccadeleyi kahramanca s\u00fcrd\u00fcren gazilerimiz ile cefakar halk\u0131m\u0131za, ge\u00e7mi\u015ften g\u00fcn\u00fcm\u00fcze her ko\u015fulda yan\u0131m\u0131zda olan Anavatan T\u00fcrkiye\u2019ye [&hellip;]<\/p>\n","protected":false},"author":1,"featured_media":14782,"comment_status":"open","ping_status":"open","sticky":false,"template":"","format":"standard","meta":{"_monsterinsights_skip_tracking":false,"_monsterinsights_sitenote_active":false,"_monsterinsights_sitenote_note":"","_monsterinsights_sitenote_category":0,"footnotes":""},"categories":[102],"tags":[],"class_list":["post-14781","post","type-post","status-publish","format-standard","has-post-thumbnail","hentry","category-haberler"],"aioseo_notices":[],"_links":{"self":[{"href":"https:\/\/ahmetsavasan.com\/tr_tr\/wp-json\/wp\/v2\/posts\/14781","targetHints":{"allow":["GET"]}}],"collection":[{"href":"https:\/\/ahmetsavasan.com\/tr_tr\/wp-json\/wp\/v2\/posts"}],"about":[{"href":"https:\/\/ahmetsavasan.com\/tr_tr\/wp-json\/wp\/v2\/types\/post"}],"author":[{"embeddable":true,"href":"https:\/\/ahmetsavasan.com\/tr_tr\/wp-json\/wp\/v2\/users\/1"}],"replies":[{"embeddable":true,"href":"https:\/\/ahmetsavasan.com\/tr_tr\/wp-json\/wp\/v2\/comments?post=14781"}],"version-history":[{"count":0,"href":"https:\/\/ahmetsavasan.com\/tr_tr\/wp-json\/wp\/v2\/posts\/14781\/revisions"}],"wp:featuredmedia":[{"embeddable":true,"href":"https:\/\/ahmetsavasan.com\/tr_tr\/wp-json\/wp\/v2\/media\/14782"}],"wp:attachment":[{"href":"https:\/\/ahmetsavasan.com\/tr_tr\/wp-json\/wp\/v2\/media?parent=14781"}],"wp:term":[{"taxonomy":"category","embeddable":true,"href":"https:\/\/ahmetsavasan.com\/tr_tr\/wp-json\/wp\/v2\/categories?post=14781"},{"taxonomy":"post_tag","embeddable":true,"href":"https:\/\/ahmetsavasan.com\/tr_tr\/wp-json\/wp\/v2\/tags?post=14781"}],"curies":[{"name":"wp","href":"https:\/\/api.w.org\/{rel}","templated":true}]}}