{"id":14785,"date":"2021-11-22T08:21:57","date_gmt":"2021-11-22T08:21:57","guid":{"rendered":"https:\/\/www.ahmetsavasan.biz\/?p=14785"},"modified":"2021-11-22T08:21:57","modified_gmt":"2021-11-22T08:21:57","slug":"1-milyar-cocuk-cok-yuksek-risk-altinda","status":"publish","type":"post","link":"https:\/\/ahmetsavasan.com\/tr_tr\/1-milyar-cocuk-cok-yuksek-risk-altinda\/","title":{"rendered":"1 milyar \u00c7ocuk \u201c\u00c7ok Y\u00fcksek Risk\u201d Alt\u0131nda!"},"content":{"rendered":"<p>D\u00fcnya \u00c7ocuk G\u00fcn\u00fc dolay\u0131s\u0131yla mesaj yay\u0131nlayan K\u0131br\u0131s Sa\u011fl\u0131k Turizmi Konseyi Ba\u015fkan\u0131 Dr. Ahmet Sava\u015fan 1 milyar \u00e7ocu\u011fun iklim de\u011fi\u015fikli\u011finin beraberinde getirdi\u011fi sonu\u00e7lara ba\u011fl\u0131 olarak \u201c\u00e7ok y\u00fcksek risk\u201d alt\u0131nda oldu\u011funa dikkat \u00e7ekti. \u0130klim krizinin \u00e7ocuklar\u0131n hayatta kalma, geli\u015fme ve gelecekteki potansiyellerine y\u00f6nelik do\u011frudan bir tehdit olu\u015fturdu\u011funun net bir \u015fekilde g\u00f6r\u00fcld\u00fc\u011f\u00fcn\u00fc vurgulayan Ahmet Sava\u015fan, \u201cD\u00fcnya\u2019daki \u00e7ocuk n\u00fcfusunun y\u00fczde 99\u2019undan fazlas\u0131 iklim krizinden etkileniyor. UNICEF\u2019e verilerine bak\u0131ld\u0131\u011f\u0131nda \u015fu anda 1 milyar \u00e7ocu\u011fun iklim de\u011fi\u015fikli\u011finin beraberinde getirdi\u011fi sonu\u00e7lara ba\u011fl\u0131 olarak \u201c\u00e7ok y\u00fcksek risk\u201d alt\u0131nda oldu\u011funu g\u00f6r\u00fcyoruz. D\u00fcnya \u00e7ocuk n\u00fcfusunun yakla\u015f\u0131k 3\u2019te 1\u2019i susuzluk sorunuyla m\u00fccadele ediyor. Her 4 \u00e7ocuktan 1\u2019i s\u0131tma gibi<br \/>\nhastal\u0131klara yakalan\u0131yor ve s\u0131cakl\u0131ktaki art\u0131\u015flar bu hastal\u0131klar\u0131n bula\u015fmas\u0131n\u0131 kolayla\u015ft\u0131rd\u0131\u011f\u0131 i\u00e7in bu say\u0131n\u0131n artaca\u011f\u0131 \u00f6ng\u00f6r\u00fcl\u00fcyor. Rakamlar tehlikenin b\u00fcy\u00fckl\u00fc\u011f\u00fcn\u00fc ortaya koyuyor. Bu tabloyu de\u011fi\u015ftirmek i\u00e7in d\u00fcnya b\u00fcy\u00fck \u00e7aba<br \/>\nveriyor ve bu \u00e7abay\u0131 da art\u0131rmaktan ba\u015fka \u00e7are yok! Umut halen var.1 Bu umudu ger\u00e7e\u011fe d\u00f6n\u00fc\u015ft\u00fcrmek i\u00e7in \u00e7ocuklar\u0131n ve gen\u00e7lerin seslerini duymak, onlara hak ettikleri gibi daha iyi bir d\u00fcnya b\u0131rakabilmek i\u00e7in hi\u00e7 vakit kaybetmeden hepimiz harekete ge\u00e7meliyiz\u201d dedi.<\/p>\n<p>\u00c7ocuklar\u0131n insanl\u0131\u011f\u0131n ortak umududur\u2026<\/p>\n<p>Sava\u015fan mesaj\u0131n\u0131n sonunda, \u201c\u00e7ocuklar\u0131n insanl\u0131\u011f\u0131n ortak umudu ve en \u00f6nemli hazinesi oldu\u011fu bilinciyle, bu \u00f6zel g\u00fcnde b\u00fct\u00fcn \u00e7ocuklar\u0131n g\u00f6zlerinden \u00f6perek, sevgi, huzur ve bar\u0131\u015f dolu bir ya\u015fam s\u00fcrd\u00fcrmelerini temenni ediyorum. D\u00fcnya \u00c7ocuk G\u00fcn\u00fcn\u00fc kutluyorum\u201d ifadelerini kulland\u0131.<\/p>\n<p><img fetchpriority=\"high\" decoding=\"async\" class=\"alignnone  wp-image-14787\" src=\"https:\/\/www.ahmetsavasan.biz\/wp-content\/uploads\/2021\/11\/20-kasim-225x300.jpg\" alt=\"\" width=\"296\" height=\"395\" srcset=\"https:\/\/ahmetsavasan.com\/wp-content\/uploads\/2021\/11\/20-kasim-225x300.jpg 225w, https:\/\/ahmetsavasan.com\/wp-content\/uploads\/2021\/11\/20-kasim-768x1024.jpg 768w, https:\/\/ahmetsavasan.com\/wp-content\/uploads\/2021\/11\/20-kasim.jpg 774w\" sizes=\"(max-width: 296px) 100vw, 296px\" \/><\/p>\n<p>&nbsp;<\/p>\n","protected":false},"excerpt":{"rendered":"<p>D\u00fcnya \u00c7ocuk G\u00fcn\u00fc dolay\u0131s\u0131yla mesaj yay\u0131nlayan K\u0131br\u0131s Sa\u011fl\u0131k Turizmi Konseyi Ba\u015fkan\u0131 Dr. Ahmet Sava\u015fan 1 milyar \u00e7ocu\u011fun iklim de\u011fi\u015fikli\u011finin beraberinde getirdi\u011fi sonu\u00e7lara ba\u011fl\u0131 olarak \u201c\u00e7ok y\u00fcksek risk\u201d alt\u0131nda oldu\u011funa dikkat \u00e7ekti. \u0130klim krizinin \u00e7ocuklar\u0131n hayatta kalma, geli\u015fme ve gelecekteki potansiyellerine y\u00f6nelik do\u011frudan bir tehdit olu\u015fturdu\u011funun net bir \u015fekilde g\u00f6r\u00fcld\u00fc\u011f\u00fcn\u00fc vurgulayan Ahmet Sava\u015fan, \u201cD\u00fcnya\u2019daki \u00e7ocuk n\u00fcfusunun [&hellip;]<\/p>\n","protected":false},"author":1,"featured_media":14786,"comment_status":"open","ping_status":"open","sticky":false,"template":"","format":"standard","meta":{"_monsterinsights_skip_tracking":false,"_monsterinsights_sitenote_active":false,"_monsterinsights_sitenote_note":"","_monsterinsights_sitenote_category":0,"footnotes":""},"categories":[102],"tags":[],"class_list":["post-14785","post","type-post","status-publish","format-standard","has-post-thumbnail","hentry","category-haberler"],"aioseo_notices":[],"_links":{"self":[{"href":"https:\/\/ahmetsavasan.com\/tr_tr\/wp-json\/wp\/v2\/posts\/14785","targetHints":{"allow":["GET"]}}],"collection":[{"href":"https:\/\/ahmetsavasan.com\/tr_tr\/wp-json\/wp\/v2\/posts"}],"about":[{"href":"https:\/\/ahmetsavasan.com\/tr_tr\/wp-json\/wp\/v2\/types\/post"}],"author":[{"embeddable":true,"href":"https:\/\/ahmetsavasan.com\/tr_tr\/wp-json\/wp\/v2\/users\/1"}],"replies":[{"embeddable":true,"href":"https:\/\/ahmetsavasan.com\/tr_tr\/wp-json\/wp\/v2\/comments?post=14785"}],"version-history":[{"count":0,"href":"https:\/\/ahmetsavasan.com\/tr_tr\/wp-json\/wp\/v2\/posts\/14785\/revisions"}],"wp:featuredmedia":[{"embeddable":true,"href":"https:\/\/ahmetsavasan.com\/tr_tr\/wp-json\/wp\/v2\/media\/14786"}],"wp:attachment":[{"href":"https:\/\/ahmetsavasan.com\/tr_tr\/wp-json\/wp\/v2\/media?parent=14785"}],"wp:term":[{"taxonomy":"category","embeddable":true,"href":"https:\/\/ahmetsavasan.com\/tr_tr\/wp-json\/wp\/v2\/categories?post=14785"},{"taxonomy":"post_tag","embeddable":true,"href":"https:\/\/ahmetsavasan.com\/tr_tr\/wp-json\/wp\/v2\/tags?post=14785"}],"curies":[{"name":"wp","href":"https:\/\/api.w.org\/{rel}","templated":true}]}}