{"id":14797,"date":"2021-12-09T20:04:57","date_gmt":"2021-12-09T20:04:57","guid":{"rendered":"https:\/\/www.ahmetsavasan.biz\/?p=14797"},"modified":"2021-12-09T20:04:57","modified_gmt":"2021-12-09T20:04:57","slug":"gercek-bir-ilerleme-kadin-erkek-esitligi-ile-saglanabilir-2","status":"publish","type":"post","link":"https:\/\/ahmetsavasan.com\/tr_tr\/gercek-bir-ilerleme-kadin-erkek-esitligi-ile-saglanabilir-2\/","title":{"rendered":"Ger\u00e7ek Bir \u0130lerleme, Kad\u0131n-Erkek E\u015fitli\u011fi \u0130le Sa\u011flanabilir!"},"content":{"rendered":"<p>Ba\u015fbakanl\u0131k Ba\u015fdan\u0131\u015fman\u0131 Dr. Ahmet Sava\u015fan, kad\u0131nlar\u0131n ya\u015fam\u0131n her alan\u0131nda e\u015fit<br \/>\nko\u015fullarda yer almas\u0131n\u0131n \u00e7a\u011fda\u015f D\u00fcnya\u2019n\u0131n gere\u011fi oldu\u011funa vurgu yaparak, KKTC\u2019de yasalar<br \/>\n\u00f6n\u00fcnde kad\u0131n ve erke\u011fin e\u015fit olmas\u0131na ra\u011fmen, n\u00fcfusumuzun yar\u0131s\u0131n\u0131 olu\u015fturan kad\u0131nlar\u0131n<br \/>\nya\u015fam\u0131n her alan\u0131nda e\u015fit ko\u015fullarda yer alabildi\u011fini s\u00f6ylemenin m\u00fcmk\u00fcn olmad\u0131\u011f\u0131na dikkat<br \/>\n\u00e7ekti. Faiz Sucuo\u011flu liderli\u011findeki yeni d\u00f6nemde UBP bu ger\u00e7e\u011fi kabul ederek samimiyetle<br \/>\ngereken ad\u0131mlar\u0131 atacakt\u0131r\u201d dedi.<br \/>\nKat\u0131ld\u0131\u011f\u0131 bir televizyon program\u0131nda D\u00fcnya Kad\u0131n Haklar\u0131 G\u00fcn\u00fc\u2019n\u00fcn \u00f6nemine i\u015faret eden<br \/>\nAhmet Sava\u015fan, kad\u0131nlar\u0131n ya\u015fam\u0131n her alan\u0131nda e\u015fit ko\u015fullarda yer almas\u0131n\u0131n \u00e7a\u011fda\u015f<br \/>\nD\u00fcnya\u2019n\u0131n gere\u011fi oldu\u011funa vurgu yapt\u0131. 5 Aral\u0131\u011f\u0131n, i\u00e7inde bulundu\u011fumuz y\u00fczy\u0131l\u0131n ba\u015flar\u0131ndan<br \/>\nbu yana b\u00fct\u00fcn D\u00fcnya\u2019da kad\u0131nlar\u0131n daha insanca ya\u015fama iste\u011fini dile getirdikleri \u00f6nemli bir<br \/>\nm\u00fccadele ve dayan\u0131\u015fma g\u00fcn\u00fc oldu\u011funa i\u015faret eden Sava\u015fan, \u201c5 Aral\u0131k, kad\u0131n sorunlar\u0131n\u0131n<br \/>\ng\u00fcndeme getirilmesi, bu konudaki fark\u0131ndal\u0131\u011f\u0131n art\u0131r\u0131lmas\u0131 ve ya\u015fanan problemlere \u00e7\u00f6z\u00fcmler<br \/>\nbulunmas\u0131 a\u00e7\u0131s\u0131ndan \u00f6nemli bir f\u0131rsat yarat\u0131yor\u201d dedi.<br \/>\nKad\u0131nlar\u0131n g\u00fc\u00e7lendirilmesi gerekiyor\u2026<br \/>\nDemokratik bir toplum i\u00e7in kad\u0131nlar\u0131n g\u00fc\u00e7lendirilmesi gerekti\u011fini vurgulayan Ahmet Sava\u015fan,<br \/>\n\u201ckad\u0131nlar\u0131m\u0131z\u0131n \u00e7al\u0131\u015fma alanlar\u0131n\u0131n geni\u015fletilerek, e\u011fitimden sa\u011fl\u0131\u011fa, yasama, y\u00fcr\u00fctme ve<br \/>\nyarg\u0131dan i\u015f d\u00fcnyas\u0131na, siyasetten ekonomiye kadar ya\u015fam\u0131n her alan\u0131nda e\u015fit f\u0131rsat ve<br \/>\nimkanlardan yararlanmalar\u0131 halinde \u00fclkemizde ger\u00e7ek bir ilerlemeden bahsedilebilecektir\u201d<br \/>\nifadelerini kulland\u0131.<br \/>\nKad\u0131nlar Meclis\u2019te ve pek \u00e7ok noktada az\u0131nl\u0131kta\u2026\u2026<br \/>\nYap\u0131lan hukuki d\u00fczenlemelere ve at\u0131lan olumlu ad\u0131mlara ra\u011fmen; kad\u0131n-erkek e\u015fitli\u011fi<br \/>\nuygulamalar\u0131 a\u00e7\u0131s\u0131ndan Kuzey K\u0131br\u0131s T\u00fcrk Cumhuriyeti\u2019nin (KKTC) \u00e7a\u011fda\u015f D\u00fcnya&#8217;n\u0131n gerisinde<br \/>\noldu\u011funa dikkat \u00e7eken Ahmet Sava\u015fan, e\u011fitimde, bilimde, sa\u011fl\u0131kta, edebiyatta, sanatta,<br \/>\nbas\u0131nda, turizmde ve daha bir\u00e7ok alanda b\u00fcy\u00fck ba\u015far\u0131lar elde eden kad\u0131nlar\u0131n, KKTC<br \/>\nMeclisinde ve daha pek \u00e7ok karar verici noktada az\u0131nl\u0131kta kalmas\u0131n\u0131n d\u00fc\u015f\u00fcnd\u00fcr\u00fcc\u00fc oldu\u011funa<br \/>\ni\u015faret etti.<br \/>\nGelece\u011fin in\u015fas\u0131nda kad\u0131nlar\u0131m\u0131z\u0131n \u00f6nc\u00fc bir rol \u00fcstlenecek\u2026<br \/>\n\u00dclkemizde kad\u0131n istismar\u0131, kad\u0131nlara uygulanan \u015fiddet, cinsiyet ayr\u0131mc\u0131l\u0131k gibi konular\u0131n<br \/>\n\u00fczerine gidilse de halen istenen noktadan uzak olundu\u011funu belirten Ahmet Sava\u015fan, \u201cT\u00fcrk<br \/>\nkad\u0131n\u0131n\u0131n se\u00e7me ve se\u00e7ilme hakk\u0131n\u0131 elde etmesinin 87. y\u0131l d\u00f6n\u00fcm\u00fcnde Mustafa Kemal<br \/>\nAtat\u00fcrk\u2019\u00fc sayg\u0131yla an\u0131yor, gelece\u011fin in\u015fas\u0131nda kad\u0131nlar\u0131m\u0131z\u0131n \u00f6nc\u00fc bir rol \u00fcstlenece\u011fine emin<br \/>\nolarak 5 Aral\u0131k D\u00fcnya Kad\u0131n Haklar\u0131 G\u00fcn\u00fc&#8217;n\u00fc kutluyorum&#8221; ifadelerini kulland\u0131.<\/p>\n","protected":false},"excerpt":{"rendered":"<p>Ba\u015fbakanl\u0131k Ba\u015fdan\u0131\u015fman\u0131 Dr. Ahmet Sava\u015fan, kad\u0131nlar\u0131n ya\u015fam\u0131n her alan\u0131nda e\u015fit ko\u015fullarda yer almas\u0131n\u0131n \u00e7a\u011fda\u015f D\u00fcnya\u2019n\u0131n gere\u011fi oldu\u011funa vurgu yaparak, KKTC\u2019de yasalar \u00f6n\u00fcnde kad\u0131n ve erke\u011fin e\u015fit olmas\u0131na ra\u011fmen, n\u00fcfusumuzun yar\u0131s\u0131n\u0131 olu\u015fturan kad\u0131nlar\u0131n ya\u015fam\u0131n her alan\u0131nda e\u015fit ko\u015fullarda yer alabildi\u011fini s\u00f6ylemenin m\u00fcmk\u00fcn olmad\u0131\u011f\u0131na dikkat \u00e7ekti. Faiz Sucuo\u011flu liderli\u011findeki yeni d\u00f6nemde UBP bu ger\u00e7e\u011fi kabul ederek samimiyetle [&hellip;]<\/p>\n","protected":false},"author":1,"featured_media":14798,"comment_status":"open","ping_status":"open","sticky":false,"template":"","format":"standard","meta":{"_monsterinsights_skip_tracking":false,"_monsterinsights_sitenote_active":false,"_monsterinsights_sitenote_note":"","_monsterinsights_sitenote_category":0,"footnotes":""},"categories":[102],"tags":[],"class_list":["post-14797","post","type-post","status-publish","format-standard","has-post-thumbnail","hentry","category-haberler"],"aioseo_notices":[],"_links":{"self":[{"href":"https:\/\/ahmetsavasan.com\/tr_tr\/wp-json\/wp\/v2\/posts\/14797","targetHints":{"allow":["GET"]}}],"collection":[{"href":"https:\/\/ahmetsavasan.com\/tr_tr\/wp-json\/wp\/v2\/posts"}],"about":[{"href":"https:\/\/ahmetsavasan.com\/tr_tr\/wp-json\/wp\/v2\/types\/post"}],"author":[{"embeddable":true,"href":"https:\/\/ahmetsavasan.com\/tr_tr\/wp-json\/wp\/v2\/users\/1"}],"replies":[{"embeddable":true,"href":"https:\/\/ahmetsavasan.com\/tr_tr\/wp-json\/wp\/v2\/comments?post=14797"}],"version-history":[{"count":0,"href":"https:\/\/ahmetsavasan.com\/tr_tr\/wp-json\/wp\/v2\/posts\/14797\/revisions"}],"wp:featuredmedia":[{"embeddable":true,"href":"https:\/\/ahmetsavasan.com\/tr_tr\/wp-json\/wp\/v2\/media\/14798"}],"wp:attachment":[{"href":"https:\/\/ahmetsavasan.com\/tr_tr\/wp-json\/wp\/v2\/media?parent=14797"}],"wp:term":[{"taxonomy":"category","embeddable":true,"href":"https:\/\/ahmetsavasan.com\/tr_tr\/wp-json\/wp\/v2\/categories?post=14797"},{"taxonomy":"post_tag","embeddable":true,"href":"https:\/\/ahmetsavasan.com\/tr_tr\/wp-json\/wp\/v2\/tags?post=14797"}],"curies":[{"name":"wp","href":"https:\/\/api.w.org\/{rel}","templated":true}]}}