{"id":14810,"date":"2021-12-14T11:17:15","date_gmt":"2021-12-14T11:17:15","guid":{"rendered":"https:\/\/www.ahmetsavasan.biz\/?p=14810"},"modified":"2021-12-14T11:17:15","modified_gmt":"2021-12-14T11:17:15","slug":"ahmet-savasan-ubpden-aday-adayi","status":"publish","type":"post","link":"https:\/\/ahmetsavasan.com\/tr_tr\/ahmet-savasan-ubpden-aday-adayi\/","title":{"rendered":"Ahmet Sava\u015fan, UBP\u2019den Aday Aday\u0131"},"content":{"rendered":"<p>23 Ocak Pazar g\u00fcn\u00fc ger\u00e7ekle\u015ftirilecek olan erken genel se\u00e7im i\u00e7in partilere aday adayl\u0131\u011f\u0131 ba\u015fvurular\u0131 devam ediyor&#8230;<\/p>\n<p>Ayn\u0131 zamanda Ba\u015fbakanl\u0131k Ba\u015fdan\u0131\u015fman\u0131 olan\u00a0<a href=\"https:\/\/www.kibrispostasi.com\/keyword\/8\" target=\"_blank\" rel=\"noopener\"><span class=\"marked\">Ahmet Sava\u015fan<\/span><\/a>, sosyal medya hesab\u0131ndan yapt\u0131\u011f\u0131 payla\u015f\u0131mla Ulusal Birlik Partisi\u2019nden (UBP) aday aday\u0131 oldu\u011funu a\u00e7\u0131klad\u0131.<\/p>\n<p>Payla\u015f\u0131m\u0131nda KKTC i\u00e7in verilen toplumsal m\u00fccadeleye do\u011frudan katk\u0131da bulunmak amac\u0131yla UBP\u2019den adayl\u0131k ba\u015fvurusu yapt\u0131\u011f\u0131n\u0131 belirten Sava\u015fan, \u201cdi\u011fer b\u00fct\u00fcn dava arkada\u015flar\u0131m ile birlikte bug\u00fcne kadar s\u00fcrd\u00fcrd\u00fc\u011f\u00fcm m\u00fccadeleyi, daha \u00fcst seviyeye ta\u015f\u0131mak i\u00e7in onay ve yetki talep ediyorum\u201d ifadelerini kulland\u0131.<\/p>\n<p>Sava\u015fan\u2019\u0131n payla\u015f\u0131m\u0131 \u015fu \u015fekilde:<\/p>\n<p>\u201cK\u0131ymetli K\u0131br\u0131s T\u00fcrk Halk\u0131,<\/p>\n<p>Daha geli\u015fmi\u015f ve s\u00fcrd\u00fcr\u00fclebilir bir Kuzey K\u0131br\u0131s T\u00fcrk Cumhuriyeti i\u00e7in verilen toplumsal m\u00fccadeleye do\u011frudan katk\u0131da bulunabilmek amac\u0131yla Ulusal Birlik Partisi\u2019nden milletvekili aday\u0131 olarak kar\u015f\u0131n\u0131za \u00e7\u0131kma iste\u011fimi yineledim ve milletvekili adayl\u0131\u011f\u0131 i\u00e7in ba\u015fvurumu yapt\u0131m.<\/p>\n<p>UBP\u2019li b\u00fcy\u00fcklerimin ve karde\u015flerimin beni sizlerin kar\u015f\u0131s\u0131na aday olarak \u00e7\u0131karaca\u011f\u0131na y\u00fcrekten inan\u0131yor ve g\u00fcveniyorum.<\/p>\n<p>Devletimizi k\u00f6kle\u015ftirmek, halk\u0131m\u0131z\u0131 daha mutlu ya\u015fatmak amac\u0131yla bu onurlu yola \u00e7\u0131kan di\u011fer b\u00fct\u00fcn dava arkada\u015flar\u0131m ile birlikte bug\u00fcne kadar s\u00fcrd\u00fcrd\u00fc\u011f\u00fcm m\u00fccadeleyi, daha \u00fcst seviyeye ta\u015f\u0131mak i\u00e7in onay ve yetki talep ediyorum.\u201d<\/p>\n","protected":false},"excerpt":{"rendered":"<p>23 Ocak Pazar g\u00fcn\u00fc ger\u00e7ekle\u015ftirilecek olan erken genel se\u00e7im i\u00e7in partilere aday adayl\u0131\u011f\u0131 ba\u015fvurular\u0131 devam ediyor&#8230; Ayn\u0131 zamanda Ba\u015fbakanl\u0131k Ba\u015fdan\u0131\u015fman\u0131 olan\u00a0Ahmet Sava\u015fan, sosyal medya hesab\u0131ndan yapt\u0131\u011f\u0131 payla\u015f\u0131mla Ulusal Birlik Partisi\u2019nden (UBP) aday aday\u0131 oldu\u011funu a\u00e7\u0131klad\u0131. Payla\u015f\u0131m\u0131nda KKTC i\u00e7in verilen toplumsal m\u00fccadeleye do\u011frudan katk\u0131da bulunmak amac\u0131yla UBP\u2019den adayl\u0131k ba\u015fvurusu yapt\u0131\u011f\u0131n\u0131 belirten Sava\u015fan, \u201cdi\u011fer b\u00fct\u00fcn dava arkada\u015flar\u0131m [&hellip;]<\/p>\n","protected":false},"author":1,"featured_media":14811,"comment_status":"open","ping_status":"open","sticky":false,"template":"","format":"standard","meta":{"_monsterinsights_skip_tracking":false,"_monsterinsights_sitenote_active":false,"_monsterinsights_sitenote_note":"","_monsterinsights_sitenote_category":0,"footnotes":""},"categories":[102],"tags":[],"class_list":["post-14810","post","type-post","status-publish","format-standard","has-post-thumbnail","hentry","category-haberler"],"aioseo_notices":[],"_links":{"self":[{"href":"https:\/\/ahmetsavasan.com\/tr_tr\/wp-json\/wp\/v2\/posts\/14810","targetHints":{"allow":["GET"]}}],"collection":[{"href":"https:\/\/ahmetsavasan.com\/tr_tr\/wp-json\/wp\/v2\/posts"}],"about":[{"href":"https:\/\/ahmetsavasan.com\/tr_tr\/wp-json\/wp\/v2\/types\/post"}],"author":[{"embeddable":true,"href":"https:\/\/ahmetsavasan.com\/tr_tr\/wp-json\/wp\/v2\/users\/1"}],"replies":[{"embeddable":true,"href":"https:\/\/ahmetsavasan.com\/tr_tr\/wp-json\/wp\/v2\/comments?post=14810"}],"version-history":[{"count":0,"href":"https:\/\/ahmetsavasan.com\/tr_tr\/wp-json\/wp\/v2\/posts\/14810\/revisions"}],"wp:featuredmedia":[{"embeddable":true,"href":"https:\/\/ahmetsavasan.com\/tr_tr\/wp-json\/wp\/v2\/media\/14811"}],"wp:attachment":[{"href":"https:\/\/ahmetsavasan.com\/tr_tr\/wp-json\/wp\/v2\/media?parent=14810"}],"wp:term":[{"taxonomy":"category","embeddable":true,"href":"https:\/\/ahmetsavasan.com\/tr_tr\/wp-json\/wp\/v2\/categories?post=14810"},{"taxonomy":"post_tag","embeddable":true,"href":"https:\/\/ahmetsavasan.com\/tr_tr\/wp-json\/wp\/v2\/tags?post=14810"}],"curies":[{"name":"wp","href":"https:\/\/api.w.org\/{rel}","templated":true}]}}