{"id":14967,"date":"2022-01-26T18:01:23","date_gmt":"2022-01-26T18:01:23","guid":{"rendered":"https:\/\/www.ahmetsavasan.biz\/?p=14967"},"modified":"2022-01-26T18:01:23","modified_gmt":"2022-01-26T18:01:23","slug":"hedefimiz-siyasi-istikrari-yakalayarak-ekonomik-istikrara-ulasmak","status":"publish","type":"post","link":"https:\/\/ahmetsavasan.com\/tr_tr\/hedefimiz-siyasi-istikrari-yakalayarak-ekonomik-istikrara-ulasmak\/","title":{"rendered":"Hedefimiz Siyasi istikrar\u0131 Yakalayarak, Ekonomik \u0130stikrara Ula\u015fmak"},"content":{"rendered":"<p>Ulusal Birlik Partisi (UBP) Milletvekili aday\u0131\u00a0<a href=\"https:\/\/www.kibrispostasi.com\/keyword\/8\" target=\"_blank\" rel=\"noopener\"><span class=\"marked\">Ahmet Sava\u015fan<\/span><\/a>\u00a0yaz\u0131l\u0131 a\u00e7\u0131klamas\u0131nda, salg\u0131n hastal\u0131ktan \u00f6t\u00fcr\u00fc d\u00fcnyada oldu\u011fu gibi \u00fclkede de ekonomik s\u0131k\u0131nt\u0131lar ya\u015fand\u0131\u011f\u0131n\u0131, bu s\u0131k\u0131nt\u0131lar\u0131n \u00e7\u00f6z\u00fcm\u00fcne y\u00f6nelik parti olarak somut ad\u0131mlar atmaya ba\u015flad\u0131klar\u0131n\u0131 ve bu ad\u0131mlar\u0131n se\u00e7imden sonra da devam edece\u011fini kaydetti.<\/p>\n<p><strong>&#8220;EKONOM\u0130N\u0130N D\u00dcZELT\u0130LMES\u0130YLE \u0130LG\u0130L\u0130 HAYAL SATMAYA \u00c7ALI\u015eMIYORUZ&#8221;<\/strong><\/p>\n<p><a href=\"https:\/\/www.kibrispostasi.com\/keyword\/8\" target=\"_blank\" rel=\"noopener\"><span class=\"marked\">Ahmet Sava\u015fan<\/span><\/a>, partisinin, yeti\u015fmi\u015f insan g\u00fcc\u00fcne sahip oldu\u011funu, devletine ve insan\u0131na inand\u0131\u011f\u0131n\u0131, proje \u00fcretebildi\u011fini ve Ankara\u2019n\u0131n deste\u011fine sahip olarak kararl\u0131 davrand\u0131\u011f\u0131n\u0131 ifade ederek, ekonominin d\u00fczeltilmesiyle ilgili hayal satmaya \u00e7al\u0131\u015fmad\u0131klar\u0131n\u0131, gerek turizm gerekse y\u00fcksek \u00f6\u011fretimde gerekli ad\u0131mlar\u0131 att\u0131klar\u0131n\u0131, \u00fclke ekonomisi \u00fczerinde pandeminin yaratt\u0131\u011f\u0131 tahribat\u0131 ortadan kald\u0131racak projeleri de hayata ge\u00e7ireceklerine vurgu yapt\u0131.<\/p>\n<p>Sava\u015fan, se\u00e7im sonras\u0131nda UBP taraf\u0131ndan kurulaca\u011f\u0131na inand\u0131\u011f\u0131 h\u00fck\u00fcmetin ortaya koyaca\u011f\u0131 kararl\u0131 politikalarla 2022\u2019nin \u201ctoparlanma y\u0131l\u0131\u201d olaca\u011f\u0131n\u0131 ifade ederek, esnaf\u0131n, hayvanc\u0131n\u0131n, \u00e7ift\u00e7inin ve \u00fclke insan\u0131n\u0131n y\u00fcz\u00fcn\u00fcn g\u00fclmeye ba\u015flayaca\u011f\u0131na inan\u00e7 belirtti.<\/p>\n","protected":false},"excerpt":{"rendered":"<p>Ulusal Birlik Partisi (UBP) Milletvekili aday\u0131\u00a0Ahmet Sava\u015fan\u00a0yaz\u0131l\u0131 a\u00e7\u0131klamas\u0131nda, salg\u0131n hastal\u0131ktan \u00f6t\u00fcr\u00fc d\u00fcnyada oldu\u011fu gibi \u00fclkede de ekonomik s\u0131k\u0131nt\u0131lar ya\u015fand\u0131\u011f\u0131n\u0131, bu s\u0131k\u0131nt\u0131lar\u0131n \u00e7\u00f6z\u00fcm\u00fcne y\u00f6nelik parti olarak somut ad\u0131mlar atmaya ba\u015flad\u0131klar\u0131n\u0131 ve bu ad\u0131mlar\u0131n se\u00e7imden sonra da devam edece\u011fini kaydetti. &#8220;EKONOM\u0130N\u0130N D\u00dcZELT\u0130LMES\u0130YLE \u0130LG\u0130L\u0130 HAYAL SATMAYA \u00c7ALI\u015eMIYORUZ&#8221; Ahmet Sava\u015fan, partisinin, yeti\u015fmi\u015f insan g\u00fcc\u00fcne sahip oldu\u011funu, devletine ve insan\u0131na [&hellip;]<\/p>\n","protected":false},"author":1,"featured_media":14964,"comment_status":"open","ping_status":"open","sticky":false,"template":"","format":"standard","meta":{"_monsterinsights_skip_tracking":false,"_monsterinsights_sitenote_active":false,"_monsterinsights_sitenote_note":"","_monsterinsights_sitenote_category":0,"footnotes":""},"categories":[102],"tags":[],"class_list":["post-14967","post","type-post","status-publish","format-standard","has-post-thumbnail","hentry","category-haberler"],"aioseo_notices":[],"_links":{"self":[{"href":"https:\/\/ahmetsavasan.com\/tr_tr\/wp-json\/wp\/v2\/posts\/14967","targetHints":{"allow":["GET"]}}],"collection":[{"href":"https:\/\/ahmetsavasan.com\/tr_tr\/wp-json\/wp\/v2\/posts"}],"about":[{"href":"https:\/\/ahmetsavasan.com\/tr_tr\/wp-json\/wp\/v2\/types\/post"}],"author":[{"embeddable":true,"href":"https:\/\/ahmetsavasan.com\/tr_tr\/wp-json\/wp\/v2\/users\/1"}],"replies":[{"embeddable":true,"href":"https:\/\/ahmetsavasan.com\/tr_tr\/wp-json\/wp\/v2\/comments?post=14967"}],"version-history":[{"count":0,"href":"https:\/\/ahmetsavasan.com\/tr_tr\/wp-json\/wp\/v2\/posts\/14967\/revisions"}],"wp:featuredmedia":[{"embeddable":true,"href":"https:\/\/ahmetsavasan.com\/tr_tr\/wp-json\/wp\/v2\/media\/14964"}],"wp:attachment":[{"href":"https:\/\/ahmetsavasan.com\/tr_tr\/wp-json\/wp\/v2\/media?parent=14967"}],"wp:term":[{"taxonomy":"category","embeddable":true,"href":"https:\/\/ahmetsavasan.com\/tr_tr\/wp-json\/wp\/v2\/categories?post=14967"},{"taxonomy":"post_tag","embeddable":true,"href":"https:\/\/ahmetsavasan.com\/tr_tr\/wp-json\/wp\/v2\/tags?post=14967"}],"curies":[{"name":"wp","href":"https:\/\/api.w.org\/{rel}","templated":true}]}}