{"id":14998,"date":"2022-02-27T14:44:10","date_gmt":"2022-02-27T14:44:10","guid":{"rendered":"https:\/\/www.ahmetsavasan.biz\/?p=14998"},"modified":"2022-02-27T14:44:10","modified_gmt":"2022-02-27T14:44:10","slug":"hocali-katliami-turkiyenin-guvencesinin-onemini-tekrardan-hatirlatiyor","status":"publish","type":"post","link":"https:\/\/ahmetsavasan.com\/tr_tr\/hocali-katliami-turkiyenin-guvencesinin-onemini-tekrardan-hatirlatiyor\/","title":{"rendered":"Hocal\u0131 Katliam\u0131 T\u00fcrkiye\u2019nin G\u00fcvencesinin \u00d6nemini Tekrardan Hat\u0131rlat\u0131yor!"},"content":{"rendered":"<p>Hocal\u0131 katliam\u0131n\u0131n 30\u2019ncu y\u0131ld\u00f6n\u00fcm\u00fc nedeniyle mesaj yay\u0131mlayan Dr. Ahmet Sava\u015fan, \u0130nsan Haklar\u0131 \u0130zleme \u00d6rg\u00fct\u00fc taraf\u0131ndan en kapsaml\u0131 sivil katliam olarak nitelendirdi\u011fi Hocal\u0131 katliam\u0131n\u0131 esefle k\u0131nad\u0131\u011f\u0131n\u0131 belirterek, \u201ckarde\u015f Azerbaycan&#8217;a ba\u015fsa\u011fl\u0131\u011f\u0131 diledi.<\/p>\n<p>Hocal\u0131 katliam\u0131 \u2018en kapsaml\u0131 sivil katliamd\u0131r\u2019\u2026<\/p>\n<p>26 \u015eubat 1992\u2019de, Azerbaycan\u2019\u0131n Da\u011fl\u0131k Karaba\u011f b\u00f6lgesindeki Hocal\u0131 kasabas\u0131nda 106&#8217;s\u0131<br \/>\nkad\u0131n, 83&#8242; \u00fc \u00e7ocuk olmak \u00fczere toplam 613 Azerbaycanl\u0131\u2019n\u0131n, Ermeni g\u00fc\u00e7leri taraf\u0131ndan<br \/>\nkatledildi\u011fini an\u0131msatan Ahmet Sava\u015fan, \u201c\u0130nsan Haklar\u0131 \u0130zleme \u00d6rg\u00fct\u00fc, Hocal\u0131 katliam\u0131n\u0131<br \/>\nen kapsaml\u0131 sivil katliam olarak niteledi. Hocal\u0131 katliam\u0131n\u0131 lanetle, Hocal\u0131 \u015fehitlerini<br \/>\nrahmetle an\u0131yor; karde\u015f Azerbaycan&#8217;a ba\u015fsa\u011fl\u0131\u011f\u0131 diliyorum\u201d ifadelerini kulland\u0131.<\/p>\n<p>Sava\u015fs\u0131z bir D\u00fcnya i\u00e7in b\u00fct\u00fcn insanlara g\u00f6rev d\u00fc\u015f\u00fcyor\u2026<\/p>\n<p>Sava\u015fs\u0131z bir D\u00fcnya\u2019n\u0131n in\u015fas\u0131 i\u00e7in b\u00fct\u00fcn insanlara \u00f6nemli g\u00f6revler d\u00fc\u015ft\u00fc\u011f\u00fcn\u00fc ifade eden<br \/>\nAhmet Sava\u015fan, bu ac\u0131 katliam\u0131n y\u0131ld\u00f6n\u00fcm\u00fcnde, d\u00fcnyan\u0131n \u00e7e\u015fitli yerlerinde devam eden<br \/>\nsilahl\u0131 \u00e7at\u0131\u015fmalarda, \u00e7at\u0131\u015fmalar\u0131n en az\u0131ndan silahl\u0131 g\u00fc\u00e7ler aras\u0131nda kalmas\u0131 ve sivillerin<br \/>\nhedef al\u0131nmamas\u0131n\u0131n \u00f6nemine vurgu yapt\u0131.<\/p>\n<p>Uzla\u015fmazl\u0131klar diplomatik yollarla \u00e7\u00f6z\u00fcmlenmeli\u2026<\/p>\n<p>\u201cB\u00fct\u00fcn bu \u00e7at\u0131\u015fmalar\u0131n ya\u015fanmamas\u0131 ve uzla\u015fmazl\u0131klar\u0131n diplomatik yollarla<br \/>\n\u00e7\u00f6z\u00fcmlenmesi en b\u00fcy\u00fck dile\u011fimdir\u201d diyen Ahmet Sava\u015fan, \u201cne yaz\u0131k ki Rusya\u2019n\u0131n<br \/>\nUkrayna\u2019ya kar\u015f\u0131 ger\u00e7ekle\u015ftirdi\u011fi sald\u0131r\u0131, di\u011fer b\u00fct\u00fcn sald\u0131r\u0131lar gibi sivillerin hayat\u0131n\u0131 da<br \/>\ntehdit ederek kitlesel g\u00f6\u00e7lere neden oluyor ve b\u00f6lge insanlar\u0131n\u0131n ya\u015famlar\u0131n\u0131<br \/>\nalabildi\u011fine zorla\u015ft\u0131r\u0131yor\u201d dedi.<\/p>\n<p>T\u00fcrkiye\u2019nin K\u0131br\u0131s\u2019taki garant\u00f6rl\u00fc\u011f\u00fc bizim i\u00e7in vazge\u00e7ilmezdir\u2026<\/p>\n<p>\u201cBu dileklerimize kar\u015f\u0131n, gerek Hocal\u0131 katliam\u0131, gerekse bug\u00fcn Ukrayna\u2019da ya\u015fananlar bize T\u00fcrkiye\u2019nin g\u00fcvencesinin \u00f6nemini hat\u0131rlat\u0131yor\u201d diyen Dr. Ahmet Sava\u015fan, \u201cT\u00fcrkiye\u2019nin K\u0131br\u0131s\u2019taki garant\u00f6rl\u00fc\u011f\u00fcn\u00fcn yan\u0131 s\u0131ra, K\u0131br\u0131s T\u00fcrk halk\u0131n\u0131n siyasal ve toplumsal haklar\u0131n\u0131n fiili koruyucusu olmas\u0131n\u0131n sa\u011flad\u0131\u011f\u0131 g\u00fcvence bizim i\u00e7in vazge\u00e7ilmezdir; asla g\u00f6lgelenmemeli veya suland\u0131r\u0131lmamal\u0131d\u0131r. K\u0131br\u0131s T\u00fcrk halk\u0131n\u0131n bu g\u00fcvenceye ula\u015fmak i\u00e7in verdi\u011fi m\u00fccadelede \u015fehit d\u00fc\u015fenlere kar\u015f\u0131 borcumuz, bu g\u00fcvenceyi her zaman korumak ve kollamak olacakt\u0131r. Hocal\u0131 katliam\u0131nda hayat\u0131n\u0131 kaybeden ve vatanlar\u0131 i\u00e7in kahramanca sava\u015fan b\u00fct\u00fcn \u015fehitlerimizi bir kez daha rahmetle an\u0131yorum. Azerbaycan halk\u0131na ba\u015fsa\u011fl\u0131\u011f\u0131 dileklerimi sunuyor; aziz \u015fehitlerimizin huzurunda sayg\u0131 ile e\u011filiyorum\u201d dedi.<\/p>\n","protected":false},"excerpt":{"rendered":"<p>Hocal\u0131 katliam\u0131n\u0131n 30\u2019ncu y\u0131ld\u00f6n\u00fcm\u00fc nedeniyle mesaj yay\u0131mlayan Dr. Ahmet Sava\u015fan, \u0130nsan Haklar\u0131 \u0130zleme \u00d6rg\u00fct\u00fc taraf\u0131ndan en kapsaml\u0131 sivil katliam olarak nitelendirdi\u011fi Hocal\u0131 katliam\u0131n\u0131 esefle k\u0131nad\u0131\u011f\u0131n\u0131 belirterek, \u201ckarde\u015f Azerbaycan&#8217;a ba\u015fsa\u011fl\u0131\u011f\u0131 diledi. Hocal\u0131 katliam\u0131 \u2018en kapsaml\u0131 sivil katliamd\u0131r\u2019\u2026 26 \u015eubat 1992\u2019de, Azerbaycan\u2019\u0131n Da\u011fl\u0131k Karaba\u011f b\u00f6lgesindeki Hocal\u0131 kasabas\u0131nda 106&#8217;s\u0131 kad\u0131n, 83&#8242; \u00fc \u00e7ocuk olmak \u00fczere toplam 613 Azerbaycanl\u0131\u2019n\u0131n, [&hellip;]<\/p>\n","protected":false},"author":1,"featured_media":14782,"comment_status":"open","ping_status":"open","sticky":false,"template":"","format":"standard","meta":{"_monsterinsights_skip_tracking":false,"_monsterinsights_sitenote_active":false,"_monsterinsights_sitenote_note":"","_monsterinsights_sitenote_category":0,"footnotes":""},"categories":[102],"tags":[],"class_list":["post-14998","post","type-post","status-publish","format-standard","has-post-thumbnail","hentry","category-haberler"],"aioseo_notices":[],"_links":{"self":[{"href":"https:\/\/ahmetsavasan.com\/tr_tr\/wp-json\/wp\/v2\/posts\/14998","targetHints":{"allow":["GET"]}}],"collection":[{"href":"https:\/\/ahmetsavasan.com\/tr_tr\/wp-json\/wp\/v2\/posts"}],"about":[{"href":"https:\/\/ahmetsavasan.com\/tr_tr\/wp-json\/wp\/v2\/types\/post"}],"author":[{"embeddable":true,"href":"https:\/\/ahmetsavasan.com\/tr_tr\/wp-json\/wp\/v2\/users\/1"}],"replies":[{"embeddable":true,"href":"https:\/\/ahmetsavasan.com\/tr_tr\/wp-json\/wp\/v2\/comments?post=14998"}],"version-history":[{"count":0,"href":"https:\/\/ahmetsavasan.com\/tr_tr\/wp-json\/wp\/v2\/posts\/14998\/revisions"}],"wp:featuredmedia":[{"embeddable":true,"href":"https:\/\/ahmetsavasan.com\/tr_tr\/wp-json\/wp\/v2\/media\/14782"}],"wp:attachment":[{"href":"https:\/\/ahmetsavasan.com\/tr_tr\/wp-json\/wp\/v2\/media?parent=14998"}],"wp:term":[{"taxonomy":"category","embeddable":true,"href":"https:\/\/ahmetsavasan.com\/tr_tr\/wp-json\/wp\/v2\/categories?post=14998"},{"taxonomy":"post_tag","embeddable":true,"href":"https:\/\/ahmetsavasan.com\/tr_tr\/wp-json\/wp\/v2\/tags?post=14998"}],"curies":[{"name":"wp","href":"https:\/\/api.w.org\/{rel}","templated":true}]}}