{"id":15014,"date":"2021-07-15T07:22:54","date_gmt":"2021-07-15T07:22:54","guid":{"rendered":"https:\/\/www.ahmetsavasan.biz\/?p=15014"},"modified":"2021-07-15T07:22:54","modified_gmt":"2021-07-15T07:22:54","slug":"15-temmuz-kibris-turk-halkinin-turk-halki-ile-ayrilmaz-bir-butun-oldugunu-dunyaya-gostermistir","status":"publish","type":"post","link":"https:\/\/ahmetsavasan.com\/tr_tr\/15-temmuz-kibris-turk-halkinin-turk-halki-ile-ayrilmaz-bir-butun-oldugunu-dunyaya-gostermistir\/","title":{"rendered":"15 Temmuz, K\u0131br\u0131s T\u00fcrk Halk\u0131n\u0131n, T\u00fcrk Halk\u0131 \u0130le Ayr\u0131lmaz Bir B\u00fct\u00fcn Oldu\u011funu D\u00fcnyaya G\u00f6stermi\u015ftir"},"content":{"rendered":"<p>Ulusal Birlik Partisi (UBP) MYK \u00dcyesi\u00a0<span class=\"marked\">Ahmet Sava\u015fan<\/span>\u00a0Anavatan T\u00fcrkiye\u2019de 15 Temmuz\u2019da ger\u00e7ekle\u015fen kalk\u0131\u015fman\u0131n y\u0131l d\u00f6n\u00fcm\u00fcnde sosyal medya hesab\u0131ndan yay\u0131nlad\u0131\u011f\u0131 mesajda, direni\u015fin, \u00f6zg\u00fcrl\u00fc\u011f\u00fcn ve demokrasinin k\u0131ymetini \u00e7ok iyi bilen K\u0131br\u0131s T\u00fcrk Halk\u0131\u2019n\u0131n ortaya koydu\u011fu tav\u0131rla, T\u00fcrk Halk\u0131 ile ayr\u0131lmaz bir b\u00fct\u00fcn oldu\u011funu D\u00fcnya\u2019ya g\u00f6sterdi\u011finin alt\u0131n\u0131 \u00e7izdi.<\/p>\n<p>\u201c15 Temmuz 2016 ayr\u0131lmaz par\u00e7as\u0131 oldu\u011fumuz Aziz T\u00fcrk Milleti\u2019nin birlik ve dirlik i\u00e7inde kazand\u0131\u011f\u0131 nice zaferlerinden ve kahramanl\u0131k \u00f6rneklerinden biri olarak tarihe ge\u00e7mi\u015ftir. Giri\u015filen hain kalk\u0131\u015fma ile T\u00fcrkiye\u2019mizin demokratik yap\u0131s\u0131na, anayasal d\u00fczenine, parlamenter sistemine, milli b\u00fct\u00fcnl\u00fc\u011f\u00fcne ve i\u00e7 bar\u0131\u015f\u0131na al\u00e7ak\u00e7a sald\u0131r\u0131lm\u0131\u015f ve gerek T\u00fcrkiye gerekse de b\u00f6lgedeki dengeler de\u011fi\u015ftirilmeye \u00e7al\u0131\u015f\u0131lm\u0131\u015ft\u0131r\u201d diyen\u00a0<span class=\"marked\">Ahmet Sava\u015fan<\/span>, \u201c<span class=\"marked\">FET\u00d6<\/span>\u00a0taraf\u0131ndan y\u00f6netimi gayri me\u015fru yollardan ele ge\u00e7irmek, millet iradesini kanl\u0131 bir \u015fekilde bast\u0131rmak, halk\u0131n \u00fczerinde d\u0131\u015f g\u00fc\u00e7lere ba\u011fl\u0131 bir az\u0131nl\u0131k otoritesi olu\u015fturmak amac\u0131yla yap\u0131lan menfur kalk\u0131\u015fman\u0131n Y\u00fcce T\u00fcrk Milleti taraf\u0131ndan bast\u0131r\u0131ld\u0131\u011f\u0131 15 Temmuz\u2019un y\u0131l d\u00f6n\u00fcm\u00fcnde, direni\u015fin, \u00f6zg\u00fcrl\u00fc\u011f\u00fcn ve demokrasinin k\u0131ymetini \u00e7ok iyi bilen ve bu s\u00fcre\u00e7te T\u00fcrk Halk\u0131 ile ayr\u0131lmaz bir b\u00fct\u00fcn olarak T\u00fcrkiyesinin yan\u0131nda oldu\u011funu D\u00fcnya\u2019ya g\u00f6steren K\u0131br\u0131s T\u00fcrk Halk\u0131\u2019n\u0131n b\u00fct\u00fcn bireyleri gibi, kendini ailesini ve gelece\u011fini d\u00fc\u015f\u00fcnmeden sadece \u00fclkesinin bekas\u0131 i\u00e7in kararl\u0131l\u0131kla soka\u011fa d\u00f6k\u00fclenleri sayg\u0131yla selamlar, bu u\u011furda gazi ve \u015fehit olan karde\u015flerimizi minnetle anar\u0131m\u201d ifadelerini kulland\u0131.<\/p>\n<p>&nbsp;<\/p>\n<div class=\"social-post-container fb-post fb_iframe_widget\" data-href=\"https:\/\/www.facebook.com\/ahmetsavasan.biz\/posts\/4314214758639582\"><\/div>\n","protected":false},"excerpt":{"rendered":"<p>Ulusal Birlik Partisi (UBP) MYK \u00dcyesi\u00a0Ahmet Sava\u015fan\u00a0Anavatan T\u00fcrkiye\u2019de 15 Temmuz\u2019da ger\u00e7ekle\u015fen kalk\u0131\u015fman\u0131n y\u0131l d\u00f6n\u00fcm\u00fcnde sosyal medya hesab\u0131ndan yay\u0131nlad\u0131\u011f\u0131 mesajda, direni\u015fin, \u00f6zg\u00fcrl\u00fc\u011f\u00fcn ve demokrasinin k\u0131ymetini \u00e7ok iyi bilen K\u0131br\u0131s T\u00fcrk Halk\u0131\u2019n\u0131n ortaya koydu\u011fu tav\u0131rla, T\u00fcrk Halk\u0131 ile ayr\u0131lmaz bir b\u00fct\u00fcn oldu\u011funu D\u00fcnya\u2019ya g\u00f6sterdi\u011finin alt\u0131n\u0131 \u00e7izdi. \u201c15 Temmuz 2016 ayr\u0131lmaz par\u00e7as\u0131 oldu\u011fumuz Aziz T\u00fcrk Milleti\u2019nin birlik ve [&hellip;]<\/p>\n","protected":false},"author":1,"featured_media":14863,"comment_status":"open","ping_status":"open","sticky":false,"template":"","format":"standard","meta":{"_monsterinsights_skip_tracking":false,"_monsterinsights_sitenote_active":false,"_monsterinsights_sitenote_note":"","_monsterinsights_sitenote_category":0,"footnotes":""},"categories":[102],"tags":[],"class_list":["post-15014","post","type-post","status-publish","format-standard","has-post-thumbnail","hentry","category-haberler"],"aioseo_notices":[],"_links":{"self":[{"href":"https:\/\/ahmetsavasan.com\/tr_tr\/wp-json\/wp\/v2\/posts\/15014","targetHints":{"allow":["GET"]}}],"collection":[{"href":"https:\/\/ahmetsavasan.com\/tr_tr\/wp-json\/wp\/v2\/posts"}],"about":[{"href":"https:\/\/ahmetsavasan.com\/tr_tr\/wp-json\/wp\/v2\/types\/post"}],"author":[{"embeddable":true,"href":"https:\/\/ahmetsavasan.com\/tr_tr\/wp-json\/wp\/v2\/users\/1"}],"replies":[{"embeddable":true,"href":"https:\/\/ahmetsavasan.com\/tr_tr\/wp-json\/wp\/v2\/comments?post=15014"}],"version-history":[{"count":0,"href":"https:\/\/ahmetsavasan.com\/tr_tr\/wp-json\/wp\/v2\/posts\/15014\/revisions"}],"wp:featuredmedia":[{"embeddable":true,"href":"https:\/\/ahmetsavasan.com\/tr_tr\/wp-json\/wp\/v2\/media\/14863"}],"wp:attachment":[{"href":"https:\/\/ahmetsavasan.com\/tr_tr\/wp-json\/wp\/v2\/media?parent=15014"}],"wp:term":[{"taxonomy":"category","embeddable":true,"href":"https:\/\/ahmetsavasan.com\/tr_tr\/wp-json\/wp\/v2\/categories?post=15014"},{"taxonomy":"post_tag","embeddable":true,"href":"https:\/\/ahmetsavasan.com\/tr_tr\/wp-json\/wp\/v2\/tags?post=15014"}],"curies":[{"name":"wp","href":"https:\/\/api.w.org\/{rel}","templated":true}]}}