{"id":15016,"date":"2021-07-19T07:25:36","date_gmt":"2021-07-19T07:25:36","guid":{"rendered":"https:\/\/www.ahmetsavasan.biz\/?p=15016"},"modified":"2021-07-19T07:25:36","modified_gmt":"2021-07-19T07:25:36","slug":"emin-adimlarla-gelecege-yuruyoruz","status":"publish","type":"post","link":"https:\/\/ahmetsavasan.com\/tr_tr\/emin-adimlarla-gelecege-yuruyoruz\/","title":{"rendered":"Emin Ad\u0131mlarla Gelece\u011fe Y\u00fcr\u00fcyoruz"},"content":{"rendered":"<p>K\u0131br\u0131s Sa\u011fl\u0131k Turizmi Konseyi Ba\u015fkan\u0131 Ahmet Dr. Sava\u015fan, T\u00fcrkiye Cumhurba\u015fkan\u0131 Recep Tayyip Erdo\u011fan\u2019\u0131n KKTC\u2019ye ger\u00e7ekle\u015ftirmekte oldu\u011fu ziyaretin ve bu ziyaret vesilesi ile verilen mesajlar\u0131n K\u0131br\u0131s T\u00fcrk halk\u0131n\u0131n tarihi y\u00fcr\u00fcy\u00fc\u015f\u00fcn\u00fc ba\u015far\u0131 ile ger\u00e7ekle\u015ftirece\u011finin g\u00fcvencesi oldu\u011funu belirtti.<\/p>\n<p><strong>TALAT VE AKINCI RUMLARIN Z\u0130HN\u0130YET\u0130N\u0130 NET OLARAK G\u00d6STERD\u0130\u2026<\/strong><\/p>\n<p>20 Temmuz Bar\u0131\u015f Harekat\u0131\u2019n\u0131n K\u0131br\u0131s\u2019\u0131n T\u00fcrkler yok say\u0131larak Yunanistan ile birle\u015ftirilmek istenmesi nedeniyle yap\u0131ld\u0131\u011f\u0131n\u0131 hat\u0131rlatan Dr. Sava\u015fan, \u201cRum\/Yunan taraf\u0131, enosisten vazge\u00e7mi\u015f g\u00f6r\u00fcnmesine kar\u015f\u0131n, K\u0131br\u0131sl\u0131 T\u00fcrkleri tamamen Rum hakimiyetinde olacak bir federal devlet i\u00e7inde eritme ve aday\u0131 b\u00f6ylece elenle\u015ftirme projesini y\u00fcr\u00fcrl\u00fckte tutmaktad\u0131r. Gerek Annan Plan\u0131 s\u00fcreci, gerekse Crans Montana s\u00fcrecinde ya\u015fananlar bunu net olarak g\u00f6stermi\u015ftir.\u00a0Bu kan\u0131tlar\u0131n ortaya \u00e7\u0131kmas\u0131na, Say\u0131n Mehmet Ali Talat ile Say\u0131n\u00a0<span class=\"marked\">Mustafa Ak\u0131nc\u0131<\/span>\u2019n\u0131n yard\u0131mc\u0131 oldu\u011funu da unutmamak gerekir. Rum taraf\u0131, Talat ile Ak\u0131nc\u0131\u2019n\u0131n \u00e7\u00f6z\u00fcm bulma kararl\u0131l\u0131klar\u0131n\u0131 bu \u015fekilde bo\u015fa \u00e7\u0131karm\u0131\u015ft\u0131r. Buna g\u00f6re K\u0131br\u0131s T\u00fcrk taraf\u0131 olarak bizim yeni aray\u0131\u015flara girmemizi zorunlu hale getirmi\u015ftir\u201d dedi.<\/p>\n<p><strong>MUHALEFETTEN DESTEK BEKL\u0130YORUZ\u2026<\/strong><\/p>\n<p>Dr. Sava\u015fan, \u201cbug\u00fcn gelinen a\u015famada Cumhurba\u015fkan\u0131 Tatar, T\u00fcrkiye ile tam bir i\u015fbirli\u011fi i\u00e7inde \u2018iki devletli \u00e7\u00f6z\u00fcm\u2019 aray\u0131\u015f\u0131n\u0131 g\u00fcndeme getirmi\u015ftir. Federal \u00e7\u00f6z\u00fcm aray\u0131\u015flar\u0131 \u00e7\u00f6kt\u00fc\u011f\u00fcne g\u00f6re\u00a0muhalefetin de iki devletli \u00e7\u00f6z\u00fcm aray\u0131\u015f\u0131na destek vermesi, 15 Temmuz Yunan darbesinin farkl\u0131 bir \u015fekilde hedefine ula\u015fmas\u0131n\u0131 engellemeye \u00e7al\u0131\u015fmas\u0131 gerekiyor.\u00a0Muhalefetten beklentimiz budur\u201d \u015feklinde konu\u015farak, T\u00fcrkiye\u2019ye bu konudaki destekleri i\u00e7in te\u015fekk\u00fcr etti.<\/p>\n<p><strong>TAYY\u0130P ERDO\u011eAN\u2019A YAPILAN SAYGISIZLIK KABUL ED\u0130LEMEZ\u2026<\/strong><\/p>\n<p>\u201cT\u00fcrkiye\u2019ye ve T\u00fcrkiye Cumhurba\u015fkan\u0131 Say\u0131n Erdo\u011fan\u2019a te\u015fekk\u00fcr edece\u011fimize sayg\u0131s\u0131zl\u0131k yap\u0131lmas\u0131 elbette kabul edilemez bir durumdur\u201d diyen\u00a0<span class=\"marked\">Ahmet <\/span><span class=\"marked\">Sava\u015f<\/span><span class=\"marked\">a<\/span><span class=\"marked\">n<\/span>, 20 Temmuz Bar\u0131\u015f Harekat\u0131\u2019n\u0131 ger\u00e7ekle\u015ftiren T\u00fcrk Silahl\u0131 Kuvvetleri\u2019ne, bu harekat\u0131n karar\u0131n\u0131 veren siyasilere ve harekat s\u0131ras\u0131nda \u015fehit d\u00fc\u015fen ve gazi olan M\u00fccahit ve Mehmet\u00e7iklere minnet bor\u00e7lu oldu\u011fumuzu belirterek, \u201cBu karar\u0131 alan devlet b\u00fcy\u00fcklerimizi sayg\u0131 ile an\u0131yor; \u015fehitlerimize Allah\u2019tan rahmet diliyoruz. Ruhlar\u0131 \u015fad olsun\u201d ifadelerini kulland\u0131.<\/p>\n","protected":false},"excerpt":{"rendered":"<p>K\u0131br\u0131s Sa\u011fl\u0131k Turizmi Konseyi Ba\u015fkan\u0131 Ahmet Dr. Sava\u015fan, T\u00fcrkiye Cumhurba\u015fkan\u0131 Recep Tayyip Erdo\u011fan\u2019\u0131n KKTC\u2019ye ger\u00e7ekle\u015ftirmekte oldu\u011fu ziyaretin ve bu ziyaret vesilesi ile verilen mesajlar\u0131n K\u0131br\u0131s T\u00fcrk halk\u0131n\u0131n tarihi y\u00fcr\u00fcy\u00fc\u015f\u00fcn\u00fc ba\u015far\u0131 ile ger\u00e7ekle\u015ftirece\u011finin g\u00fcvencesi oldu\u011funu belirtti. TALAT VE AKINCI RUMLARIN Z\u0130HN\u0130YET\u0130N\u0130 NET OLARAK G\u00d6STERD\u0130\u2026 20 Temmuz Bar\u0131\u015f Harekat\u0131\u2019n\u0131n K\u0131br\u0131s\u2019\u0131n T\u00fcrkler yok say\u0131larak Yunanistan ile birle\u015ftirilmek istenmesi [&hellip;]<\/p>\n","protected":false},"author":1,"featured_media":14782,"comment_status":"open","ping_status":"open","sticky":false,"template":"","format":"standard","meta":{"_monsterinsights_skip_tracking":false,"_monsterinsights_sitenote_active":false,"_monsterinsights_sitenote_note":"","_monsterinsights_sitenote_category":0,"footnotes":""},"categories":[102],"tags":[],"class_list":["post-15016","post","type-post","status-publish","format-standard","has-post-thumbnail","hentry","category-haberler"],"aioseo_notices":[],"_links":{"self":[{"href":"https:\/\/ahmetsavasan.com\/tr_tr\/wp-json\/wp\/v2\/posts\/15016","targetHints":{"allow":["GET"]}}],"collection":[{"href":"https:\/\/ahmetsavasan.com\/tr_tr\/wp-json\/wp\/v2\/posts"}],"about":[{"href":"https:\/\/ahmetsavasan.com\/tr_tr\/wp-json\/wp\/v2\/types\/post"}],"author":[{"embeddable":true,"href":"https:\/\/ahmetsavasan.com\/tr_tr\/wp-json\/wp\/v2\/users\/1"}],"replies":[{"embeddable":true,"href":"https:\/\/ahmetsavasan.com\/tr_tr\/wp-json\/wp\/v2\/comments?post=15016"}],"version-history":[{"count":0,"href":"https:\/\/ahmetsavasan.com\/tr_tr\/wp-json\/wp\/v2\/posts\/15016\/revisions"}],"wp:featuredmedia":[{"embeddable":true,"href":"https:\/\/ahmetsavasan.com\/tr_tr\/wp-json\/wp\/v2\/media\/14782"}],"wp:attachment":[{"href":"https:\/\/ahmetsavasan.com\/tr_tr\/wp-json\/wp\/v2\/media?parent=15016"}],"wp:term":[{"taxonomy":"category","embeddable":true,"href":"https:\/\/ahmetsavasan.com\/tr_tr\/wp-json\/wp\/v2\/categories?post=15016"},{"taxonomy":"post_tag","embeddable":true,"href":"https:\/\/ahmetsavasan.com\/tr_tr\/wp-json\/wp\/v2\/tags?post=15016"}],"curies":[{"name":"wp","href":"https:\/\/api.w.org\/{rel}","templated":true}]}}