{"id":15018,"date":"2021-08-08T07:28:58","date_gmt":"2021-08-08T07:28:58","guid":{"rendered":"https:\/\/www.ahmetsavasan.biz\/?p=15018"},"modified":"2021-08-08T07:28:58","modified_gmt":"2021-08-08T07:28:58","slug":"mucahitler-kadinlarimiz-ve-bolge-halkini-minnetle-aniyoruz","status":"publish","type":"post","link":"https:\/\/ahmetsavasan.com\/tr_tr\/mucahitler-kadinlarimiz-ve-bolge-halkini-minnetle-aniyoruz\/","title":{"rendered":"M\u00fccahitler, Kad\u0131nlar\u0131m\u0131z Ve B\u00f6lge Halk\u0131n\u0131 Minnetle An\u0131yoruz"},"content":{"rendered":"<p>K\u0131br\u0131s Sa\u011fl\u0131k Turizmi Konseyi Dr.\u00a0<span class=\"marked\">Ahmet Sava\u015fan<\/span>\u00a0K\u0131br\u0131s T\u00fcrk\u00fc\u2019n\u00fcn varolu\u015f m\u00fccadelesinde k\u00f6\u015fe ta\u015flar\u0131ndan biri olan Erenk\u00f6y Direni\u015fi\u2019nin 57. y\u0131l d\u00f6n\u00fcm\u00fc nedeniyle mesaj yay\u0131mlad\u0131.<\/p>\n<p>K\u0131br\u0131s T\u00fcrk Halk\u0131\u2019n\u0131n varolu\u015f m\u00fccadelesinde 8 A\u011fustos 1964 tarihinin \u00e7ok \u00f6nemli bir d\u00f6n\u00fcm noktas\u0131 oldu\u011funa i\u015faret eden\u00a0<span class=\"marked\">Ahmet Sava\u015fan<\/span>, \u00fcniversite e\u011fitimlerini yar\u0131da b\u0131rakarak Erenk\u00f6y\u2019e direni\u015f i\u00e7in ko\u015fan ve b\u00f6lge halk\u0131yla omuz omuza m\u00fccadele vererek stratejik bir k\u00f6pr\u00fcba\u015f\u0131n\u0131 tutan \u00f6\u011frencilerin, 20 Temmuz Mutlu Bar\u0131\u015f Harekat\u0131\u2019na ve Kuzey K\u0131br\u0131s T\u00fcrk Cumhuriyeti Devleti\u2019nin kurulu\u015funa giden yolun temel ta\u015flar\u0131n\u0131 olu\u015fturdu\u011funu vurgulad\u0131.<\/p>\n<p><strong>ERENK\u00d6Y\u2019DE 2 YIL A\u00c7IK HAP\u0130SANE HAYATI YA\u015eANDI\u2026<\/strong><\/p>\n<p>\u00d6\u011frencilerin Erenk\u00f6y\u2019de etraf\u0131 ku\u015fat\u0131lm\u0131\u015f, aileleriyle ba\u011flant\u0131s\u0131 olmayan, sarp ve da\u011fl\u0131k bir b\u00f6lgede y\u00f6re halk\u0131yla birlikte m\u00fccadele etti\u011fini belirten\u00a0<span class=\"marked\">Ahmet Sava\u015fan<\/span>, \u00e7o\u011funun asker olmad\u0131\u011f\u0131 i\u00e7in silahlar\u0131 tan\u0131mad\u0131\u011f\u0131n\u0131, bir k\u0131sm\u0131n\u0131n 2-3 haftal\u0131k at\u0131\u015f e\u011fitimiyle silah ku\u015fanarak, do\u011fru d\u00fczg\u00fcn, planl\u0131 askeri organizasyon, kumanda merkezi olmadan, mevzi bile denemeyecek d\u00fczenekler i\u00e7inde direndi\u011fini an\u0131msatt\u0131.<\/p>\n<p>Kimisinin \u015fehit oldu\u011funu, kimisinin ya\u015fam\u0131 tan\u0131madan yan\u0131 ba\u015f\u0131nda arkada\u015f\u0131n\u0131n \u00f6l\u00fcm\u00fcne tan\u0131kl\u0131k etti\u011fine de\u011finen Sava\u015fan, \u00e7o\u011funlu\u011funun ise sava\u015f bitmesine kar\u015f\u0131n b\u00f6lgeden \u00e7\u0131kamad\u0131\u011f\u0131 i\u00e7in 2 y\u0131l b\u00f6lgede a\u00e7\u0131k hapisane hayat\u0131 ya\u015fad\u0131\u011f\u0131n\u0131n unutulmamas\u0131 gerekti\u011fine vurgu yapt\u0131.<\/p>\n<p><strong>M\u00dcCAH\u0130TLER, KADINLARIMIZ VE B\u00d6LGE HALKINI M\u0130NNETLE ANIYORUZ\u2026<\/strong><\/p>\n<p>D\u00fcnya tarihinde benzerine rastlanmayan bir dram, trajedi olan \u015eanl\u0131 Erenk\u00f6y Direni\u015fi\u2019nin \u00e7ok anlaml\u0131 ve unutulmayacak bir zafer ile ta\u00e7land\u0131\u011f\u0131n\u0131n alt\u0131n\u0131 \u00e7izen\u00a0<span class=\"marked\">Ahmet Sava\u015fan<\/span>, Erenk\u00f6y Direni\u015fi\u2019nin insani boyutlar\u0131n\u0131n gen\u00e7 ku\u015faklara yeterince aktar\u0131lmad\u0131\u011f\u0131na i\u015faret etti.<\/p>\n<p>\u015eanl\u0131 Erenk\u00f6y Direni\u015fi ve Zaferi\u2019nin gen\u00e7 ku\u015faklara aktar\u0131lmas\u0131n\u0131n K\u0131br\u0131s T\u00fcrk Halk\u0131\u2019n\u0131n devletinin adada sonsuza kadar payidar kalmas\u0131na katk\u0131da bulunaca\u011f\u0131na inan\u00e7 belirten\u00a0<span class=\"marked\">Ahmet Sava\u015fan<\/span>, bu \u00f6nemli destanda; ba\u015fta T\u00fcrkiye\u2019mizden olmak \u00fczere tahsillerini yar\u0131da b\u0131rakarak Erenk\u00f6y\u2019e \u00e7\u0131kan o g\u00fcn\u00fcn be\u015f y\u00fcz civar\u0131ndaki gencini, iki y\u00fcz civar\u0131ndaki m\u00fccahidimiz ile cefakar kad\u0131nlar\u0131m\u0131z yan\u0131nda b\u00f6lge halk\u0131n\u0131 bu g\u00fcnlere gelmemizde ve devletimize kavu\u015fmam\u0131zda verdikleri ola\u011fan \u00fcst\u00fc m\u00fccadeleden \u00f6t\u00fcr\u00fc sayg\u0131 ve minnetle an\u0131yor, Milli M\u00fccadele tarihimize alt\u0131n harflerle yaz\u0131lan aziz \u015eehitlerimize, Y\u00fczba\u015f\u0131 Cengiz Topel\u2019imize ve vefat etmi\u015f b\u00fct\u00fcn gazilerimize Allahtan rahmet dileyerek, ya\u015famlar\u0131n\u0131 halen s\u00fcrd\u00fcrmekte olan isimsiz kahramanlar\u0131m\u0131za uzun ve sa\u011fl\u0131k dolu bir ya\u015fam temenni ediyoruz\u201d ifadelerini kulland\u0131.<\/p>\n","protected":false},"excerpt":{"rendered":"<p>K\u0131br\u0131s Sa\u011fl\u0131k Turizmi Konseyi Dr.\u00a0Ahmet Sava\u015fan\u00a0K\u0131br\u0131s T\u00fcrk\u00fc\u2019n\u00fcn varolu\u015f m\u00fccadelesinde k\u00f6\u015fe ta\u015flar\u0131ndan biri olan Erenk\u00f6y Direni\u015fi\u2019nin 57. y\u0131l d\u00f6n\u00fcm\u00fc nedeniyle mesaj yay\u0131mlad\u0131. K\u0131br\u0131s T\u00fcrk Halk\u0131\u2019n\u0131n varolu\u015f m\u00fccadelesinde 8 A\u011fustos 1964 tarihinin \u00e7ok \u00f6nemli bir d\u00f6n\u00fcm noktas\u0131 oldu\u011funa i\u015faret eden\u00a0Ahmet Sava\u015fan, \u00fcniversite e\u011fitimlerini yar\u0131da b\u0131rakarak Erenk\u00f6y\u2019e direni\u015f i\u00e7in ko\u015fan ve b\u00f6lge halk\u0131yla omuz omuza m\u00fccadele vererek stratejik [&hellip;]<\/p>\n","protected":false},"author":1,"featured_media":14782,"comment_status":"open","ping_status":"open","sticky":false,"template":"","format":"standard","meta":{"_monsterinsights_skip_tracking":false,"_monsterinsights_sitenote_active":false,"_monsterinsights_sitenote_note":"","_monsterinsights_sitenote_category":0,"footnotes":""},"categories":[102],"tags":[],"class_list":["post-15018","post","type-post","status-publish","format-standard","has-post-thumbnail","hentry","category-haberler"],"aioseo_notices":[],"_links":{"self":[{"href":"https:\/\/ahmetsavasan.com\/tr_tr\/wp-json\/wp\/v2\/posts\/15018","targetHints":{"allow":["GET"]}}],"collection":[{"href":"https:\/\/ahmetsavasan.com\/tr_tr\/wp-json\/wp\/v2\/posts"}],"about":[{"href":"https:\/\/ahmetsavasan.com\/tr_tr\/wp-json\/wp\/v2\/types\/post"}],"author":[{"embeddable":true,"href":"https:\/\/ahmetsavasan.com\/tr_tr\/wp-json\/wp\/v2\/users\/1"}],"replies":[{"embeddable":true,"href":"https:\/\/ahmetsavasan.com\/tr_tr\/wp-json\/wp\/v2\/comments?post=15018"}],"version-history":[{"count":0,"href":"https:\/\/ahmetsavasan.com\/tr_tr\/wp-json\/wp\/v2\/posts\/15018\/revisions"}],"wp:featuredmedia":[{"embeddable":true,"href":"https:\/\/ahmetsavasan.com\/tr_tr\/wp-json\/wp\/v2\/media\/14782"}],"wp:attachment":[{"href":"https:\/\/ahmetsavasan.com\/tr_tr\/wp-json\/wp\/v2\/media?parent=15018"}],"wp:term":[{"taxonomy":"category","embeddable":true,"href":"https:\/\/ahmetsavasan.com\/tr_tr\/wp-json\/wp\/v2\/categories?post=15018"},{"taxonomy":"post_tag","embeddable":true,"href":"https:\/\/ahmetsavasan.com\/tr_tr\/wp-json\/wp\/v2\/tags?post=15018"}],"curies":[{"name":"wp","href":"https:\/\/api.w.org\/{rel}","templated":true}]}}