{"id":15022,"date":"2021-11-22T07:41:22","date_gmt":"2021-11-22T07:41:22","guid":{"rendered":"https:\/\/www.ahmetsavasan.biz\/?p=15022"},"modified":"2021-11-22T07:41:22","modified_gmt":"2021-11-22T07:41:22","slug":"isiklar-icinde-uyu","status":"publish","type":"post","link":"https:\/\/ahmetsavasan.com\/tr_tr\/isiklar-icinde-uyu\/","title":{"rendered":"I\u015f\u0131klar \u0130\u00e7inde Uyu\u2026"},"content":{"rendered":"<p>K\u0131br\u0131s Sa\u011fl\u0131k Turizmi Konseyi Ba\u015fkan\u0131 Dr.\u00a0<span class=\"marked\">Ahmet Sava\u015fan<\/span>, Ulusal Birlik Partisi (UBP) eski Genel Sekreteri ve eski bakan Salih Miro\u011flu\u2019nun 16\u2019nc\u0131 \u00f6l\u00fcm y\u0131l d\u00f6n\u00fcm\u00fc nedeniyle sosyal medya \u00fczerinden bir mesaj yay\u0131nlad\u0131.<\/p>\n<p>Sava\u015fan, \u201cUnutulmaz Genel Sekreterimiz Salih Miro\u011flu\u2019nun vasiyetine laik olmak i\u00e7in \u00e7al\u0131\u015f\u0131yoruz\u2026\u201d ifadelerini kulland\u0131.<\/p>\n<p>Sava\u015fan, mesaj\u0131n\u0131n devam\u0131nda ise \u015funlar\u0131 s\u00f6yledi:<\/p>\n<p>\u201cHen\u00fcz 52 ya\u015f\u0131nda son nefesini verirken yapt\u0131\u011f\u0131 konu\u015fmas\u0131nda son s\u00f6z\u00fc \u2018UBP ya\u015fayacak\u2019 diyen k\u0131ymetli b\u00fcy\u00fc\u011f\u00fcm\u00fcz, partimizde Genel Sekreter olarak unutulmaz bir yere sahip, \u00f6zlenen, g\u00fc\u00e7l\u00fc ve d\u00fcr\u00fcst siyaset\u00e7i Dr. Salih Miro\u011flu\u2019nu vefat\u0131n\u0131n 16\u2019\u0131nc\u0131 y\u0131l d\u00f6n\u00fcm\u00fcnde kendisini sayg\u0131 ve \u00f6zlemle an\u0131yoruz. De\u011ferli b\u00fcy\u00fc\u011f\u00fcm\u00fcz Salih Miro\u011flu, vasiyetine laik olmak i\u00e7in yorulmaks\u0131z\u0131n \u00e7al\u0131\u015f\u0131yoruz. Hi\u00e7 ku\u015fkum yoktur ki bizden sonraki nesiller de ayn\u0131 \u015fekilde \u00e7al\u0131\u015facak ve UBP sonsuza kadar ya\u015fat\u0131lacakt\u0131r. I\u015f\u0131klar i\u00e7inde uyu\u2026\u201d<\/p>\n","protected":false},"excerpt":{"rendered":"<p>K\u0131br\u0131s Sa\u011fl\u0131k Turizmi Konseyi Ba\u015fkan\u0131 Dr.\u00a0Ahmet Sava\u015fan, Ulusal Birlik Partisi (UBP) eski Genel Sekreteri ve eski bakan Salih Miro\u011flu\u2019nun 16\u2019nc\u0131 \u00f6l\u00fcm y\u0131l d\u00f6n\u00fcm\u00fc nedeniyle sosyal medya \u00fczerinden bir mesaj yay\u0131nlad\u0131. Sava\u015fan, \u201cUnutulmaz Genel Sekreterimiz Salih Miro\u011flu\u2019nun vasiyetine laik olmak i\u00e7in \u00e7al\u0131\u015f\u0131yoruz\u2026\u201d ifadelerini kulland\u0131. Sava\u015fan, mesaj\u0131n\u0131n devam\u0131nda ise \u015funlar\u0131 s\u00f6yledi: \u201cHen\u00fcz 52 ya\u015f\u0131nda son nefesini verirken [&hellip;]<\/p>\n","protected":false},"author":1,"featured_media":14863,"comment_status":"open","ping_status":"open","sticky":false,"template":"","format":"standard","meta":{"_monsterinsights_skip_tracking":false,"_monsterinsights_sitenote_active":false,"_monsterinsights_sitenote_note":"","_monsterinsights_sitenote_category":0,"footnotes":""},"categories":[102],"tags":[],"class_list":["post-15022","post","type-post","status-publish","format-standard","has-post-thumbnail","hentry","category-haberler"],"aioseo_notices":[],"_links":{"self":[{"href":"https:\/\/ahmetsavasan.com\/tr_tr\/wp-json\/wp\/v2\/posts\/15022","targetHints":{"allow":["GET"]}}],"collection":[{"href":"https:\/\/ahmetsavasan.com\/tr_tr\/wp-json\/wp\/v2\/posts"}],"about":[{"href":"https:\/\/ahmetsavasan.com\/tr_tr\/wp-json\/wp\/v2\/types\/post"}],"author":[{"embeddable":true,"href":"https:\/\/ahmetsavasan.com\/tr_tr\/wp-json\/wp\/v2\/users\/1"}],"replies":[{"embeddable":true,"href":"https:\/\/ahmetsavasan.com\/tr_tr\/wp-json\/wp\/v2\/comments?post=15022"}],"version-history":[{"count":0,"href":"https:\/\/ahmetsavasan.com\/tr_tr\/wp-json\/wp\/v2\/posts\/15022\/revisions"}],"wp:featuredmedia":[{"embeddable":true,"href":"https:\/\/ahmetsavasan.com\/tr_tr\/wp-json\/wp\/v2\/media\/14863"}],"wp:attachment":[{"href":"https:\/\/ahmetsavasan.com\/tr_tr\/wp-json\/wp\/v2\/media?parent=15022"}],"wp:term":[{"taxonomy":"category","embeddable":true,"href":"https:\/\/ahmetsavasan.com\/tr_tr\/wp-json\/wp\/v2\/categories?post=15022"},{"taxonomy":"post_tag","embeddable":true,"href":"https:\/\/ahmetsavasan.com\/tr_tr\/wp-json\/wp\/v2\/tags?post=15022"}],"curies":[{"name":"wp","href":"https:\/\/api.w.org\/{rel}","templated":true}]}}