{"id":15024,"date":"2021-11-25T07:44:36","date_gmt":"2021-11-25T07:44:36","guid":{"rendered":"https:\/\/www.ahmetsavasan.biz\/?p=15024"},"modified":"2021-11-25T07:44:36","modified_gmt":"2021-11-25T07:44:36","slug":"kadina-yonelik-siddetin-onlenmesi-icin-erkeklerin-uzerine-duseni-yapmali","status":"publish","type":"post","link":"https:\/\/ahmetsavasan.com\/tr_tr\/kadina-yonelik-siddetin-onlenmesi-icin-erkeklerin-uzerine-duseni-yapmali\/","title":{"rendered":"Kad\u0131na Y\u00f6nelik \u015eiddetin \u00d6nlenmesi \u0130\u00e7in Erkeklerin \u00dczerine D\u00fc\u015feni Yapmal\u0131"},"content":{"rendered":"<p>K\u0131br\u0131s Sa\u011fl\u0131k Turizmi Konseyi Ba\u015fkan\u0131 Dr.\u00a0<span class=\"marked\">Ahmet Sava\u015fan<\/span>, 25 Kas\u0131m Kad\u0131na Y\u00f6nelik \u015eiddete Kar\u015f\u0131 Uluslararas\u0131 M\u00fccadele G\u00fcn\u00fc nedeniyle ki\u015fisel sosyal medya hesab\u0131ndan mesaj yay\u0131mlad\u0131.<\/p>\n<p>Dr.\u00a0<span class=\"marked\">Ahmet Sava\u015fan<\/span>\u00a0mesaj\u0131nda, \u201cKad\u0131na y\u00f6nelik \u015fiddetin \u00f6nlenmesi i\u00e7in biz erkekler \u00fczerimize d\u00fc\u015feni yapmal\u0131y\u0131z\u2026\u201d ifadelerini kulland\u0131.<\/p>\n<p><strong><span class=\"marked\">Ahmet Sava\u015fan<\/span>, mesaj\u0131n\u0131n devam\u0131nda ise \u015funlar\u0131 s\u00f6yledi:<\/strong><\/p>\n<p>\u201cKad\u0131na y\u00f6nelik \u015fiddetin alt\u0131nda yatan as\u0131l unsur e\u015fitsizlikten ve geleneksel tutumdan kaynaklan\u0131yor.<\/p>\n<p><strong>\u201cM\u00dcCADELE \u0130\u00c7\u0130N \u0130\u015e B\u0130RL\u0130\u011e\u0130NE \u0130HT\u0130YA\u00c7 VAR\u2026\u201d<\/strong><\/p>\n<p>Toplumsal cinsiyet e\u015fitli\u011finin sa\u011flanmas\u0131, kad\u0131nlar\u0131n f\u0131rsat e\u015fitli\u011finden tam ve etkin \u015fekilde yararlanmas\u0131, kad\u0131nlara, k\u0131z \u00e7ocuklar\u0131na kar\u015f\u0131 \u015fiddetin \u00f6nlenmesi alanlar\u0131nda var olan eksikliklerin ger\u00e7ek\u00e7i bir bak\u0131\u015f a\u00e7\u0131s\u0131yla tespit edilerek, bunlar\u0131n en k\u0131sa s\u00fcrede giderilmesi ka\u00e7\u0131n\u0131lmaz bir gerekliliktir.<\/p>\n<p>Kad\u0131na y\u00f6nelik \u015fiddetin \u00f6n\u00fcne ge\u00e7ilebilmesi ancak sivil toplum kurulu\u015flar\u0131n\u0131n, kad\u0131n \u00f6rg\u00fctlerinin, kamu kurumlar\u0131n\u0131n ve \u00fcniversitelerin etkin i\u015f birli\u011fi ile m\u00fcmk\u00fcn olabilir.<\/p>\n<p><strong>\u201cBEN \u00dcZER\u0130ME D\u00dc\u015eEN\u0130 YAPMAKTA KARARLIYIM\u2026\u201d<\/strong><\/p>\n<p>Daha g\u00fc\u00e7l\u00fc bireyler yeti\u015ftirmek ve kad\u0131na y\u00f6nelik \u015fiddet ile m\u00fccadele konusunda daha duyarl\u0131 bir toplum yap\u0131s\u0131na ula\u015fmak i\u00e7in hep birlikte \u00e7al\u0131\u015fmal\u0131y\u0131z. Hayat arkada\u015flar\u0131m\u0131z, karde\u015flerimiz, annemiz, gelece\u011fimizi emanet etti\u011fimiz evlatlar\u0131m\u0131z, kad\u0131nlar, bu toplumun yar\u0131s\u0131n\u0131 olu\u015fturan erkeklerle ayn\u0131 haklara sahip olmas\u0131 \u00e7a\u011fda\u015fl\u0131\u011f\u0131n bir gereklili\u011fidir. Bu d\u00fc\u015f\u00fcncelerle; kad\u0131na y\u00f6nelik \u015fiddete ortak olmayaca\u011f\u0131m\u0131z\u0131, seyirci kalmayaca\u011f\u0131m\u0131z\u0131, kad\u0131na kar\u015f\u0131 \u015fiddetle m\u00fccadelede, erkekler olarak \u00fczerimize d\u00fc\u015fen g\u00f6revi yapmakta karl\u0131 oldu\u011fumuzu hayk\u0131rmal\u0131y\u0131z. Ben bu konuda \u00fczerime d\u00fc\u015feni yapmakta kararl\u0131y\u0131m\u2026<\/p>\n<p><strong>\u201cBU G\u00dcN\u00dcN GER\u00c7EK B\u0130R FARKINDALIK OLU\u015eTURMASINI TEMENN\u0130 ED\u0130YORUM\u2026\u201d<\/strong><\/p>\n<p>25 Kas\u0131m Kad\u0131na Y\u00f6nelik \u015eiddete Kar\u015f\u0131 Uluslararas\u0131 M\u00fccadele G\u00fcn\u00fc\u2019n\u00fcn, \u00fclkemizde de ger\u00e7ek bir fark\u0131ndal\u0131k olu\u015fturmas\u0131n\u0131 temenni ediyor; b\u00fct\u00fcn kad\u0131nlar\u0131m\u0131z\u0131n \u015fiddete maruz kalmayacaklar\u0131 bir d\u00fcnyada ya\u015famalar\u0131n\u0131 diliyorum\u201d<\/p>\n","protected":false},"excerpt":{"rendered":"<p>K\u0131br\u0131s Sa\u011fl\u0131k Turizmi Konseyi Ba\u015fkan\u0131 Dr.\u00a0Ahmet Sava\u015fan, 25 Kas\u0131m Kad\u0131na Y\u00f6nelik \u015eiddete Kar\u015f\u0131 Uluslararas\u0131 M\u00fccadele G\u00fcn\u00fc nedeniyle ki\u015fisel sosyal medya hesab\u0131ndan mesaj yay\u0131mlad\u0131. Dr.\u00a0Ahmet Sava\u015fan\u00a0mesaj\u0131nda, \u201cKad\u0131na y\u00f6nelik \u015fiddetin \u00f6nlenmesi i\u00e7in biz erkekler \u00fczerimize d\u00fc\u015feni yapmal\u0131y\u0131z\u2026\u201d ifadelerini kulland\u0131. Ahmet Sava\u015fan, mesaj\u0131n\u0131n devam\u0131nda ise \u015funlar\u0131 s\u00f6yledi: \u201cKad\u0131na y\u00f6nelik \u015fiddetin alt\u0131nda yatan as\u0131l unsur e\u015fitsizlikten ve geleneksel tutumdan [&hellip;]<\/p>\n","protected":false},"author":1,"featured_media":14863,"comment_status":"open","ping_status":"open","sticky":false,"template":"","format":"standard","meta":{"_monsterinsights_skip_tracking":false,"_monsterinsights_sitenote_active":false,"_monsterinsights_sitenote_note":"","_monsterinsights_sitenote_category":0,"footnotes":""},"categories":[102],"tags":[],"class_list":["post-15024","post","type-post","status-publish","format-standard","has-post-thumbnail","hentry","category-haberler"],"aioseo_notices":[],"_links":{"self":[{"href":"https:\/\/ahmetsavasan.com\/tr_tr\/wp-json\/wp\/v2\/posts\/15024","targetHints":{"allow":["GET"]}}],"collection":[{"href":"https:\/\/ahmetsavasan.com\/tr_tr\/wp-json\/wp\/v2\/posts"}],"about":[{"href":"https:\/\/ahmetsavasan.com\/tr_tr\/wp-json\/wp\/v2\/types\/post"}],"author":[{"embeddable":true,"href":"https:\/\/ahmetsavasan.com\/tr_tr\/wp-json\/wp\/v2\/users\/1"}],"replies":[{"embeddable":true,"href":"https:\/\/ahmetsavasan.com\/tr_tr\/wp-json\/wp\/v2\/comments?post=15024"}],"version-history":[{"count":0,"href":"https:\/\/ahmetsavasan.com\/tr_tr\/wp-json\/wp\/v2\/posts\/15024\/revisions"}],"wp:featuredmedia":[{"embeddable":true,"href":"https:\/\/ahmetsavasan.com\/tr_tr\/wp-json\/wp\/v2\/media\/14863"}],"wp:attachment":[{"href":"https:\/\/ahmetsavasan.com\/tr_tr\/wp-json\/wp\/v2\/media?parent=15024"}],"wp:term":[{"taxonomy":"category","embeddable":true,"href":"https:\/\/ahmetsavasan.com\/tr_tr\/wp-json\/wp\/v2\/categories?post=15024"},{"taxonomy":"post_tag","embeddable":true,"href":"https:\/\/ahmetsavasan.com\/tr_tr\/wp-json\/wp\/v2\/tags?post=15024"}],"curies":[{"name":"wp","href":"https:\/\/api.w.org\/{rel}","templated":true}]}}