{"id":15037,"date":"2022-03-04T08:15:42","date_gmt":"2022-03-04T08:15:42","guid":{"rendered":"https:\/\/www.ahmetsavasan.biz\/?p=15037"},"modified":"2022-03-04T08:15:42","modified_gmt":"2022-03-04T08:15:42","slug":"zamlarin-etkisini-azaltmak-icin-gelir-artirici-onlemler-almak-zorundayiz","status":"publish","type":"post","link":"https:\/\/ahmetsavasan.com\/tr_tr\/zamlarin-etkisini-azaltmak-icin-gelir-artirici-onlemler-almak-zorundayiz\/","title":{"rendered":"Zamlar\u0131n Etkisini Azaltmak \u0130\u00e7in Gelir Art\u0131r\u0131c\u0131 \u00d6nlemler Almak Zorunday\u0131z"},"content":{"rendered":"<p>UBP Genel Sekreter Yard\u0131mc\u0131s\u0131 Dr. Ahmet Sava\u015fan, UBP\u2019nin sorumluluk alarak zor bir g\u00f6rev \u00fcstlendi\u011fini, ka\u00e7\u0131n\u0131lmaz olan zamlar\u0131n etkisini azaltmak i\u00e7in gelir art\u0131r\u0131c\u0131 \u00f6nlemler \u00fczerinde \u00e7al\u0131\u015fmak gerekti\u011fini<br \/>\nvurgulad\u0131. H\u00fck\u00fcmetin g\u00fcven oyu almas\u0131n\u0131 de\u011ferlendiren UBP Milletvekili ve Genel Sekreter Yard\u0131mc\u0131s\u0131 Dr. Ahmet Sava\u015fan, Ulusal Birlik Partisi\u2019nin \u00e7ok zor bir d\u00f6neme girildi\u011finin fark\u0131nda olarak K\u0131br\u0131s T\u00fcrk Halk\u0131\u2019ndan yetki istedi\u011fini, halk\u0131n da UBP\u2019ye 24 milletvekili kazand\u0131rarak \u00f6nemli bir sorumluluk y\u00fckledi\u011fine dikkat \u00e7ekti. UBP\u2019nin t\u0131pk\u0131 Covid-19 salg\u0131n\u0131 ile m\u00fccadele d\u00f6neminde oldu\u011fu gibi ekonomide b\u00fcy\u00fck s\u0131k\u0131nt\u0131lar\u0131n ya\u015fand\u0131\u011f\u0131 bu d\u00f6nemde de sorumluluk almaktan ka\u00e7mad\u0131\u011f\u0131n\u0131 ve ya\u015fanan ekonomik sorunlar\u0131n \u00e7\u00f6z\u00fclmesi i\u00e7in azim ve samimiyetle \u00e7al\u0131\u015faca\u011f\u0131n\u0131n alt\u0131n\u0131 \u00e7izdi. Kendi deyimleriyle ama\u00e7lar\u0131n\u0131n \u201csert bir muhalefet\u201d yapmak oldu\u011funu a\u00e7\u0131klayan ana muhalefet partisinin h\u00fck\u00fcmet program\u0131na y\u00f6nelik ele\u015ftirilerini b\u00fcy\u00fck bir sab\u0131r ile dinlediklerini belirten Dr. Ahmet Sava\u015fan, \u201cba\u015fta ana muhalefet partimiz olmak \u00fczere HP milletvekillerinin ele\u015ftirilerini b\u00fcy\u00fck bir sab\u0131rla dinledik. Yapt\u0131klar\u0131 konu\u015fmalardan halk\u0131n yarar\u0131na olan b\u00f6l\u00fcmleri not ald\u0131k ve de\u011ferlendirece\u011fiz. Ama bir kez daha<br \/>\na\u00e7\u0131k\u00e7a belirtmek isterim ki esas olan iktidar sorumlulu\u011funu alabilme cesaretini g\u00f6stermek ve ekonomi, sa\u011fl\u0131k, e\u011fitim, turizm ile hayat\u0131n di\u011fer alanlar\u0131nda ihtiya\u00e7 olan ad\u0131mlar\u0131 atarak insan\u0131m\u0131za fiilen hizmet etmektir. Maalesef ana muhalefette bu iste\u011fi g\u00f6remedik\u201d dedi.<\/p>\n<p>Programdaki hedefler zor olmas\u0131na kar\u015f\u0131n yakalanabilir\u2026<\/p>\n<p>Sava\u015fan, h\u00fck\u00fcmet program\u0131 \u00e7er\u00e7evesinde ekonomik kalk\u0131nma ba\u015fta olmak \u00fczere gereken ad\u0131mlar\u0131n at\u0131laca\u011f\u0131n\u0131; h\u00fck\u00fcmetin \u00f6ncelikli hedefinin ekonomiyi pandemi \u00f6ncesindeki seviyesine getirmek ve ard\u0131ndan daha \u00fcst seviyelere \u00e7\u0131karmak oldu\u011funu ifade etti. Sava\u015fan, bu hedefin tutturulmas\u0131n\u0131n kolay olmad\u0131\u011f\u0131n\u0131 bildiklerini ama b\u00fct\u00fcn \u015fartlar\u0131 zorlayarak \u00e7al\u0131\u015f\u0131lmas\u0131 halinde bu zor hedefin yakalanabilece\u011fini s\u00f6yledi.<\/p>\n<p>Gelirlerimizi art\u0131rmak i\u00e7in \u00e7al\u0131\u015faca\u011f\u0131z\u2026<\/p>\n<p>KKTC ekonomisinin ciddi bir pahal\u0131l\u0131k furyas\u0131 ile kar\u015f\u0131 kar\u015f\u0131ya kald\u0131\u011f\u0131n\u0131, h\u00fck\u00fcmetin y\u0131llardan beri ertelenen fiyat art\u0131\u015flar\u0131n\u0131 yapmak zorunda kald\u0131\u011f\u0131n\u0131 ve bu art\u0131\u015flar\u0131n t\u00fcm\u00fcn\u00fcn d\u00fcnyadaki fiyat art\u0131\u015flar\u0131 ile d\u00f6viz kurlar\u0131nda ya\u015fanan y\u00fckseli\u015flerden kaynakland\u0131\u011f\u0131n\u0131n bilindi\u011fini anlatan Ahmet Sava\u015fan, \u201cHi\u00e7bir h\u00fck\u00fcmet, hen\u00fcz daha<br \/>\nyolun ba\u015f\u0131nda iken elektri\u011fe veya akaryak\u0131ta zam yapmak istemez. Bu zamlar yap\u0131l\u0131yorsa, zorunlu oldu\u011fu i\u00e7in yap\u0131l\u0131yor. Bu zamlar\u0131n aileler \u00fczerindeki bask\u0131s\u0131n\u0131 azaltmak i\u00e7inse gelirleri art\u0131rmak zorunday\u0131z. H\u00fck\u00fcmetimiz acilen, gelir art\u0131racak \u00f6nlemlere yo\u011funla\u015fmal\u0131d\u0131r ve yo\u011funla\u015facakt\u0131r. B\u00fct\u00fcn bakanlar\u0131m\u0131z ve milletvekili<br \/>\narkada\u015flar\u0131m\u0131z bu konuda \u00e7al\u0131\u015f\u0131yor. Muhalefet ve payda\u015f \u00f6rg\u00fctlerden bu konuda \u00f6neriler bekliyoruz\u201d dedi.<\/p>\n<p>\u00c7ok zor bir d\u00f6nem olacak\u2026<\/p>\n<p>\u201c\u00c7ok zor bir d\u00f6nem olacak. Ba\u015fta Ba\u015fbakan\u0131m\u0131za ve bakanlar\u0131m\u0131za ve elbette biz iktidar milletvekillerine b\u00fcy\u00fck sorumluluklar d\u00fc\u015ft\u00fc\u011f\u00fcn\u00fcn fark\u0131nday\u0131z\u201d diyen UBP Milletvekili ve Genel Sekreter Yard\u0131mc\u0131s\u0131 Dr. Ahmet Sava\u015fan, \u201cba\u015far\u0131y\u0131 ancak ve ancak birlik ve beraberlik i\u00e7inde \u00f6zverili \u00e7al\u0131\u015farak, muhalefetten gelecek \u00f6neri ve ele\u015ftirileri samimiyetle de\u011ferlendirerek ve elbette Anavatan T\u00fcrkiye\u2019nin verece\u011fi belirleyici destekle yakalayabilece\u011fimizi biliyoruz. \u0130ktidar milletvekilleri olarak bizler, \u00fczerimize d\u00fc\u015feni fazlas\u0131yla yapmal\u0131y\u0131z ve yapaca\u011f\u0131z\u201d dedi.<\/p>\n","protected":false},"excerpt":{"rendered":"<p>UBP Genel Sekreter Yard\u0131mc\u0131s\u0131 Dr. Ahmet Sava\u015fan, UBP\u2019nin sorumluluk alarak zor bir g\u00f6rev \u00fcstlendi\u011fini, ka\u00e7\u0131n\u0131lmaz olan zamlar\u0131n etkisini azaltmak i\u00e7in gelir art\u0131r\u0131c\u0131 \u00f6nlemler \u00fczerinde \u00e7al\u0131\u015fmak gerekti\u011fini vurgulad\u0131. H\u00fck\u00fcmetin g\u00fcven oyu almas\u0131n\u0131 de\u011ferlendiren UBP Milletvekili ve Genel Sekreter Yard\u0131mc\u0131s\u0131 Dr. Ahmet Sava\u015fan, Ulusal Birlik Partisi\u2019nin \u00e7ok zor bir d\u00f6neme girildi\u011finin fark\u0131nda olarak K\u0131br\u0131s T\u00fcrk Halk\u0131\u2019ndan yetki [&hellip;]<\/p>\n","protected":false},"author":1,"featured_media":15038,"comment_status":"open","ping_status":"open","sticky":false,"template":"","format":"standard","meta":{"_monsterinsights_skip_tracking":false,"_monsterinsights_sitenote_active":false,"_monsterinsights_sitenote_note":"","_monsterinsights_sitenote_category":0,"footnotes":""},"categories":[102],"tags":[],"class_list":["post-15037","post","type-post","status-publish","format-standard","has-post-thumbnail","hentry","category-haberler"],"aioseo_notices":[],"_links":{"self":[{"href":"https:\/\/ahmetsavasan.com\/tr_tr\/wp-json\/wp\/v2\/posts\/15037","targetHints":{"allow":["GET"]}}],"collection":[{"href":"https:\/\/ahmetsavasan.com\/tr_tr\/wp-json\/wp\/v2\/posts"}],"about":[{"href":"https:\/\/ahmetsavasan.com\/tr_tr\/wp-json\/wp\/v2\/types\/post"}],"author":[{"embeddable":true,"href":"https:\/\/ahmetsavasan.com\/tr_tr\/wp-json\/wp\/v2\/users\/1"}],"replies":[{"embeddable":true,"href":"https:\/\/ahmetsavasan.com\/tr_tr\/wp-json\/wp\/v2\/comments?post=15037"}],"version-history":[{"count":0,"href":"https:\/\/ahmetsavasan.com\/tr_tr\/wp-json\/wp\/v2\/posts\/15037\/revisions"}],"wp:featuredmedia":[{"embeddable":true,"href":"https:\/\/ahmetsavasan.com\/tr_tr\/wp-json\/wp\/v2\/media\/15038"}],"wp:attachment":[{"href":"https:\/\/ahmetsavasan.com\/tr_tr\/wp-json\/wp\/v2\/media?parent=15037"}],"wp:term":[{"taxonomy":"category","embeddable":true,"href":"https:\/\/ahmetsavasan.com\/tr_tr\/wp-json\/wp\/v2\/categories?post=15037"},{"taxonomy":"post_tag","embeddable":true,"href":"https:\/\/ahmetsavasan.com\/tr_tr\/wp-json\/wp\/v2\/tags?post=15037"}],"curies":[{"name":"wp","href":"https:\/\/api.w.org\/{rel}","templated":true}]}}