{"id":15040,"date":"2022-03-08T12:00:23","date_gmt":"2022-03-08T12:00:23","guid":{"rendered":"https:\/\/www.ahmetsavasan.biz\/?p=15040"},"modified":"2022-03-08T12:00:23","modified_gmt":"2022-03-08T12:00:23","slug":"toplumsal-cinsiyet-esitligine-ulasmak-dunyadaki-en-buyuk-insan-haklari-mucadelesidir","status":"publish","type":"post","link":"https:\/\/ahmetsavasan.com\/tr_tr\/toplumsal-cinsiyet-esitligine-ulasmak-dunyadaki-en-buyuk-insan-haklari-mucadelesidir\/","title":{"rendered":"Toplumsal Cinsiyet E\u015fitli\u011fine Ula\u015fmak D\u00fcnyadaki En B\u00fcy\u00fck \u0130nsan Haklar\u0131 M\u00fccadelesidir!"},"content":{"rendered":"<p>UBP Genel Sekreter Yard\u0131mc\u0131s\u0131 Dr. Ahmet Sava\u015fan, Birle\u015fmi\u015f Milletler Genel Sekreteri Ant\u00f3nio Guterres\u2019in \u201ctoplumsal cinsiyet e\u015fitli\u011fine ula\u015fmak ve kad\u0131nlar\u0131 ve k\u0131z \u00e7ocuklar\u0131n\u0131 g\u00fc\u00e7lendirmek, zaman\u0131m\u0131z\u0131n tamamlanmam\u0131\u015f i\u015fi ve d\u00fcnyadaki en b\u00fcy\u00fck insan haklar\u0131 m\u00fccadelesidir\u201d tespitine at\u0131fta bulunarak, bu konuda KKTC\u2019de de d\u00fcnya ile paralel yap\u0131lmas\u0131 gereken \u00e7ok i\u015f bulundu\u011funa dikkat \u00e7ekti.<\/p>\n<p>Covid-19 kad\u0131n ve k\u0131z \u00e7ocuklar\u0131na y\u00f6nelik \u015fiddeti artt\u0131rd\u0131\u2026<\/p>\n<p>Sava\u015fan kat\u0131ld\u0131\u011f\u0131 bir televizyon program\u0131nda, yap\u0131lan \u00e7al\u0131\u015fmalarda Covid-19 salg\u0131n\u0131yla birlikte kad\u0131n ve k\u0131z \u00e7ocuklar\u0131na y\u00f6nelik \u015fiddetin artt\u0131\u011f\u0131n\u0131n ortaya \u00e7\u0131kt\u0131\u011f\u0131na i\u015faret ederek, KKTC\u2019de kad\u0131n istismar\u0131, kad\u0131nlara uygulanan \u015fiddet, cinsiyet ayr\u0131mc\u0131l\u0131\u011f\u0131 gibi konularda halen at\u0131lmas\u0131 gereken ad\u0131mlar\u0131n oldu\u011funu belirtti. Ahmet Sava\u015fan, Dr. Faiz Sucuo\u011flu ba\u015fbakanl\u0131\u011f\u0131nda kurulan h\u00fck\u00fcmetin kad\u0131n ve k\u0131z \u00e7ocuklar\u0131n\u0131n toplumsal konumlar\u0131n\u0131n g\u00fc\u00e7lendirilmesi i\u00e7in gereken ad\u0131mlar\u0131n at\u0131lmas\u0131 konusunda hassasiyet g\u00f6sterilece\u011finin de alt\u0131n\u0131 \u00e7izdi.<\/p>\n<p>Toplumsal cinsiyet e\u015fitli i\u00e7in samimiyetle i\u015f birli\u011fi yap\u0131lacak\u2026<br \/>\nAhmet Sava\u015fan, kad\u0131nlar\u0131n ve erkeklerin toplumsal ya\u015fam\u0131n her alan\u0131na e\u015fit kat\u0131l\u0131m\u0131n\u0131n olmas\u0131 yani<br \/>\ntoplumsal cinsiyet e\u015fitli\u011finin sa\u011flanmas\u0131 konusunda, kad\u0131nlar\u0131n f\u0131rsat e\u015fitli\u011finden tam ve etkin \u015fekilde<br \/>\nyararlanmas\u0131, kad\u0131nlara ve k\u0131z \u00e7ocuklar\u0131na kar\u015f\u0131 \u015fiddetin \u00f6nlenmesi alanlar\u0131nda var olan eksikliklerin<br \/>\nger\u00e7ek\u00e7i bir bak\u0131\u015f a\u00e7\u0131s\u0131yla tespiti ve bunlar\u0131n en k\u0131sa s\u00fcrede giderilmesi i\u00e7in UBP\u2019nin gerek muhalefet<br \/>\ngerekse de \u00fcniversiteler ve ilgili di\u011fer b\u00fct\u00fcn payda\u015flarla samimiyetle i\u015f birli\u011fi yapaca\u011f\u0131n\u0131 da s\u00f6zlerine<br \/>\nekledi.<\/p>\n<p>E\u015fitli\u011fin egemen olaca\u011f\u0131 bir D\u00fcnya diliyorum\u2026<\/p>\n<p>&nbsp;<\/p>\n<p>B\u00fct\u00fcn kad\u0131nlar\u0131n ve k\u0131z \u00e7ocuklar\u0131n\u0131n g\u00fc\u00e7lendi\u011fi, insan haklar\u0131ndan tam olarak yararland\u0131\u011f\u0131, toplumsal<br \/>\ncinsiyet e\u015fitli\u011finin sa\u011fland\u0131\u011f\u0131 bir d\u00fcnya i\u00e7in \u00e7al\u0131\u015fman\u0131n \u00e7a\u011fda\u015f d\u00fcnyan\u0131n en \u00f6nemli gereklerinden biri<br \/>\noldu\u011funun alt\u0131n\u0131 \u00e7izen Ahmet Sava\u015fan, kad\u0131n\u0131n sosyal ve siyasal hayattaki konumunun<br \/>\ng\u00fc\u00e7lendirilmesinin de \u015fart oldu\u011funu ifade etti. UBP Genel Sekreter Yard\u0131mc\u0131s\u0131 Dr. Ahmet Sava\u015fan<br \/>\nkonu\u015fmas\u0131n\u0131n sonunda, sava\u015ftan ve \u015fiddetten ar\u0131nd\u0131r\u0131lm\u0131\u015f, insanca ya\u015fam ko\u015fullar\u0131n\u0131n ve e\u015fitli\u011fin<br \/>\negemen olaca\u011f\u0131 bir D\u00fcnya dileyerek, \u201cgenelde b\u00fct\u00fcn emek\u00e7i kad\u0131nlar\u0131n, \u00f6zelde ise analar\u0131m\u0131z\u0131n, k\u0131z<br \/>\nkarde\u015flerimizin ve k\u0131z \u00e7ocuklar\u0131m\u0131z\u0131n 8 Mart D\u00fcnya Kad\u0131nlar G\u00fcn\u00fc&amp;#39;n\u00fc g\u00f6n\u00fclden kutluyoruz&amp;quot; ifadelerini<br \/>\nkulland\u0131.<\/p>\n","protected":false},"excerpt":{"rendered":"<p>UBP Genel Sekreter Yard\u0131mc\u0131s\u0131 Dr. Ahmet Sava\u015fan, Birle\u015fmi\u015f Milletler Genel Sekreteri Ant\u00f3nio Guterres\u2019in \u201ctoplumsal cinsiyet e\u015fitli\u011fine ula\u015fmak ve kad\u0131nlar\u0131 ve k\u0131z \u00e7ocuklar\u0131n\u0131 g\u00fc\u00e7lendirmek, zaman\u0131m\u0131z\u0131n tamamlanmam\u0131\u015f i\u015fi ve d\u00fcnyadaki en b\u00fcy\u00fck insan haklar\u0131 m\u00fccadelesidir\u201d tespitine at\u0131fta bulunarak, bu konuda KKTC\u2019de de d\u00fcnya ile paralel yap\u0131lmas\u0131 gereken \u00e7ok i\u015f bulundu\u011funa dikkat \u00e7ekti. Covid-19 kad\u0131n ve k\u0131z \u00e7ocuklar\u0131na [&hellip;]<\/p>\n","protected":false},"author":1,"featured_media":15038,"comment_status":"open","ping_status":"open","sticky":false,"template":"","format":"standard","meta":{"_monsterinsights_skip_tracking":false,"_monsterinsights_sitenote_active":false,"_monsterinsights_sitenote_note":"","_monsterinsights_sitenote_category":0,"footnotes":""},"categories":[102],"tags":[],"class_list":["post-15040","post","type-post","status-publish","format-standard","has-post-thumbnail","hentry","category-haberler"],"aioseo_notices":[],"_links":{"self":[{"href":"https:\/\/ahmetsavasan.com\/tr_tr\/wp-json\/wp\/v2\/posts\/15040","targetHints":{"allow":["GET"]}}],"collection":[{"href":"https:\/\/ahmetsavasan.com\/tr_tr\/wp-json\/wp\/v2\/posts"}],"about":[{"href":"https:\/\/ahmetsavasan.com\/tr_tr\/wp-json\/wp\/v2\/types\/post"}],"author":[{"embeddable":true,"href":"https:\/\/ahmetsavasan.com\/tr_tr\/wp-json\/wp\/v2\/users\/1"}],"replies":[{"embeddable":true,"href":"https:\/\/ahmetsavasan.com\/tr_tr\/wp-json\/wp\/v2\/comments?post=15040"}],"version-history":[{"count":0,"href":"https:\/\/ahmetsavasan.com\/tr_tr\/wp-json\/wp\/v2\/posts\/15040\/revisions"}],"wp:featuredmedia":[{"embeddable":true,"href":"https:\/\/ahmetsavasan.com\/tr_tr\/wp-json\/wp\/v2\/media\/15038"}],"wp:attachment":[{"href":"https:\/\/ahmetsavasan.com\/tr_tr\/wp-json\/wp\/v2\/media?parent=15040"}],"wp:term":[{"taxonomy":"category","embeddable":true,"href":"https:\/\/ahmetsavasan.com\/tr_tr\/wp-json\/wp\/v2\/categories?post=15040"},{"taxonomy":"post_tag","embeddable":true,"href":"https:\/\/ahmetsavasan.com\/tr_tr\/wp-json\/wp\/v2\/tags?post=15040"}],"curies":[{"name":"wp","href":"https:\/\/api.w.org\/{rel}","templated":true}]}}