{"id":15152,"date":"2022-03-14T20:22:12","date_gmt":"2022-03-14T20:22:12","guid":{"rendered":"https:\/\/www.ahmetsavasan.biz\/?p=15152"},"modified":"2022-03-14T20:22:12","modified_gmt":"2022-03-14T20:22:12","slug":"savasan-saglik-sisteminin-saglik-calisanlarinin-ve-hastalarin-haklarini-gelistirecek-sekilde-yenilenmesi-gerekiyor","status":"publish","type":"post","link":"https:\/\/ahmetsavasan.com\/tr_tr\/savasan-saglik-sisteminin-saglik-calisanlarinin-ve-hastalarin-haklarini-gelistirecek-sekilde-yenilenmesi-gerekiyor\/","title":{"rendered":"Sava\u015fan: Sa\u011fl\u0131k sisteminin, sa\u011fl\u0131k \u00e7al\u0131\u015fanlar\u0131n\u0131n ve hastalar\u0131n haklar\u0131n\u0131 geli\u015ftirecek \u015fekilde yenilenmesi gerekiyor"},"content":{"rendered":"<h2>K\u0131br\u0131s Sa\u011fl\u0131k Turizmi Konseyi Ba\u015fkan\u0131, UBP Milletvekili Ahmet Sava\u015fan, \u201cSa\u011fl\u0131k sisteminin, sa\u011fl\u0131k \u00e7al\u0131\u015fanlar\u0131n\u0131n ve hastalar\u0131n haklar\u0131n\u0131 geli\u015ftirecek \u015fekilde yenilenmesi gerekiyor&#8221; dedi.<\/h2>\n<div class=\"news-copy\">\n<p>K\u0131br\u0131s Sa\u011fl\u0131k Turizmi Konseyi Ba\u015fkan\u0131, UBP Milletvekili Dr. <span class=\"marked\">Ahmet Sava\u015fan<\/span> kat\u0131ld\u0131\u011f\u0131 bir televizyon program\u0131nda \u00fclkede Genel Sa\u011fl\u0131k Sigortas\u0131 ile Hasta Haklar\u0131 Yasas\u0131\u2019n\u0131n ge\u00e7irilmesi yan\u0131 s\u0131ra, i\u015f yeri hekimli\u011fi t\u00fcz\u00fc\u011f\u00fcn\u00fcn de yap\u0131lmas\u0131na b\u00fcy\u00fck bir ihtiya\u00e7 oldu\u011funa dikkat \u00e7ekti.<\/p>\n<p>Kanuni Sultan S\u00fcleyman\u2019\u0131n; \u201cHalk i\u00e7inde muteber bir nesne yok devlet gibi, olmaya devlet cihanda, bir nefes s\u0131hhat gibi\u201d s\u00f6z\u00fcn\u00fcn, sa\u011fl\u0131\u011f\u0131n \u201ck\u0131ymetini\u201d en iyi \u015fekilde ifade etti\u011fine i\u015faret eden <span class=\"marked\">Ahmet Sava\u015fan<\/span>, sa\u011fl\u0131k emek\u00e7ilerinin ise bu \u201ck\u0131ymetin\u201d korunmas\u0131n\u0131n en \u00f6nemli bile\u015feni oldu\u011funu vurgulad\u0131.<\/p>\n<p><strong>\u201cSA\u011eLIK S\u0130STEM\u0130N\u0130N YILLARDIR KRON\u0130KLE\u015eM\u0130\u015e SORUNLARI VAR\u2026\u201d<\/strong><\/p>\n<p>Sa\u011fl\u0131k hizmetlerinin kesintisiz, etkin ve kaliteli bir \u015fekilde \u00fclke insan\u0131na ula\u015ft\u0131r\u0131lmas\u0131nda en \u00f6nemli sorumlulu\u011fun devlete, g\u00f6revin ise hekimler ile sa\u011fl\u0131k \u00e7al\u0131\u015fanlar\u0131na d\u00fc\u015ft\u00fc\u011f\u00fcn\u00fc ifade eden <span class=\"marked\">Ahmet Sava\u015fan<\/span>, sa\u011fl\u0131k sisteminin y\u0131llard\u0131r kronikle\u015fmi\u015f sorunlar\u0131 nedeniyle \u00fclke insan\u0131n\u0131n, hekimlerin ve sa\u011fl\u0131k \u00e7al\u0131\u015fanlar\u0131n\u0131n b\u00fcy\u00fck sorunlar ya\u015fad\u0131\u011f\u0131n\u0131n alt\u0131n\u0131 \u00e7izerek, \u201cinsan\u0131m\u0131z\u0131n hastane ve hekim se\u00e7ebilmesi ve kesintisiz kaliteli sa\u011fl\u0131k hizmeti alabilmesi i\u00e7in yap\u0131lmas\u0131 gereken daha \u00e7ok i\u015f var\u201d ifadelerini kulland\u0131.<\/p>\n<p>Sava\u015fan, sa\u011fl\u0131k sisteminin yenilenmeye ihtiyac\u0131 oldu\u011funu, bu yenilenmenin hem sa\u011fl\u0131k \u00e7al\u0131\u015fanlar\u0131n\u0131n, hem de hastalar\u0131n haklar\u0131n\u0131 koruyup geli\u015ftirmek amac\u0131yla yap\u0131lmas\u0131 gerekti\u011fini vurgulad\u0131. Sava\u015fan, toplumsal g\u00f6revlerimizin ba\u015f\u0131nda bunun gelmesi gerekti\u011finin de alt\u0131n\u0131 \u00e7izdi.<\/p>\n<p><strong>\u201c\u0130NSANIMIZ, SORUMLULU\u011eUNU YER\u0130NE GET\u0130REN B\u0130R DEVLET \u0130ST\u0130YOR\u2026\u201d<\/strong><\/p>\n<p>Genel Sa\u011fl\u0131k Sigortas\u0131 ile Hasta Haklar\u0131 Yasas\u0131\u2019n\u0131n ge\u00e7irilmesi ve i\u015f yeri hekimli\u011fi t\u00fcz\u00fc\u011f\u00fcn\u00fcn de yap\u0131lmas\u0131n\u0131n daha fazla geciktirilmemesi gerekti\u011finin alt\u0131n\u0131 \u00e7izen <span class=\"marked\">Ahmet Sava\u015fan<\/span>, \u201cinsan\u0131m\u0131z, sorumlulu\u011funu yerine getiren bir devletin yan\u0131 s\u0131ra, iyi e\u011fitim alm\u0131\u015f, en iyi \u00e7al\u0131\u015fma \u015fartlar\u0131nda hizmet \u00fcreten, \u00fcretti\u011fi hizmetlerden memnun olarak, hastalar\u0131na sayg\u0131 g\u00f6steren ve yar\u0131nlara umutla bakabilen hekimler ile sa\u011fl\u0131k \u00e7al\u0131\u015fanlar\u0131n\u0131 g\u00f6rmek istiyor\u201d dedi.<\/p>\n<p><strong>\u201cSA\u011eLIK \u00c7ALI\u015eANLARIMIZ PANDEM\u0130DE NEFESLERE NEFES; CANLARA DA CAN KATTI\u2026\u201d<\/strong><\/p>\n<p>Covid-19 g\u00f6lgesinde kutlad\u0131\u011f\u0131m\u0131z 14 Mart T\u0131p Bayram\u0131\u2019nda, salg\u0131nla m\u00fccadelenin en b\u00fcy\u00fck kahramanlar\u0131n\u0131n, ba\u015fta hekimler ile hem\u015fireler olmak \u00fczere b\u00fct\u00fcn sa\u011fl\u0131k \u00e7al\u0131\u015fanlar\u0131 oldu\u011funu hat\u0131rlayarak, sa\u011fl\u0131k \u00e7al\u0131\u015fanlar\u0131m\u0131z\u0131n bu m\u00fccadelede g\u00f6sterdi\u011fi insan\u00fcst\u00fc \u00e7abalar sayesinde umutlara, umut; nefeslere nefes; canlara da can kat\u0131ld\u0131\u011f\u0131n\u0131n unutulmamas\u0131 gerekti\u011fine dikkat \u00e7eken <span class=\"marked\">Ahmet Sava\u015fan<\/span>, \u201csalg\u0131n d\u00f6neminde, kendi ya\u015famlar\u0131n\u0131 tehlikeye atarak hizmet veren b\u00fct\u00fcn hekimlerimize, hem\u015firelerimiz ile sa\u011fl\u0131k \u00e7al\u0131\u015fanlar\u0131m\u0131za g\u00f6sterdikleri ola\u011fan\u00fcst\u00fc azim i\u00e7in g\u00f6n\u00fcl dolusu te\u015fekk\u00fcr ediyoruz\u201d\u00a0 ifadelerini kulland\u0131.<\/p>\n<p><strong>\u201cDR. K\u00dc\u00c7\u00dcK\u2019\u00dc M\u0130NNETLE YAD ED\u0130YORUZ\u2026\u201d<\/strong><\/p>\n<p>Sava\u015fan, mesaj\u0131n\u0131n sonunda \u201cdoktorlu\u011fu, halk\u00e7\u0131l\u0131\u011f\u0131, m\u00fccadele azmi ve \u00f6zverisiyle y\u00fcreklerimizde farkl\u0131 ve silinemez bir yere sahip \u00f6nc\u00fc Lider\u2019imiz Dr. Faz\u0131l K\u00fc\u00e7\u00fck\u2019\u00fcn do\u011fdu\u011fu bu \u00f6nemli g\u00fcnde kendisini minnetle yad ederken, g\u00f6revleri ba\u015f\u0131nda hayatlar\u0131n\u0131 kaybeden veya ba\u015fka nedenlerle aram\u0131zdan ayr\u0131lan sa\u011fl\u0131k \u00e7al\u0131\u015fanlar\u0131n\u0131 rahmetle an\u0131yor, emekliye ayr\u0131lanlar ile hizmet vermeye devam edenlere sa\u011fl\u0131k ve huzur dileyerek, 14 Mart T\u0131p Bayram\u0131\u2019n\u0131 i\u00e7tenlikle kutlar\u0131m\u201d ifadelerini kulland\u0131.<\/p>\n<\/div>\n","protected":false},"excerpt":{"rendered":"<p>K\u0131br\u0131s Sa\u011fl\u0131k Turizmi Konseyi Ba\u015fkan\u0131, UBP Milletvekili Ahmet Sava\u015fan, \u201cSa\u011fl\u0131k sisteminin, sa\u011fl\u0131k \u00e7al\u0131\u015fanlar\u0131n\u0131n ve hastalar\u0131n haklar\u0131n\u0131 geli\u015ftirecek \u015fekilde yenilenmesi gerekiyor&#8221; dedi. K\u0131br\u0131s Sa\u011fl\u0131k Turizmi Konseyi Ba\u015fkan\u0131, UBP Milletvekili Dr. Ahmet Sava\u015fan kat\u0131ld\u0131\u011f\u0131 bir televizyon program\u0131nda \u00fclkede Genel Sa\u011fl\u0131k Sigortas\u0131 ile Hasta Haklar\u0131 Yasas\u0131\u2019n\u0131n ge\u00e7irilmesi yan\u0131 s\u0131ra, i\u015f yeri hekimli\u011fi t\u00fcz\u00fc\u011f\u00fcn\u00fcn de yap\u0131lmas\u0131na b\u00fcy\u00fck bir ihtiya\u00e7 [&hellip;]<\/p>\n","protected":false},"author":1,"featured_media":15153,"comment_status":"open","ping_status":"open","sticky":false,"template":"","format":"standard","meta":{"_monsterinsights_skip_tracking":false,"_monsterinsights_sitenote_active":false,"_monsterinsights_sitenote_note":"","_monsterinsights_sitenote_category":0,"footnotes":""},"categories":[102],"tags":[],"class_list":["post-15152","post","type-post","status-publish","format-standard","has-post-thumbnail","hentry","category-haberler"],"aioseo_notices":[],"_links":{"self":[{"href":"https:\/\/ahmetsavasan.com\/tr_tr\/wp-json\/wp\/v2\/posts\/15152","targetHints":{"allow":["GET"]}}],"collection":[{"href":"https:\/\/ahmetsavasan.com\/tr_tr\/wp-json\/wp\/v2\/posts"}],"about":[{"href":"https:\/\/ahmetsavasan.com\/tr_tr\/wp-json\/wp\/v2\/types\/post"}],"author":[{"embeddable":true,"href":"https:\/\/ahmetsavasan.com\/tr_tr\/wp-json\/wp\/v2\/users\/1"}],"replies":[{"embeddable":true,"href":"https:\/\/ahmetsavasan.com\/tr_tr\/wp-json\/wp\/v2\/comments?post=15152"}],"version-history":[{"count":0,"href":"https:\/\/ahmetsavasan.com\/tr_tr\/wp-json\/wp\/v2\/posts\/15152\/revisions"}],"wp:featuredmedia":[{"embeddable":true,"href":"https:\/\/ahmetsavasan.com\/tr_tr\/wp-json\/wp\/v2\/media\/15153"}],"wp:attachment":[{"href":"https:\/\/ahmetsavasan.com\/tr_tr\/wp-json\/wp\/v2\/media?parent=15152"}],"wp:term":[{"taxonomy":"category","embeddable":true,"href":"https:\/\/ahmetsavasan.com\/tr_tr\/wp-json\/wp\/v2\/categories?post=15152"},{"taxonomy":"post_tag","embeddable":true,"href":"https:\/\/ahmetsavasan.com\/tr_tr\/wp-json\/wp\/v2\/tags?post=15152"}],"curies":[{"name":"wp","href":"https:\/\/api.w.org\/{rel}","templated":true}]}}