{"id":15156,"date":"2022-03-21T20:23:09","date_gmt":"2022-03-21T20:23:09","guid":{"rendered":"https:\/\/www.ahmetsavasan.biz\/?p=15156"},"modified":"2022-03-21T20:23:09","modified_gmt":"2022-03-21T20:23:09","slug":"ahmet-savasan-halkin-beklentisi-iktidar-ve-muhalefetin-samimiyetle-birlikte-calismasidir","status":"publish","type":"post","link":"https:\/\/ahmetsavasan.com\/tr_tr\/ahmet-savasan-halkin-beklentisi-iktidar-ve-muhalefetin-samimiyetle-birlikte-calismasidir\/","title":{"rendered":"Ahmet Sava\u015fan: Halk\u0131n beklentisi iktidar ve muhalefetin samimiyetle birlikte \u00e7al\u0131\u015fmas\u0131d\u0131r\u2026"},"content":{"rendered":"<h2>UBP Milletvekili Ahmet Sava\u015fan, &#8220;Halk\u0131n beklentisi iktidar ve muhalefetin samimiyetle birlikte \u00e7al\u0131\u015fmas\u0131d\u0131r\u2026&#8221; dedi.<\/h2>\n<div class=\"news-copy\">\n<p>Down sendromlu bireylere normal insanlar gibi ya\u015fayabilecekleri standartlar\u0131n yarat\u0131lmas\u0131 ve onlar\u0131n ihtiya\u00e7 duydu\u011fu fizyoterapi ve mental e\u011fitimleri alabilmeleri sa\u011flanmas\u0131 konular\u0131nda h\u00fck\u00fcmetlere \u00f6nemli g\u00f6revler d\u00fc\u015ft\u00fc\u011f\u00fcne i\u015faret eden Sa\u011fl\u0131k Turizmi Konseyi Ba\u015fkan\u0131 ve Ulusal Birlik Partisi (UBP) Milletvekili Dr. <span class=\"marked\">Ahmet Sava\u015fan<\/span>, Down Sendromlu bireylerin topluma kazand\u0131r\u0131lmalar\u0131 i\u00e7in bu g\u00fcne kadar \u00e7e\u015fitli ad\u0131mlar\u0131n at\u0131ld\u0131\u011f\u0131n\u0131 ama bu ad\u0131mlar\u0131n yetersiz kald\u0131\u011f\u0131na dikkat \u00e7ekti.<\/p>\n<p>Parti g\u00f6zetmeksizin mecliste g\u00f6rev yapan b\u00fct\u00fcn milletvekillerinin \u00fczerlerine d\u00fc\u015fen sorumlulu\u011fun bilincinde olarak hareket edece\u011fine inan\u00e7 belirten <span class=\"marked\">Ahmet Sava\u015fan<\/span>, \u00f6zel gereksinimi bulunan bireylerin gerek yasal, gerekse de di\u011fer alanlarda ihtiya\u00e7 duyduklar\u0131 d\u00fczenlemelerin yap\u0131labilmesi i\u00e7in iktidar ve muhalefetin birlikte ve samimiyetle \u00e7al\u0131\u015farak en k\u0131sa s\u00fcrede sonu\u00e7 almas\u0131 gerekti\u011fini vurgulad\u0131. Sava\u015fan halk\u0131n beklentisinin de bu y\u00f6nde oldu\u011funa vurgu yapt\u0131.<\/p>\n<p><strong>&#8220;EN \u00d6NEML\u0130 GEREKL\u0130L\u0130K E\u011e\u0130T\u0130MD\u0130R\u2026&#8221;<\/strong><\/p>\n<p>K\u0131br\u0131s Sa\u011fl\u0131k Turizmi Konseyi Ba\u015fkan\u0131 ve UBP Milletvekili Dr. <span class=\"marked\">Ahmet Sava\u015fan<\/span> kat\u0131ld\u0131\u011f\u0131 bir televizyon program\u0131nda 21 Mart D\u00fcnya Down Sendromu G\u00fcn\u00fc\u2019ne at\u0131fta bulunarak Down sendromlu ki\u015filerin topluma kazand\u0131r\u0131lmalar\u0131nda en \u00f6nemli gereklili\u011fin ba\u015f\u0131nda e\u011fitimin geldi\u011fine dikkat \u00e7ekti. Do\u011fumdan itibaren ba\u015flat\u0131lan e\u011fitimlerle Down sendromlu ki\u015filerin toplumda ba\u015far\u0131l\u0131 olduklar\u0131n\u0131 vurgulayan <span class=\"marked\">Ahmet Sava\u015fan<\/span>, g\u00fcn\u00fcm\u00fczde Down sendromlu ki\u015filerin hemen hepsinin okula gitti\u011fini ve ba\u015far\u0131l\u0131 oldu\u011funu kaydederek, \u201cbu insanlar\u0131m\u0131z \u00e7a\u011f\u0131m\u0131zda sosyal ya\u015fama kolayl\u0131kla kat\u0131l\u0131yor ve \u00e7o\u011fu da yar\u0131-ba\u011f\u0131ms\u0131z ya\u015famlar kurabiliyorlar\u201d \u015feklinde konu\u015ftu.<\/p>\n<p><strong>&#8220;ARTIK L\u0130SE, HATTA \u00dcN\u0130VERS\u0130TE B\u0130T\u0130R\u0130YORLAR\u2026&#8221;<\/strong><\/p>\n<p>Eskiden okuyamaz denilen bu bireylerin art\u0131k lise, hatta \u00fcniversite bitirebildiklerini kaydeden <span class=\"marked\">Ahmet Sava\u015fan<\/span>, \u201cDown sendromlu do\u011fan insanlar\u0131m\u0131z do\u011fumdan itibaren ba\u015flayan, d\u00fczenli ve disiplinli e\u011fitimlerle ikinci bir dil \u00f6\u011frenebiliyor, \u00e7al\u0131\u015fabiliyor ve hayatta ba\u015far\u0131l\u0131 olabiliyorlar\u201d dedi. Son 40 y\u0131lda D\u00fcnya\u2019da uygulanan \u00e7e\u015fitli e\u011fitim ve terapilerle hem \u00f6\u011frenme hem de ba\u011f\u0131ms\u0131z ya\u015fam seviyelerindeki art\u0131\u015f\u0131n m\u00fcthi\u015f oldu\u011funun alt\u0131n\u0131 \u00e7izen Sava\u015fan, Down sendromunun hastal\u0131k olmad\u0131\u011f\u0131n\u0131 s\u00f6yledi.<\/p>\n<p><strong>&#8220;S\u0130YAS\u0130LER OLARAK B\u0130Z, GEREKEN \u00c7ABAYI ORTAYA KOYMALIYIZ\u2026&#8221;<\/strong><\/p>\n<p>Down sendromlu bireylere \u201chastal\u0131kl\u0131\u201d ya da \u201csorunlu\u201d olarak yakla\u015f\u0131lmas\u0131n\u0131n b\u00fcy\u00fck bir hata oldu\u011funun alt\u0131n\u0131 \u00e7izen <span class=\"marked\">Ahmet Sava\u015fan<\/span>, a\u00e7\u0131klamas\u0131n\u0131 \u015fu ifadelerle s\u00fcrd\u00fcrd\u00fc:<\/p>\n<p>\u201cD\u00fczg\u00fcn bir \u015fekilde yeti\u015ftirilen Down sendromlu bireyler, hi\u00e7bir d\u0131\u015f deste\u011fe ihtiya\u00e7 duymaks\u0131z\u0131n hayatlar\u0131n\u0131 s\u00fcrd\u00fcrebilecek kadar kendilerini geli\u015ftirebilirler. \u00d6rne\u011fin, normalde motor fonksiyonlar konusunda ciddi s\u0131k\u0131nt\u0131lar \u00e7eken Down sendromlu bireylerin, gerekli e\u011fitimi almalar\u0131 halinde normal bireyler gibi el-g\u00f6z koordinasyonuna ve motor faaliyetlere kavu\u015ftuklar\u0131 g\u00f6r\u00fclmektedir. Dolay\u0131s\u0131yla biz siyasiler, Down sendromlu bireylerin normal insanlar gibi ya\u015fayabilecekleri standartlar\u0131n sa\u011flanmas\u0131 konusunda \u00e7al\u0131\u015fmal\u0131, onlar\u0131n fizyoterapi ve mental e\u011fitimlerin verilmesi i\u00e7in her t\u00fcrl\u00fc \u00e7abay\u0131 ortaya koymal\u0131y\u0131z.<\/p>\n<p><strong>S\u00dcRD\u00dcR\u00dcLEB\u0130L\u0130R B\u0130R YAPI KURMALIYIZ\u2026<\/strong><\/p>\n<p>Her birimiz, farkl\u0131 yap\u0131daki genlerle do\u011fuyoruz ve pop\u00fclasyonun geneli, tipik bir gen grubuyla do\u011fuyor. Bizler, d\u00f6n\u00fcp buna bakt\u0131\u011f\u0131m\u0131zda, bu bireyleri \u201cnormal\u201d olarak tan\u0131ml\u0131yoruz. Do\u011fada, her \u015fey normaldir, her \u015fey do\u011fald\u0131r. Bu anlay\u0131\u015f, egomuzu yenmemiz ve ekolojik b\u00fct\u00fcnl\u00fc\u011f\u00fc fark etmemiz i\u00e7in ekstra \u00f6nem ta\u015f\u0131maktad\u0131r. Bu konuda toplumsal fark\u0131ndal\u0131\u011f\u0131n geli\u015fmesi i\u00e7in devlet, h\u00fck\u00fcmet, muhalefet, \u00f6zel sekt\u00f6r, sivil toplum \u00f6rg\u00fctlerinin el ele vererek y\u0131lda sadece bir g\u00fcn de\u011fil, s\u00fcrd\u00fcr\u00fclebilir bir yap\u0131n\u0131n kurulmas\u0131 i\u00e7in \u00e7al\u0131\u015fmas\u0131 hayati \u00f6nem ta\u015f\u0131yor. \u00dclkemizde yeterli olmasa da bu bilincin var oldu\u011funu g\u00f6r\u00fcyoruz. \u0130nan\u0131yorum ki el ele vererek \u00e7al\u0131\u015f\u0131rsak bu konularda gereken ad\u0131mlar\u0131 atacak ve bu \u00f6zel insanlar\u0131m\u0131z\u0131n hayatlar\u0131n\u0131 kolayla\u015ft\u0131rabilece\u011fiz.\u201d<\/p>\n<\/div>\n","protected":false},"excerpt":{"rendered":"<p>UBP Milletvekili Ahmet Sava\u015fan, &#8220;Halk\u0131n beklentisi iktidar ve muhalefetin samimiyetle birlikte \u00e7al\u0131\u015fmas\u0131d\u0131r\u2026&#8221; dedi. Down sendromlu bireylere normal insanlar gibi ya\u015fayabilecekleri standartlar\u0131n yarat\u0131lmas\u0131 ve onlar\u0131n ihtiya\u00e7 duydu\u011fu fizyoterapi ve mental e\u011fitimleri alabilmeleri sa\u011flanmas\u0131 konular\u0131nda h\u00fck\u00fcmetlere \u00f6nemli g\u00f6revler d\u00fc\u015ft\u00fc\u011f\u00fcne i\u015faret eden Sa\u011fl\u0131k Turizmi Konseyi Ba\u015fkan\u0131 ve Ulusal Birlik Partisi (UBP) Milletvekili Dr. Ahmet Sava\u015fan, Down Sendromlu bireylerin [&hellip;]<\/p>\n","protected":false},"author":1,"featured_media":15157,"comment_status":"open","ping_status":"open","sticky":false,"template":"","format":"standard","meta":{"_monsterinsights_skip_tracking":false,"_monsterinsights_sitenote_active":false,"_monsterinsights_sitenote_note":"","_monsterinsights_sitenote_category":0,"footnotes":""},"categories":[102],"tags":[],"class_list":["post-15156","post","type-post","status-publish","format-standard","has-post-thumbnail","hentry","category-haberler"],"aioseo_notices":[],"_links":{"self":[{"href":"https:\/\/ahmetsavasan.com\/tr_tr\/wp-json\/wp\/v2\/posts\/15156","targetHints":{"allow":["GET"]}}],"collection":[{"href":"https:\/\/ahmetsavasan.com\/tr_tr\/wp-json\/wp\/v2\/posts"}],"about":[{"href":"https:\/\/ahmetsavasan.com\/tr_tr\/wp-json\/wp\/v2\/types\/post"}],"author":[{"embeddable":true,"href":"https:\/\/ahmetsavasan.com\/tr_tr\/wp-json\/wp\/v2\/users\/1"}],"replies":[{"embeddable":true,"href":"https:\/\/ahmetsavasan.com\/tr_tr\/wp-json\/wp\/v2\/comments?post=15156"}],"version-history":[{"count":0,"href":"https:\/\/ahmetsavasan.com\/tr_tr\/wp-json\/wp\/v2\/posts\/15156\/revisions"}],"wp:featuredmedia":[{"embeddable":true,"href":"https:\/\/ahmetsavasan.com\/tr_tr\/wp-json\/wp\/v2\/media\/15157"}],"wp:attachment":[{"href":"https:\/\/ahmetsavasan.com\/tr_tr\/wp-json\/wp\/v2\/media?parent=15156"}],"wp:term":[{"taxonomy":"category","embeddable":true,"href":"https:\/\/ahmetsavasan.com\/tr_tr\/wp-json\/wp\/v2\/categories?post=15156"},{"taxonomy":"post_tag","embeddable":true,"href":"https:\/\/ahmetsavasan.com\/tr_tr\/wp-json\/wp\/v2\/tags?post=15156"}],"curies":[{"name":"wp","href":"https:\/\/api.w.org\/{rel}","templated":true}]}}