{"id":15163,"date":"2022-03-31T20:27:21","date_gmt":"2022-03-31T20:27:21","guid":{"rendered":"https:\/\/www.ahmetsavasan.biz\/?p=15163"},"modified":"2022-03-31T20:27:21","modified_gmt":"2022-03-31T20:27:21","slug":"belediyeler-degisiklik-yasa-tasarisi-gorusmeleri-tamalandi","status":"publish","type":"post","link":"https:\/\/ahmetsavasan.com\/tr_tr\/belediyeler-degisiklik-yasa-tasarisi-gorusmeleri-tamalandi\/","title":{"rendered":"Belediyeler (De\u011fi\u015fiklik) Yasa Tasar\u0131s\u0131 g\u00f6r\u00fc\u015fmeleri tamaland\u0131"},"content":{"rendered":"<h2>Cumhuriyet Meclisi \u0130dari, Kamu ve Sa\u011fl\u0131k \u0130\u015fleri Komitesi toplant\u0131s\u0131 sona erdi. Toplant\u0131da, Belediyeler (De\u011fi\u015fiklik) Yasa Tasar\u0131s\u0131\u2019n\u0131n genel g\u00f6r\u00fc\u015fmesi tamamland\u0131.<\/h2>\n<div class=\"news-copy\">\n<p>Cumhuriyet Meclisi \u0130dari, Kamu ve Sa\u011fl\u0131k \u0130\u015fleri Komitesi toplant\u0131s\u0131 sona erdi. Toplant\u0131da, Belediyeler (De\u011fi\u015fiklik) Yasa Tasar\u0131s\u0131\u2019n\u0131n genel g\u00f6r\u00fc\u015fmesi tamamland\u0131.<\/p>\n<p>Cumhuriyet Meclisi\u2019nden yap\u0131lan a\u00e7\u0131klamaya g\u00f6re, komite, g\u00fcndeminde bulunan \u201cBelediyeler (De\u011fi\u015fiklik) Yasa Tasar\u0131s\u0131\u201dn\u0131 ele ald\u0131 ve ilgili yasa tasar\u0131s\u0131n\u0131n genel g\u00f6r\u00fc\u015fmesini tamamlad\u0131. Komite, bahse konu yasa tasar\u0131s\u0131 ile ilgili \u00e7al\u0131\u015fmalar\u0131na bir sonraki toplant\u0131da devam edecek.<\/p>\n<p>UBP Milletvekili <span class=\"marked\">\u00d6zdemir Berova<\/span> Ba\u015fkanl\u0131\u011f\u0131nda toplanan \u0130dari, Kamu ve Sa\u011fl\u0131k \u0130\u015fleri Komitesi toplant\u0131s\u0131na, Komite Ba\u015fkan Vekili CTP Milletvekili <span class=\"marked\">Filiz Besim<\/span>, komite \u00fcyeleri UBP Milletvekilleri <span class=\"marked\">Ziya \u00d6zt\u00fcrkler<\/span> ve <span class=\"marked\">Emrah Ye\u015fil\u0131rmak<\/span> kat\u0131ld\u0131.<\/p>\n<p>Toplant\u0131ya ayr\u0131ca, Ba\u015fbakan <span class=\"marked\">Faiz Sucuo\u011flu<\/span>, \u0130\u00e7i\u015fleri Bakan\u0131 <span class=\"marked\">\u00dcnal \u00dcstel<\/span>, \u00c7al\u0131\u015fma ve Sosyal G\u00fcvenlik Bakan\u0131 <span class=\"marked\">Hasan Ta\u00e7oy<\/span> ve Meclis Ba\u015fkan Yard\u0131mc\u0131s\u0131 <span class=\"marked\">Fazilet \u00d6zdenefe<\/span> de kat\u0131l\u0131m g\u00f6sterdi.<\/p>\n<p>CTP Genel Ba\u015fkan\u0131 <span class=\"marked\">Tufan Erh\u00fcrman<\/span>, UBP Milletvekilleri <span class=\"marked\">Olgun Amcao\u011flu<\/span>, <span class=\"marked\">O\u011fuzhan Hasipo\u011flu<\/span>, <span class=\"marked\">Hasan K\u00fc\u00e7\u00fck<\/span>, <span class=\"marked\">Ali\u015fan \u015ean<\/span>, <span class=\"marked\">F\u0131rt\u0131na Karanfil<\/span>, <span class=\"marked\">H\u00fcseyin \u00c7avu\u015f<\/span>, <span class=\"marked\">Ahmet Sava\u015fan<\/span>, <span class=\"marked\">Sad\u0131k Gardiyano\u011flu<\/span>, CTP Milletvekilleri <span class=\"marked\">Fikri Toros<\/span>, <span class=\"marked\">Teberr\u00fcken Ulu\u00e7ay<\/span>, <span class=\"marked\">Arma\u011fan Candan<\/span>, <span class=\"marked\">Erkut \u015eahali<\/span>, <span class=\"marked\">As\u0131m Akansoy<\/span>, <span class=\"marked\">\u00dcr\u00fcn Solyal\u0131<\/span>, <span class=\"marked\">\u015eifa \u00c7olako\u011flu<\/span>, <span class=\"marked\">Fide K\u00fcr\u015fat<\/span>, <span class=\"marked\">Ceyhun Birinci<\/span>, <span class=\"marked\">Ongun Talat<\/span>, HP Milletvekili <span class=\"marked\">Ay\u015feg\u00fcl Baybars<\/span> ve YDP Milletvekili <span class=\"marked\">Talip Atalay<\/span> da toplant\u0131da yer ald\u0131.<\/p>\n<p>Komite toplant\u0131s\u0131na davetli olarak Maliye Bakanl\u0131\u011f\u0131, \u0130\u00e7i\u015fleri Bakanl\u0131\u011f\u0131, Personel Dairesi, KKTC Ba\u015fsavc\u0131l\u0131k, \u015eehir Planlama Dairesi, Veteriner Dairesi, K\u0131br\u0131s T\u00fcrk Ticaret Odas\u0131 K\u0131br\u0131s T\u00fcrk Sanayi Odas\u0131, K\u0131br\u0131s T\u00fcrk Belediyeler Birli\u011fi, K\u0131br\u0131s T\u00fcrk M\u00fchendis ve Mimar Odalar\u0131 Birli\u011fi, K\u0131br\u0131s T\u00fcrk Ta\u015f Ocaklar\u0131 Birli\u011fi\u2019nden yetkililer ile, Lefko\u015fa T\u00fcrk Belediye Ba\u015fkan\u0131, Girne Belediye Ba\u015fkan\u0131, G\u00fczelyurt Belediye Ba\u015fkan\u0131, \u0130skele Belediye Ba\u015fkan\u0131, Lefke Belediye Ba\u015fkan\u0131, Lapta Belediye Ba\u015fkan\u0131, Alsancak Belediye Ba\u015fkan\u0131, Vadili Belediye Ba\u015fkan\u0131, \u00c7atalk\u00f6y Belediye Ba\u015fkan\u0131, Pa\u015fak\u00f6y Belediye Ba\u015fkan\u0131, Serdarl\u0131 Belediye Ba\u015fkan\u0131, De\u011firmenlik Belediye Ba\u015fkan\u0131, G\u00f6nyeli Belediye Ba\u015fkan\u0131, Yenibo\u011fazi\u00e7i Belediye Ba\u015fkan\u0131, Akdo\u011fan Belediye Ba\u015fkan\u0131, Dikmen Belediye Ba\u015fkan\u0131, Ge\u00e7itkale Belediye Ba\u015fkan\u0131,\u00a0 Mehmet\u00e7ik Belediye Ba\u015fkan\u0131, Tatl\u0131su Belediye Ba\u015fkan\u0131, Ak\u0131nc\u0131lar Belediye Ba\u015fkan\u0131, BES, Bel-Sen, Dev-\u0130\u015f, H\u00fcr-\u0130\u015f, KKTC Muhtarlar Derne\u011fi ve Mediha Piro Azer kat\u0131larak, yasa tasar\u0131s\u0131 hakk\u0131nda g\u00f6r\u00fc\u015f ve \u00f6nerilerde bulundular.<\/p>\n<p><strong>GENEL GEREK\u00c7E<\/strong><\/p>\n<p>Belediyeler (De\u011fi\u015fiklik) Yasa Tasar\u0131s\u0131\u2019n\u0131n genel gerek\u00e7esi \u015f\u00f6yle:<\/p>\n<p>\u201cKi\u015filerin yerel y\u00f6netimlere kat\u0131l\u0131mlar\u0131n\u0131 sa\u011flayabilmek, hesap verebilme ve \u015feffafl\u0131k ilkeleri ad\u0131na, belediyelerimizi geli\u015ftirmek, daha \u00f6zerk, denetlenebilir bir yap\u0131ya kavu\u015fturulmalar\u0131na imkan sa\u011flayabilmek ve hesap verebilirlik ilkeleri do\u011frultusunda \u00e7al\u0131\u015fmalar\u0131n\u0131 y\u00fcr\u00fctmelerine yard\u0131mc\u0131 olmak, kendi sorumluluklar\u0131n\u0131 yerine getiren \u00f6zerk kurulu\u015flar olarak g\u00f6r\u00fclmektedir.<\/p>\n<p>Yukar\u0131da belirtti\u011fimiz ama\u00e7lar do\u011frultusunda belediyelerimizin asli g\u00f6revleri olan yerel ihtiya\u00e7lar\u0131 kar\u015f\u0131lamak i\u00e7in belediye meclislerinin toplanarak, karar \u00fcretebilmelerine f\u0131rsat yaratmak, meclisi daha i\u015flevsel hale getirmek ve halk\u0131m\u0131za hesap verebilirlik, \u015feffafl\u0131k noktas\u0131nda imkanlar\u0131 geli\u015ftirme, belediye hizmetlerinin aksamamas\u0131 ana hedefimizdir.<\/p>\n<p>Belde halk\u0131n\u0131n ya\u015fam kalitesini artt\u0131rma talebinde olan belediyelerimizin bu ama\u00e7lar do\u011frultusunda giderleri s\u00fcrekli artmakta, gelirleri de bu giderleri kar\u015f\u0131lamakta zorlanmaktad\u0131r.<\/p>\n<p>Belediyelerimizin \u00e7a\u011fda\u015f belediyecilik anlay\u0131\u015f\u0131 \u00e7er\u00e7evesinde \u00e7al\u0131\u015fmalar yapmas\u0131 ve altyap\u0131 eksikliklerinin tamamlanmas\u0131 giri\u015fimlerinde, halk\u0131m\u0131z\u0131n yerel y\u00f6netimlerden beklentisinin artmas\u0131 s\u00fcre\u00e7lerinde yasal baz\u0131 s\u0131k\u0131nt\u0131lar kendini g\u00f6stermi\u015ftir.<\/p>\n<p>Bu ba\u011flamda sorunlara yerinde m\u00fcdahil olma ve yerel y\u00f6netimle bakanl\u0131k aras\u0131ndaki organik ba\u011f\u0131n kurulmas\u0131, belediyelerin imara ili\u015fkin g\u00f6revlerinde de\u011fi\u015fikliklerin yap\u0131lmas\u0131, belediyelerin yetkilerini d\u00fczenleyen kurallarda de\u011fi\u015fiklik yap\u0131lmas\u0131, belediye meclislerinin daha i\u015flevsel hale getirilmesi, kamu g\u00f6revlilerine uygulanan temsil \u00f6deneklerine uygun olarak belediye ba\u015fkanlar\u0131na uygulanmas\u0131, belediye ba\u015fkan\u0131na vekalet eden asba\u015fkanlar\u0131n yetkilerinin k\u0131s\u0131tlanmas\u0131, T\u00fcrk liras\u0131nda olan de\u011fi\u015fiklikler ve zaman i\u00e7inde paran\u0131n tedav\u00fcle edilmesi nedeniyle vergi, resim, har\u00e7 ve \u00fccretlerde yeniden d\u00fczenleme yap\u0131lmas\u0131, baz\u0131 su\u00e7 ve cezalar\u0131n g\u00fcn\u00fcn ko\u015fullar\u0131na uyum sa\u011flamas\u0131, belediyelerin bor\u00e7lanabilme yeteneklerini g\u00fcn\u00fcn ko\u015fullar\u0131 ile uyumlu hale getirilmesi, in\u015faatlar\u0131n daha etkin denetlenmesi, katk\u0131 paylar\u0131ndan kesinti yap\u0131labilmesi, belediye meclislerinin \u00e7al\u0131\u015fma usul ve esaslar\u0131n\u0131n yeniden d\u00fczenlenmesi, \u00fcyeli\u011fin sona ermesi ile ilgili kurallarda de\u011fi\u015fiklik yap\u0131lmas\u0131, kat\u0131 at\u0131\u011f\u0131n halk sa\u011fl\u0131\u011f\u0131 g\u00f6z \u00f6n\u00fcnde bulundurularak y\u00f6netilebilmesi, yasan\u0131n uygulanmas\u0131 s\u0131ras\u0131nda do\u011fan ihtiya\u00e7lar\u0131n kar\u015f\u0131lanmas\u0131, kar\u015f\u0131la\u015f\u0131lan s\u0131k\u0131nt\u0131lar\u0131n tekrarlanmamas\u0131 i\u00e7in tedbir al\u0131nmas\u0131, mali denetimin etkinli\u011fini artt\u0131rmak i\u00e7in kurallarda de\u011fi\u015fiklik yap\u0131lmas\u0131, belediyelerin sigorta ve ihtiyat sand\u0131\u011f\u0131 prim ve depozit bor\u00e7lar\u0131na \u00f6deme kolayl\u0131\u011f\u0131 sa\u011flanabilmesi gibi bir\u00e7ok maddede de\u011fi\u015fiklik yap\u0131lmas\u0131 ihtiyac\u0131 do\u011fmu\u015ftur. Bu nedenle belirtilenler \u0131\u015f\u0131\u011f\u0131nda, yasa yeniden d\u00fczenlenerek, i\u015fbu (De\u011fi\u015fiklik) Yasa Tasar\u0131s\u0131 haz\u0131rlanm\u0131\u015ft\u0131r.\u201d<\/p>\n<\/div>\n","protected":false},"excerpt":{"rendered":"<p>Cumhuriyet Meclisi \u0130dari, Kamu ve Sa\u011fl\u0131k \u0130\u015fleri Komitesi toplant\u0131s\u0131 sona erdi. Toplant\u0131da, Belediyeler (De\u011fi\u015fiklik) Yasa Tasar\u0131s\u0131\u2019n\u0131n genel g\u00f6r\u00fc\u015fmesi tamamland\u0131. Cumhuriyet Meclisi \u0130dari, Kamu ve Sa\u011fl\u0131k \u0130\u015fleri Komitesi toplant\u0131s\u0131 sona erdi. Toplant\u0131da, Belediyeler (De\u011fi\u015fiklik) Yasa Tasar\u0131s\u0131\u2019n\u0131n genel g\u00f6r\u00fc\u015fmesi tamamland\u0131. Cumhuriyet Meclisi\u2019nden yap\u0131lan a\u00e7\u0131klamaya g\u00f6re, komite, g\u00fcndeminde bulunan \u201cBelediyeler (De\u011fi\u015fiklik) Yasa Tasar\u0131s\u0131\u201dn\u0131 ele ald\u0131 ve ilgili yasa [&hellip;]<\/p>\n","protected":false},"author":1,"featured_media":15164,"comment_status":"open","ping_status":"open","sticky":false,"template":"","format":"standard","meta":{"_monsterinsights_skip_tracking":false,"_monsterinsights_sitenote_active":false,"_monsterinsights_sitenote_note":"","_monsterinsights_sitenote_category":0,"footnotes":""},"categories":[102],"tags":[],"class_list":["post-15163","post","type-post","status-publish","format-standard","has-post-thumbnail","hentry","category-haberler"],"aioseo_notices":[],"_links":{"self":[{"href":"https:\/\/ahmetsavasan.com\/tr_tr\/wp-json\/wp\/v2\/posts\/15163","targetHints":{"allow":["GET"]}}],"collection":[{"href":"https:\/\/ahmetsavasan.com\/tr_tr\/wp-json\/wp\/v2\/posts"}],"about":[{"href":"https:\/\/ahmetsavasan.com\/tr_tr\/wp-json\/wp\/v2\/types\/post"}],"author":[{"embeddable":true,"href":"https:\/\/ahmetsavasan.com\/tr_tr\/wp-json\/wp\/v2\/users\/1"}],"replies":[{"embeddable":true,"href":"https:\/\/ahmetsavasan.com\/tr_tr\/wp-json\/wp\/v2\/comments?post=15163"}],"version-history":[{"count":0,"href":"https:\/\/ahmetsavasan.com\/tr_tr\/wp-json\/wp\/v2\/posts\/15163\/revisions"}],"wp:featuredmedia":[{"embeddable":true,"href":"https:\/\/ahmetsavasan.com\/tr_tr\/wp-json\/wp\/v2\/media\/15164"}],"wp:attachment":[{"href":"https:\/\/ahmetsavasan.com\/tr_tr\/wp-json\/wp\/v2\/media?parent=15163"}],"wp:term":[{"taxonomy":"category","embeddable":true,"href":"https:\/\/ahmetsavasan.com\/tr_tr\/wp-json\/wp\/v2\/categories?post=15163"},{"taxonomy":"post_tag","embeddable":true,"href":"https:\/\/ahmetsavasan.com\/tr_tr\/wp-json\/wp\/v2\/tags?post=15163"}],"curies":[{"name":"wp","href":"https:\/\/api.w.org\/{rel}","templated":true}]}}