{"id":15170,"date":"2022-04-07T12:58:36","date_gmt":"2022-04-07T12:58:36","guid":{"rendered":"https:\/\/www.ahmetsavasan.biz\/?p=15170"},"modified":"2022-04-07T12:58:36","modified_gmt":"2022-04-07T12:58:36","slug":"kibris-saglik-turizmi-konseyi-baskani-savasandan-dunya-saglik-gunu-mesaji","status":"publish","type":"post","link":"https:\/\/ahmetsavasan.com\/tr_tr\/kibris-saglik-turizmi-konseyi-baskani-savasandan-dunya-saglik-gunu-mesaji\/","title":{"rendered":"K\u0131br\u0131s Sa\u011fl\u0131k Turizmi Konseyi Ba\u015fkan\u0131 Sava\u015fan\u2019dan D\u00fcnya Sa\u011fl\u0131k G\u00fcn\u00fc mesaj\u0131\u2026"},"content":{"rendered":"<h3>K\u0131br\u0131s Sa\u011fl\u0131k Turizmi Konseyi Ba\u015fkan\u0131, UBP Milletvekili Dr. Ahmet Sava\u015fan, 7 Nisan D\u00fcnya Sa\u011fl\u0131k G\u00fcn\u00fc dolay\u0131s\u0131yla yapt\u0131\u011f\u0131 a\u00e7\u0131klamada, \u201c Sa\u011fl\u0131kl\u0131 \u015eehirler Projesi KKTC\u2019de benimsenmeli\u201d dedi.<\/h3>\n<div class=\"news-copy\">\n<p>K\u0131br\u0131s Sa\u011fl\u0131k Turizmi Konseyi Ba\u015fkan\u0131, Ulusal Birlik Partisi (UBP) Milletvekili Dr. <span class=\"marked\">Ahmet Sava\u015fan<\/span>, 7 Nisan D\u00fcnya Sa\u011fl\u0131k G\u00fcn\u00fc dolay\u0131s\u0131yla yapt\u0131\u011f\u0131 a\u00e7\u0131klamada <span class=\"marked\">Koronavir\u00fcs<\/span> pandemisi s\u0131ras\u0131nda \u015fehirlerdeki hava kirlili\u011finde k\u0131sa vadeli olsa da \u00f6nemli bir d\u00fc\u015f\u00fc\u015f\u00fcn g\u00f6r\u00fcld\u00fc\u011f\u00fcne, bu d\u00fc\u015f\u00fc\u015f\u00fcn, kapanma tedbirleri nedeniyle b\u00fcy\u00fck bir azalman\u0131n ya\u015fand\u0131\u011f\u0131 trafik ile do\u011frudan ili\u015fkisi bulunan nitrojen oksit (NO\u2093) \u00f6zelinde oldu\u011funun alt\u0131n\u0131 \u00e7izdi.<\/p>\n<p>Sava\u015fan, Avrupa\u2019daki baz\u0131 \u015fehirlere ait verilere g\u00f6re nitrojen oksit seviyelerinde kapanma \u00f6ncesi miktarlara k\u0131yasla y\u00fczde 50 civar\u0131nda, baz\u0131 yerlerde ise %70\u2019e varan azalma g\u00f6r\u00fcld\u00fc\u011f\u00fcn\u00fc belirtti.<\/p>\n<p><strong>\u201cKORONAV\u0130R\u00dcS, S\u00dcRMEKTE OLAN B\u0130R TRAJED\u0130D\u0130R\u201d<\/strong><\/p>\n<p>Sava\u015fan, \u201c<span class=\"marked\">Koronavir\u00fcs<\/span>, s\u00fcrmekte olan bir trajedidir ancak al\u0131nan tedbirler bize g\u00f6stermi\u015ftir ki ula\u015f\u0131mla ilgili politikalar ile insanlar\u0131n \u00e7al\u0131\u015fma, \u00f6\u011frenim g\u00f6rme ve t\u00fcketim \u015fekilleri daha iyi bir hava kalitesi elde edilmesine katk\u0131da bulunabilir. Bu husus, bir\u00e7ok \u00fclkenin \u00fczerinde \u00e7al\u0131\u015fmakta oldu\u011fu pandemi sonras\u0131 toparlanma politikalar\u0131 i\u00e7in g\u00f6z \u00f6n\u00fcnde bulunduruluyor. \u00dclkemizde de bu ger\u00e7ekler g\u00f6z \u00f6n\u00fcnde bulundurulmal\u0131 ve buna uygun politikalar geli\u015ftirilmelidir\u201d ifadelerini kulland\u0131.<\/p>\n<p><strong>\u201cHERKES \u0130\u00c7\u0130N SA\u011eLIK PRENS\u0130PLER\u0130 BEN\u0130MSENMEL\u0130\u201d<\/strong><\/p>\n<p>Sa\u011fl\u0131kl\u0131 \u015eehirler Projesi \u201cherkes i\u00e7in sa\u011fl\u0131k\u201d prensipleri \u0131\u015f\u0131\u011f\u0131nda \u015fehirde ya\u015fayan insanlar\u0131n fiziki \/ sosyal \/psikolojik \/ \u00e7evresel refahlar\u0131n\u0131 geli\u015ftirmeyi ama\u00e7layan uzun d\u00f6nemli bir kalk\u0131nma projesi oldu\u011funu belirten <span class=\"marked\">Ahmet Sava\u015fan<\/span>, D\u00fcnya Sa\u011fl\u0131k \u00d6rg\u00fct\u00fc\u2019n\u00fcn Avrupa Sa\u011fl\u0131kl\u0131 \u015eehirler A\u011f\u0131 projesi ile 30 y\u0131ldan fazla bir s\u00fcredir de\u011fi\u015fimin \u00f6nc\u00fcs\u00fc olarak insanlar\u0131n sa\u011fl\u0131k ve esenli\u011fini destekleyen kentsel ortamlar olu\u015fturulmas\u0131 i\u00e7in yol g\u00f6sterdi\u011fine dikkat \u00e7ekti. Sava\u015fan Kuzey K\u0131br\u0131s\u2019ta da Avrupa Sa\u011fl\u0131kl\u0131 \u015eehirler A\u011f\u0131na uyum i\u00e7in \u00e7al\u0131\u015fmalar\u0131n h\u0131zland\u0131r\u0131lmas\u0131 gerekti\u011finin alt\u0131n\u0131 \u00e7izdi.<\/p>\n<p><strong>\u201cSA\u011eLIK \u00c7ALI\u015eANLARININ SA\u011eLIK G\u00dcN\u00dc\u2019N\u00dc KUTLARIM\u201d<\/strong><\/p>\n<p>Sava\u015fan mesaj\u0131n\u0131n sonunda, \u201c\u0130nsanlar\u0131n kendini \u00e7aresiz hissetti\u011fi, yard\u0131ma muhta\u00e7 oldu\u011fu bu zor d\u00f6nemde, can\u0131m\u0131z\u0131 ve sevdiklerimizi emanet etti\u011fimiz, t\u00fcm zorluklara ra\u011fmen g\u00f6revlerini canla ba\u015fla yerine getiren sa\u011fl\u0131k \u00e7al\u0131\u015fanlar\u0131n\u0131n Sa\u011fl\u0131k G\u00fcn\u00fc\u2019n\u00fc kutlar, bu m\u00fccadelede hayatlar\u0131n\u0131 kaybeden sa\u011fl\u0131k \u00e7al\u0131\u015fanlar\u0131na Allah\u2019tan rahmet dilerim\u201d ifadelerini kulland\u0131.<\/p>\n<\/div>\n","protected":false},"excerpt":{"rendered":"<p>K\u0131br\u0131s Sa\u011fl\u0131k Turizmi Konseyi Ba\u015fkan\u0131, UBP Milletvekili Dr. Ahmet Sava\u015fan, 7 Nisan D\u00fcnya Sa\u011fl\u0131k G\u00fcn\u00fc dolay\u0131s\u0131yla yapt\u0131\u011f\u0131 a\u00e7\u0131klamada, \u201c Sa\u011fl\u0131kl\u0131 \u015eehirler Projesi KKTC\u2019de benimsenmeli\u201d dedi. K\u0131br\u0131s Sa\u011fl\u0131k Turizmi Konseyi Ba\u015fkan\u0131, Ulusal Birlik Partisi (UBP) Milletvekili Dr. Ahmet Sava\u015fan, 7 Nisan D\u00fcnya Sa\u011fl\u0131k G\u00fcn\u00fc dolay\u0131s\u0131yla yapt\u0131\u011f\u0131 a\u00e7\u0131klamada Koronavir\u00fcs pandemisi s\u0131ras\u0131nda \u015fehirlerdeki hava kirlili\u011finde k\u0131sa vadeli olsa [&hellip;]<\/p>\n","protected":false},"author":1,"featured_media":15171,"comment_status":"open","ping_status":"open","sticky":false,"template":"","format":"standard","meta":{"_monsterinsights_skip_tracking":false,"_monsterinsights_sitenote_active":false,"_monsterinsights_sitenote_note":"","_monsterinsights_sitenote_category":0,"footnotes":""},"categories":[102],"tags":[],"class_list":["post-15170","post","type-post","status-publish","format-standard","has-post-thumbnail","hentry","category-haberler"],"aioseo_notices":[],"_links":{"self":[{"href":"https:\/\/ahmetsavasan.com\/tr_tr\/wp-json\/wp\/v2\/posts\/15170","targetHints":{"allow":["GET"]}}],"collection":[{"href":"https:\/\/ahmetsavasan.com\/tr_tr\/wp-json\/wp\/v2\/posts"}],"about":[{"href":"https:\/\/ahmetsavasan.com\/tr_tr\/wp-json\/wp\/v2\/types\/post"}],"author":[{"embeddable":true,"href":"https:\/\/ahmetsavasan.com\/tr_tr\/wp-json\/wp\/v2\/users\/1"}],"replies":[{"embeddable":true,"href":"https:\/\/ahmetsavasan.com\/tr_tr\/wp-json\/wp\/v2\/comments?post=15170"}],"version-history":[{"count":0,"href":"https:\/\/ahmetsavasan.com\/tr_tr\/wp-json\/wp\/v2\/posts\/15170\/revisions"}],"wp:featuredmedia":[{"embeddable":true,"href":"https:\/\/ahmetsavasan.com\/tr_tr\/wp-json\/wp\/v2\/media\/15171"}],"wp:attachment":[{"href":"https:\/\/ahmetsavasan.com\/tr_tr\/wp-json\/wp\/v2\/media?parent=15170"}],"wp:term":[{"taxonomy":"category","embeddable":true,"href":"https:\/\/ahmetsavasan.com\/tr_tr\/wp-json\/wp\/v2\/categories?post=15170"},{"taxonomy":"post_tag","embeddable":true,"href":"https:\/\/ahmetsavasan.com\/tr_tr\/wp-json\/wp\/v2\/tags?post=15170"}],"curies":[{"name":"wp","href":"https:\/\/api.w.org\/{rel}","templated":true}]}}