{"id":15175,"date":"2022-05-01T20:31:15","date_gmt":"2022-05-01T20:31:15","guid":{"rendered":"https:\/\/www.ahmetsavasan.biz\/?p=15175"},"modified":"2022-05-01T20:31:15","modified_gmt":"2022-05-01T20:31:15","slug":"1-mayis-farkli-goruslerin-emegin-kutsalligi-etrafinda-birlestigi-bir-gun-olmali","status":"publish","type":"post","link":"https:\/\/ahmetsavasan.com\/tr_tr\/1-mayis-farkli-goruslerin-emegin-kutsalligi-etrafinda-birlestigi-bir-gun-olmali\/","title":{"rendered":"1 May\u0131s, farkl\u0131 g\u00f6r\u00fc\u015flerin, eme\u011fin kutsall\u0131\u011f\u0131 etraf\u0131nda birle\u015fti\u011fi bir g\u00fcn olmal\u0131!"},"content":{"rendered":"<p><strong>K\u0131br\u0131s Sa\u011fl\u0131k Turizmi Konseyi Ba\u015fkan\u0131, Milletvekili Dr. Ahmet Sava\u015fan, 1 May\u0131s \u0130\u015f\u00e7i Bayram\u0131 dolay\u0131s\u0131yla yay\u0131mlad\u0131\u011f\u0131 mesajda, 1 May\u0131s\u2019\u0131n sadece gelenek de\u011fil, ayn\u0131 zamanda g\u00fcncel talepler etraf\u0131nda her g\u00fcn yenilenen bir m\u00fccadelenin ad\u0131 oldu\u011funa dikkat \u00e7ekti.<\/strong><\/p>\n<div class=\"news-copy\">\n<p>Mesaj\u0131nda 1 May\u0131s&#8217;\u0131n bar\u0131\u015f, demokrasi ve g\u00fcvenli bir gelecek i\u00e7in m\u00fccadele g\u00fcn\u00fc oldu\u011funu belirten K\u0131br\u0131s Sa\u011fl\u0131k Turizmi Konseyi Ba\u015fkan\u0131, Milletvekili Dr. <span class=\"marked\">Ahmet Sava\u015fan<\/span>, \u201c1 May\u0131s sadece gelenek de\u011fil, ayn\u0131 zamanda g\u00fcncel talepler etraf\u0131nda her g\u00fcn yenilenen bir m\u00fccadelenin ad\u0131d\u0131r. Bug\u00fcn k\u00fcreselle\u015fmenin yaratt\u0131\u011f\u0131 a\u011f\u0131r sorunlara ve tahribata kar\u015f\u0131, bir ba\u015fka se\u00e7enek i\u00e7in, \u00e7a\u011fda\u015f \u00e7al\u0131\u015fma standartlar\u0131n\u0131n ve sosyal haklar\u0131n k\u00fcreselle\u015fmesi yolunda \u00e7ok \u00f6nemli bir simgedir 1 May\u0131s\u201d ifadelerini kulland\u0131.<\/p>\n<p><strong>\u201cD\u00dcNYA EME\u011e\u0130N S\u00d6M\u00dcR\u00dcLMED\u0130\u011e\u0130, E\u015e\u0130T VE G\u00dcZEL B\u0130R YERE D\u00d6N\u00dc\u015eMEL\u0130\u2026\u201d<\/strong><\/p>\n<p>\u00dclkemizin her k\u00f6\u015fesinde, sa\u011fl\u0131k, turizm, tar\u0131m, hayvanc\u0131l\u0131k ve di\u011fer b\u00fct\u00fcn alanlarda hizmet veren emek\u00e7ilerin, sosyal ve ekonomik hayat\u0131m\u0131zdaki \u00f6nemini selamlayan <span class=\"marked\">Ahmet Sava\u015fan<\/span>, \u201cD\u00fcnya\u2019n\u0131n, haks\u0131zl\u0131klar\u0131n, e\u015fitsizliklerin, adaletsizliklerin ve ezilmenin olmad\u0131\u011f\u0131, eme\u011fin s\u00f6m\u00fcr\u00fclmedi\u011fi, ayd\u0131nl\u0131k, e\u015fit ve g\u00fczel bir yere d\u00f6n\u00fc\u015fmesini diliyorum. Toplumun her kesiminde \u00fcreten, geli\u015ftiren ve hizmet sunan, harcad\u0131\u011f\u0131 enerji ve d\u00f6kt\u00fc\u011f\u00fc al\u0131n terleriyle \u00f6zelde \u00fclkemizin genelde ise D\u00fcnya\u2019n\u0131n kalbini olu\u015fturan b\u00fct\u00fcn emek\u00e7ilerin 1 May\u0131s bayram\u0131 g\u00f6n\u00fclden kutluyorum\u201d dedi.<\/p>\n<\/div>\n","protected":false},"excerpt":{"rendered":"<p>K\u0131br\u0131s Sa\u011fl\u0131k Turizmi Konseyi Ba\u015fkan\u0131, Milletvekili Dr. Ahmet Sava\u015fan, 1 May\u0131s \u0130\u015f\u00e7i Bayram\u0131 dolay\u0131s\u0131yla yay\u0131mlad\u0131\u011f\u0131 mesajda, 1 May\u0131s\u2019\u0131n sadece gelenek de\u011fil, ayn\u0131 zamanda g\u00fcncel talepler etraf\u0131nda her g\u00fcn yenilenen bir m\u00fccadelenin ad\u0131 oldu\u011funa dikkat \u00e7ekti. Mesaj\u0131nda 1 May\u0131s&#8217;\u0131n bar\u0131\u015f, demokrasi ve g\u00fcvenli bir gelecek i\u00e7in m\u00fccadele g\u00fcn\u00fc oldu\u011funu belirten K\u0131br\u0131s Sa\u011fl\u0131k Turizmi Konseyi Ba\u015fkan\u0131, Milletvekili [&hellip;]<\/p>\n","protected":false},"author":1,"featured_media":15176,"comment_status":"open","ping_status":"open","sticky":false,"template":"","format":"standard","meta":{"_monsterinsights_skip_tracking":false,"_monsterinsights_sitenote_active":false,"_monsterinsights_sitenote_note":"","_monsterinsights_sitenote_category":0,"footnotes":""},"categories":[102],"tags":[],"class_list":["post-15175","post","type-post","status-publish","format-standard","has-post-thumbnail","hentry","category-haberler"],"aioseo_notices":[],"_links":{"self":[{"href":"https:\/\/ahmetsavasan.com\/tr_tr\/wp-json\/wp\/v2\/posts\/15175","targetHints":{"allow":["GET"]}}],"collection":[{"href":"https:\/\/ahmetsavasan.com\/tr_tr\/wp-json\/wp\/v2\/posts"}],"about":[{"href":"https:\/\/ahmetsavasan.com\/tr_tr\/wp-json\/wp\/v2\/types\/post"}],"author":[{"embeddable":true,"href":"https:\/\/ahmetsavasan.com\/tr_tr\/wp-json\/wp\/v2\/users\/1"}],"replies":[{"embeddable":true,"href":"https:\/\/ahmetsavasan.com\/tr_tr\/wp-json\/wp\/v2\/comments?post=15175"}],"version-history":[{"count":0,"href":"https:\/\/ahmetsavasan.com\/tr_tr\/wp-json\/wp\/v2\/posts\/15175\/revisions"}],"wp:featuredmedia":[{"embeddable":true,"href":"https:\/\/ahmetsavasan.com\/tr_tr\/wp-json\/wp\/v2\/media\/15176"}],"wp:attachment":[{"href":"https:\/\/ahmetsavasan.com\/tr_tr\/wp-json\/wp\/v2\/media?parent=15175"}],"wp:term":[{"taxonomy":"category","embeddable":true,"href":"https:\/\/ahmetsavasan.com\/tr_tr\/wp-json\/wp\/v2\/categories?post=15175"},{"taxonomy":"post_tag","embeddable":true,"href":"https:\/\/ahmetsavasan.com\/tr_tr\/wp-json\/wp\/v2\/tags?post=15175"}],"curies":[{"name":"wp","href":"https:\/\/api.w.org\/{rel}","templated":true}]}}