{"id":15178,"date":"2022-05-04T20:32:54","date_gmt":"2022-05-04T20:32:54","guid":{"rendered":"https:\/\/www.ahmetsavasan.biz\/?p=15178"},"modified":"2025-09-01T10:06:34","modified_gmt":"2025-09-01T10:06:34","slug":"her-zamankinden-daha-cok-birlik-ve-beraberlige-ihtiyacimiz-var","status":"publish","type":"post","link":"https:\/\/ahmetsavasan.com\/tr_tr\/her-zamankinden-daha-cok-birlik-ve-beraberlige-ihtiyacimiz-var\/","title":{"rendered":"Her zamankinden daha \u00e7ok birlik ve beraberli\u011fe ihtiyac\u0131m\u0131z var!"},"content":{"rendered":"<p><strong>K\u0131br\u0131s Sa\u011fl\u0131k Turizmi Konseyi Ba\u015fkan\u0131 ve UBP Milletvekili Dr. Ahmet Sava\u015fan, Ramazan Bayram\u0131 nedeniyle, ya\u015fl\u0131lar\u0131, hastalar\u0131 ve \u00fclkede bulunan sa\u011fl\u0131k turistlerini ziyaret ederek bayramla\u015ft\u0131.<\/strong><\/p>\n<div class=\"news-copy\">\n<p>K\u0131br\u0131s Sa\u011fl\u0131k Turizmi Konseyi Ba\u015fkan\u0131 ve UBP Milletvekili Dr. <span class=\"marked\">Ahmet Sava\u015fan<\/span> ile Y\u00f6netim Kurulu \u00fcyeleri Ramazan Bayram\u0131 nedeniyle, ya\u015fl\u0131lar\u0131, hastalar\u0131 ve \u00fclkede bulunan sa\u011fl\u0131k turistlerini ziyaret ederek bayramla\u015ft\u0131.<\/p>\n<p>Sa\u011fl\u0131k Turizmi Konseyi\u2019nden yap\u0131lan a\u00e7\u0131klamaya g\u00f6re, Ba\u015fkan <span class=\"marked\">Ahmet Sava\u015fan<\/span>, Y\u00f6netim Kurulu \u00fcyeleri, \u00d6zel Hastaneler Birli\u011fi Ba\u015fkan\u0131 Dr. Hayat \u0130zel, Serbest \u00c7al\u0131\u015fan Hekimler Birli\u011fi Ba\u015fkan\u0131 Dr. Remzi Gardiyano\u011flu ile birlikte \u00fclkede bulunan \u00e7e\u015fitli hastaneleri ziyaret ederek, ya\u015fl\u0131lar\u0131n, hastalar\u0131n ve \u00e7ocuklar\u0131n bayram\u0131n\u0131 kutlad\u0131\u011f\u0131 belirtildi.<\/p>\n<p><strong>\u201cBAYRAMDA EL\u0130M\u0130ZLE B\u0130RL\u0130KTE G\u00d6NL\u00dcM\u00dcZ\u00dc DE B\u0130RB\u0130R\u0130M\u0130ZE A\u00c7MALIYIZ\u201d<\/strong><\/p>\n<p><span class=\"marked\">Ahmet Sava\u015fan<\/span> ziyaretlerde yapt\u0131\u011f\u0131 konu\u015fmada, toplumu bir arada tutan, birlik, beraberlik ve yak\u0131nl\u0131\u011f\u0131n en \u00fcst derecede hissedildi\u011fi dini bayramlar\u0131n ba\u015f\u0131nda Ramazan Bayram\u0131\u2019n\u0131n geldi\u011fini belirterek, \u201cbu bayramda da ihtiya\u00e7l\u0131 insanlar\u0131m\u0131z\u0131n hanelerine, hastalara ve \u00e7ocuklara muhabbet ve sevin\u00e7 ta\u015f\u0131maya \u00e7al\u0131\u015ft\u0131k. Bayram\u2019da bizlerden beklenen, elimizle birlikte g\u00f6nl\u00fcm\u00fcz\u00fc de birbirimize a\u00e7makt\u0131r\u201d dedi.<\/p>\n<p><strong>\u201cCOV\u0130D-19 SALGINININ OLUMSUZ EKONOM\u0130K ETK\u0130LER\u0130N\u0130 YA\u015eIYORUZ\u2026\u201d<\/strong><\/p>\n<p>D\u00fcnya\u2019n\u0131n ve \u00fclkemizin Covid-19 salg\u0131n\u0131n\u0131n olumsuz ekonomik etkileri ile m\u00fccadele etti\u011fi bu g\u00fcnlerde her zamankinden daha \u00e7ok birlik ve beraberli\u011fe, yard\u0131mla\u015fma ve dayan\u0131\u015fmaya ihtiyac\u0131 oldu\u011funa i\u015faret eden <span class=\"marked\">Ahmet Sava\u015fan<\/span>, \u201cinsanlar\u0131 birbirine yak\u0131nla\u015ft\u0131ran, ayn\u0131 duygu ve d\u00fc\u015f\u00fcncelerde bulu\u015fturan, g\u00fcnl\u00fck kayg\u0131 ve s\u0131k\u0131nt\u0131lardan uzakla\u015ft\u0131ran, topluma umut, sevgi veren, birlik ve beraberli\u011fi sa\u011flayan bu \u00f6zel g\u00fcnlerde, ba\u015fta yak\u0131nlar\u0131m\u0131z olmak \u00fczere, kimsesizler, ya\u015fl\u0131lar, hastalar ve yard\u0131ma muhta\u00e7 insanlar\u0131m\u0131z\u0131 ziyaret ederek g\u00f6n\u00fcllerini almal\u0131, yaln\u0131zl\u0131klar\u0131n\u0131 hissettirilmemeli ve \u00e7ocuklar\u0131 da \u00e7e\u015fitli hediyelerle sevindirmeliyiz\u201d diye konu\u015ftu.<\/p>\n<p><strong>\u201cYA\u015eLILAR, HASTALAR, \u00c7OCUKLAR VE TUR\u0130STLER Z\u0130YARETTEN MEMNUN\u201d<\/strong><\/p>\n<p>Ramazan Bayram\u0131\u2019nda gerek ya\u015fl\u0131lar ve \u00e7ocuklar, gerek tedavi g\u00f6ren hastalar, gerekse de \u015fifa bulmak i\u00e7in KKTC\u2019yi tercih eden sa\u011fl\u0131k turistleri ile bir arada olmaktan b\u00fcy\u00fck bir mutluluk duyduklar\u0131n\u0131 ifade eden Dr. <span class=\"marked\">Ahmet Sava\u015fan<\/span>, y\u00fczy\u0131llard\u0131r bizleri birbirimize ba\u011flayan manevi unsurlardan biri olan Ramazan Bayram\u0131\u2019n\u0131n \u00fclkemize, \u0130slam Alemine ve b\u00fct\u00fcn D\u00fcnya\u2019ya sa\u011fl\u0131k, bar\u0131\u015f, mutluluk ve esenlik getirmesi temennisinde bulundu. A\u00e7\u0131klaman\u0131n sonunda, Kuzey K\u0131br\u0131s\u2019ta g\u00f6rd\u00fckleri misafirperverlik, ald\u0131klar\u0131 kaliteli sa\u011fl\u0131k hizmetlerinden memnun olduklar\u0131n\u0131 ifade eden sa\u011fl\u0131k turistleri yan\u0131 s\u0131ra hastalar, ya\u015fl\u0131lar ve \u00e7ocuklar\u0131n da konsey yetkililerinin ziyaretlerinden duyduklar\u0131 memnuniyeti dile getirdiklerine yer verildi.<\/p>\n<\/div>\n","protected":false},"excerpt":{"rendered":"<p>K\u0131br\u0131s Sa\u011fl\u0131k Turizmi Konseyi Ba\u015fkan\u0131 ve UBP Milletvekili Dr. Ahmet Sava\u015fan, Ramazan Bayram\u0131 nedeniyle, ya\u015fl\u0131lar\u0131, hastalar\u0131 ve \u00fclkede bulunan sa\u011fl\u0131k turistlerini ziyaret ederek bayramla\u015ft\u0131. K\u0131br\u0131s Sa\u011fl\u0131k Turizmi Konseyi Ba\u015fkan\u0131 ve UBP Milletvekili Dr. Ahmet Sava\u015fan ile Y\u00f6netim Kurulu \u00fcyeleri Ramazan Bayram\u0131 nedeniyle, ya\u015fl\u0131lar\u0131, hastalar\u0131 ve \u00fclkede bulunan sa\u011fl\u0131k turistlerini ziyaret ederek bayramla\u015ft\u0131. Sa\u011fl\u0131k Turizmi Konseyi\u2019nden [&hellip;]<\/p>\n","protected":false},"author":1,"featured_media":19189,"comment_status":"open","ping_status":"open","sticky":false,"template":"","format":"standard","meta":{"_monsterinsights_skip_tracking":false,"_monsterinsights_sitenote_active":false,"_monsterinsights_sitenote_note":"","_monsterinsights_sitenote_category":0,"footnotes":""},"categories":[140],"tags":[],"class_list":["post-15178","post","type-post","status-publish","format-standard","has-post-thumbnail","hentry","category-chtc"],"aioseo_notices":[],"_links":{"self":[{"href":"https:\/\/ahmetsavasan.com\/tr_tr\/wp-json\/wp\/v2\/posts\/15178","targetHints":{"allow":["GET"]}}],"collection":[{"href":"https:\/\/ahmetsavasan.com\/tr_tr\/wp-json\/wp\/v2\/posts"}],"about":[{"href":"https:\/\/ahmetsavasan.com\/tr_tr\/wp-json\/wp\/v2\/types\/post"}],"author":[{"embeddable":true,"href":"https:\/\/ahmetsavasan.com\/tr_tr\/wp-json\/wp\/v2\/users\/1"}],"replies":[{"embeddable":true,"href":"https:\/\/ahmetsavasan.com\/tr_tr\/wp-json\/wp\/v2\/comments?post=15178"}],"version-history":[{"count":1,"href":"https:\/\/ahmetsavasan.com\/tr_tr\/wp-json\/wp\/v2\/posts\/15178\/revisions"}],"predecessor-version":[{"id":20358,"href":"https:\/\/ahmetsavasan.com\/tr_tr\/wp-json\/wp\/v2\/posts\/15178\/revisions\/20358"}],"wp:featuredmedia":[{"embeddable":true,"href":"https:\/\/ahmetsavasan.com\/tr_tr\/wp-json\/wp\/v2\/media\/19189"}],"wp:attachment":[{"href":"https:\/\/ahmetsavasan.com\/tr_tr\/wp-json\/wp\/v2\/media?parent=15178"}],"wp:term":[{"taxonomy":"category","embeddable":true,"href":"https:\/\/ahmetsavasan.com\/tr_tr\/wp-json\/wp\/v2\/categories?post=15178"},{"taxonomy":"post_tag","embeddable":true,"href":"https:\/\/ahmetsavasan.com\/tr_tr\/wp-json\/wp\/v2\/tags?post=15178"}],"curies":[{"name":"wp","href":"https:\/\/api.w.org\/{rel}","templated":true}]}}