{"id":15188,"date":"2022-05-27T20:37:55","date_gmt":"2022-05-27T20:37:55","guid":{"rendered":"https:\/\/www.ahmetsavasan.biz\/?p=15188"},"modified":"2022-05-27T20:37:55","modified_gmt":"2022-05-27T20:37:55","slug":"kara-sinir-kapilarindaki-arac-ve-yaya-kuyruklarinin-onlenmesi-icin-seferberlik-ilan-edildi","status":"publish","type":"post","link":"https:\/\/ahmetsavasan.com\/tr_tr\/kara-sinir-kapilarindaki-arac-ve-yaya-kuyruklarinin-onlenmesi-icin-seferberlik-ilan-edildi\/","title":{"rendered":"Kara s\u0131n\u0131r kap\u0131lar\u0131ndaki ara\u00e7 ve yaya kuyruklar\u0131n\u0131n \u00f6nlenmesi i\u00e7in seferberlik ilan edildi"},"content":{"rendered":"<p><strong>Ba\u015fbakan Dt. \u00dcnal \u00dcstel taraf\u0131ndan olu\u015fturulan komitenin Ba\u015fkan\u0131l\u0131\u011f\u0131na getirilen UBP Gazima\u011fusa Milletvekili Resmiye Canaltay, sivil toplum \u00f6rg\u00fctleri ile birlikte t\u00fcm kara giri\u015f kap\u0131lar\u0131nda h\u0131zl\u0131 ge\u00e7i\u015f i\u00e7in \u00e7al\u0131\u015fma ba\u015flatt\u0131klar\u0131n\u0131 duyurdu.<\/strong><\/p>\n<div class=\"news-copy\">\n<p>Ba\u015fbakan Dt. <span class=\"marked\">\u00dcnal \u00dcstel<\/span>\u2019in talimat\u0131 ile s\u0131n\u0131r kap\u0131lar\u0131nda ya\u015fanan sorunlar\u0131n \u00e7\u00f6z\u00fcm\u00fc ile ilgili olu\u015fturulan komite \u00e7al\u0131\u015fmaya ba\u015flad\u0131.<\/p>\n<p>Ba\u015fbakan \u00dcstel, ge\u00e7ti\u011fimiz g\u00fcnlerde kara s\u0131n\u0131r kap\u0131lar\u0131nda yapt\u0131\u011f\u0131 inceleme ve denetimlerde sorunlar\u0131 yerinde g\u00f6rme imk\u00e2n\u0131 bulmu\u015f ve bu konuda bir komite olu\u015fturulaca\u011f\u0131n\u0131 ve sorunlar\u0131n en k\u0131sa zamanda \u00e7\u00f6z\u00fclece\u011fini ifade etmi\u015fti.<\/p>\n<p>Komite Ba\u015fkanl\u0131k g\u00f6revine UBP Gazima\u011fusa Milletvekili <span class=\"marked\">Resmiye Canaltay<\/span> getirildi. Komitede ayr\u0131ca UBP Lefko\u015fa Milletvekilleri <span class=\"marked\">Ahmet Sava\u015fan<\/span> ile <span class=\"marked\">Ali\u015fan \u015ean<\/span>, Ba\u015fbakanl\u0131k, Bay\u0131nd\u0131rl\u0131k ve Ula\u015ft\u0131rma Bakanl\u0131\u011f\u0131, Maliye Bakanl\u0131\u011f\u0131, \u0130\u00e7i\u015fleri Bakanl\u0131\u011f\u0131, Karayollar\u0131 Dairesi, Polis muhaceret yetkilileri ve Ekonomik \u00d6rg\u00fctler Platformu temsilcileri yer al\u0131yor.<\/p>\n<p>Ba\u015fbakan <span class=\"marked\">\u00dcnal \u00dcstel<\/span>\u2019in talimat\u0131 ile olu\u015fturulan komite bug\u00fcne kadar iki toplant\u0131 ger\u00e7ekle\u015ftirdi. Toplant\u0131larda da kara s\u0131n\u0131r kap\u0131lar\u0131nda vatanda\u015flar\u0131n ve ziyaret\u00e7ilerin ya\u015fad\u0131\u011f\u0131 sorunlar ele al\u0131narak \u00e7\u00f6z\u00fcm \u00f6nerileri ortaya konuldu.<\/p>\n<p><strong>CANALTAY: YAPILACAK D\u00dcZENLEMELERLE KAPILARDAK\u0130 RAHATLAMA G\u00d6ZLE G\u00d6R\u00dcLECEKT\u0130R<\/strong><\/p>\n<p>Komite Ba\u015fkan\u0131 UBP Gazima\u011fusa Milletvekili <span class=\"marked\">Resmiye Canaltay<\/span>, komitenin Ba\u015fbakan <span class=\"marked\">\u00dcnal \u00dcstel<\/span> taraf\u0131ndan olu\u015fturuldu\u011funu ve kendisinin ba\u015fkan olarak g\u00f6revlendirildi\u011fini s\u00f6yledi.<\/p>\n<p>Bug\u00fcne kadar iki toplant\u0131 yap\u0131ld\u0131\u011f\u0131n\u0131 ve hedefin \u00f6nce k\u0131sa sonra da uzun vadede yap\u0131lacak olanlar\u0131 en k\u0131sa s\u00fcrede hayata ge\u00e7irmek oldu\u011funu ifade eden Canaltay, \u00fclke ekonomisine ivme kazand\u0131racak d\u00fczenlemeler i\u00e7in kollar\u0131 s\u0131vad\u0131klar\u0131n\u0131 s\u00f6yledi.<\/p>\n<p>Canaltay, hem K\u0131br\u0131sl\u0131 Rumlar\u2019\u0131n hem de turistlerin g\u00fcneyden kuzeye hem de kuzeyden g\u00fcneye ge\u00e7i\u015flerin k\u0131sa s\u00fcrede rahatlat\u0131laca\u011f\u0131n\u0131 anlatt\u0131. Bu ad\u0131m\u0131n, \u00fclke ekonomisine de ciddi kazan\u0131mlar sa\u011flayaca\u011f\u0131n\u0131 vurgulad\u0131.<\/p>\n<p>Komitenin alaca\u011f\u0131 kararlar ile ge\u00e7i\u015flerin daha rahat yap\u0131labilece\u011fine dikkat \u00e7eken Canaltay, \u201cKap\u0131lardaki bilgisayarlar\u0131n yava\u015fl\u0131\u011f\u0131, muhaceret g\u00f6revlilerinin say\u0131 olarak yetersizli\u011fi ve kap\u0131lardaki s\u0131k\u0131\u015f\u0131kl\u0131\u011f\u0131n artmas\u0131na neden olurken, yap\u0131sal anlamda da sorunlar ya\u015fan\u0131yordu. Bu konularla ilgili hafta ba\u015f\u0131nda Ba\u015fbakan <span class=\"marked\">\u00dcnal \u00dcstel<\/span>\u2019in Ba\u015fkanl\u0131\u011f\u0131nda Ekonomik \u00d6rg\u00fctler Platformu yetkililerinin de kat\u0131ld\u0131\u011f\u0131 bir toplant\u0131 daha yapt\u0131k. Bug\u00fcn ayar\u0131ca yapt\u0131\u011f\u0131m\u0131z toplant\u0131da Maliye Bakanl\u0131\u011f\u0131\u2019n\u0131 toplant\u0131ya \u00e7a\u011f\u0131rd\u0131k ve alaca\u011f\u0131m\u0131z tedbirlerin neler oldu\u011funu g\u00f6r\u00fc\u015ft\u00fck\u201d dedi.<\/p>\n<p>Canaltay, d\u00fczenlemelerin mali olarak da m\u00fcmk\u00fcn oldu\u011funu vurgulad\u0131 ve Ekonomik \u00d6rg\u00fctler Platformu\u2019nun da maddi olarak sorumluluk \u00fcstlenece\u011fini s\u00f6yledi. Canaltay, i\u015fbirli\u011fi i\u00e7in Ekonomik \u00d6rg\u00fct Ba\u015fkanlar\u0131na te\u015fekk\u00fcr etti.<\/p>\n<p><strong>\u201cKAPILARIN T\u00dcM D\u00dcZENLEMES\u0130N\u0130 EKONOM\u0130K \u00d6RG\u00dcTLER PLATFORMU YAPACAK\u201d<\/strong><\/p>\n<p>Canaltay, Ekonomik \u00d6rg\u00fctler Platformu\u2019nun kap\u0131lar\u0131n t\u00fcm d\u00fczenlemesini, alt yap\u0131, \u00fcst yap\u0131 ve bak\u0131m ve onar\u0131m konusunda kendilerine d\u00fc\u015fen g\u00f6revi yapacaklar\u0131n\u0131 ifade ederek bu konuda kendileri ile bir protokol imzalanaca\u011f\u0131n\u0131 s\u00f6yledi.<\/p>\n<p>Kap\u0131lardaki ge\u00e7i\u015flerin yava\u015flamas\u0131 ile ilgili sigorta \u015firketleri ile de bir \u00e7al\u0131\u015fma ger\u00e7ekle\u015ftireceklerini ifade eden Canaltay, \u015f\u00f6yle devam etti:<\/p>\n<p>\u201cKara s\u0131n\u0131r kap\u0131lar\u0131nda en b\u00fcy\u00fck problem Beyarmudu kap\u0131s\u0131nda ya\u015fan\u0131yor. \u0130ngiliz \u00dcstleri ile de g\u00f6r\u00fc\u015ferek kap\u0131n\u0131n geni\u015fletilmesi veya biraz daha geri al\u0131nmas\u0131n\u0131 talep ettik. K\u00f6pr\u00fcn\u00fcn projesi Planlama \u0130n\u015faat Dairesi taraf\u0131ndan \u00e7izilmi\u015ftir. Bunlar\u0131n yap\u0131lmas\u0131 ile bu kap\u0131da bir rahatlama olacakt\u0131r.<\/p>\n<p>Lefko\u015fa\u2019daki Lokmac\u0131 kap\u0131s\u0131nda kabinlerin yerleri ve kabinler de de\u011fi\u015ftirilecektir. Burada komple bir de\u011fi\u015fim yap\u0131larak bu kap\u0131da da bir rahatlama sa\u011flanacakt\u0131r.\u201d<\/p>\n<p><strong>\u201cMETEHAN\u2019DA B\u00dcY\u00dcK B\u0130R DE\u011e\u0130\u015e\u0130M BEKL\u0130YORUZ\u201d<\/strong><\/p>\n<p>Metehan s\u0131n\u0131r kap\u0131s\u0131nda b\u00fcy\u00fck bir de\u011fi\u015fime gidilece\u011fini anlatan Canaltay, bu kap\u0131n\u0131n de\u011fi\u015fiminin Ekonomik \u00d6rg\u00fctler Platformu ile birlikte yap\u0131laca\u011f\u0131n\u0131 s\u00f6yledi.<\/p>\n<p>\u00c7ok k\u0131sa bir s\u00fcrede kap\u0131lar\u0131n iyile\u015ftirilmesi y\u00f6n\u00fcnde ad\u0131mlar at\u0131laca\u011f\u0131n\u0131 ve bundan sonra da bunlar\u0131n devam\u0131n\u0131n gelece\u011fini kaydeden Canaltay, \u201cK\u0131sa vadede pratik \u00e7\u00f6z\u00fcmler bularak kap\u0131lardaki sorunlar\u0131n \u00e7\u00f6z\u00fclmesi i\u00e7in her t\u00fcrl\u00fc giri\u015fimi yapt\u0131k bundan sonra da yapmaya devam edece\u011fiz. \u00d6ncelikle ba\u015fta say\u0131n Ba\u015fbakan\u0131m\u0131za bana g\u00fcvenerek komite ba\u015fkan\u0131 yapt\u0131\u011f\u0131 i\u00e7in te\u015fekk\u00fcr ederim. Ayr\u0131ca, komitemizde g\u00f6rev alanlar yan\u0131nda kap\u0131lar\u0131n d\u00fczenlenmesini \u00fcstlenen Ekonomik \u00d6rg\u00fctler Platformu\u2019na da te\u015fekk\u00fcr ederim\u201d dedi.<\/p>\n<\/div>\n","protected":false},"excerpt":{"rendered":"<p>Ba\u015fbakan Dt. \u00dcnal \u00dcstel taraf\u0131ndan olu\u015fturulan komitenin Ba\u015fkan\u0131l\u0131\u011f\u0131na getirilen UBP Gazima\u011fusa Milletvekili Resmiye Canaltay, sivil toplum \u00f6rg\u00fctleri ile birlikte t\u00fcm kara giri\u015f kap\u0131lar\u0131nda h\u0131zl\u0131 ge\u00e7i\u015f i\u00e7in \u00e7al\u0131\u015fma ba\u015flatt\u0131klar\u0131n\u0131 duyurdu. Ba\u015fbakan Dt. \u00dcnal \u00dcstel\u2019in talimat\u0131 ile s\u0131n\u0131r kap\u0131lar\u0131nda ya\u015fanan sorunlar\u0131n \u00e7\u00f6z\u00fcm\u00fc ile ilgili olu\u015fturulan komite \u00e7al\u0131\u015fmaya ba\u015flad\u0131. Ba\u015fbakan \u00dcstel, ge\u00e7ti\u011fimiz g\u00fcnlerde kara s\u0131n\u0131r kap\u0131lar\u0131nda yapt\u0131\u011f\u0131 inceleme [&hellip;]<\/p>\n","protected":false},"author":1,"featured_media":15189,"comment_status":"open","ping_status":"open","sticky":false,"template":"","format":"standard","meta":{"_monsterinsights_skip_tracking":false,"_monsterinsights_sitenote_active":false,"_monsterinsights_sitenote_note":"","_monsterinsights_sitenote_category":0,"footnotes":""},"categories":[102],"tags":[],"class_list":["post-15188","post","type-post","status-publish","format-standard","has-post-thumbnail","hentry","category-haberler"],"aioseo_notices":[],"_links":{"self":[{"href":"https:\/\/ahmetsavasan.com\/tr_tr\/wp-json\/wp\/v2\/posts\/15188","targetHints":{"allow":["GET"]}}],"collection":[{"href":"https:\/\/ahmetsavasan.com\/tr_tr\/wp-json\/wp\/v2\/posts"}],"about":[{"href":"https:\/\/ahmetsavasan.com\/tr_tr\/wp-json\/wp\/v2\/types\/post"}],"author":[{"embeddable":true,"href":"https:\/\/ahmetsavasan.com\/tr_tr\/wp-json\/wp\/v2\/users\/1"}],"replies":[{"embeddable":true,"href":"https:\/\/ahmetsavasan.com\/tr_tr\/wp-json\/wp\/v2\/comments?post=15188"}],"version-history":[{"count":0,"href":"https:\/\/ahmetsavasan.com\/tr_tr\/wp-json\/wp\/v2\/posts\/15188\/revisions"}],"wp:featuredmedia":[{"embeddable":true,"href":"https:\/\/ahmetsavasan.com\/tr_tr\/wp-json\/wp\/v2\/media\/15189"}],"wp:attachment":[{"href":"https:\/\/ahmetsavasan.com\/tr_tr\/wp-json\/wp\/v2\/media?parent=15188"}],"wp:term":[{"taxonomy":"category","embeddable":true,"href":"https:\/\/ahmetsavasan.com\/tr_tr\/wp-json\/wp\/v2\/categories?post=15188"},{"taxonomy":"post_tag","embeddable":true,"href":"https:\/\/ahmetsavasan.com\/tr_tr\/wp-json\/wp\/v2\/tags?post=15188"}],"curies":[{"name":"wp","href":"https:\/\/api.w.org\/{rel}","templated":true}]}}