{"id":15213,"date":"2022-06-09T13:31:22","date_gmt":"2022-06-09T13:31:22","guid":{"rendered":"https:\/\/www.ahmetsavasan.biz\/?p=15213"},"modified":"2022-06-09T13:31:22","modified_gmt":"2022-06-09T13:31:22","slug":"ahmet-savasan-aslolan-hepimizin-hukuka-uygun-davranmasidir-yoksa-kaotik-bir-ulke-olur","status":"publish","type":"post","link":"https:\/\/ahmetsavasan.com\/tr_tr\/ahmet-savasan-aslolan-hepimizin-hukuka-uygun-davranmasidir-yoksa-kaotik-bir-ulke-olur\/","title":{"rendered":"Ahmet Sava\u015fan: \u201cAslolan hepimizin hukuka uygun davranmas\u0131d\u0131r. Yoksa kaotik bir \u00fclke olur\u2026\u201d"},"content":{"rendered":"<p><strong>UBP milletvekili Ahmet Sava\u015fan, hukukta emniyet s\u00fcbab\u0131n\u0131n vicdan oldu\u011funu iddia etti. Sava\u015fan, &#8220;Aslolan hepimizin hukuka uygun davranmas\u0131d\u0131r. Yoksa kaotik bir \u00fclke olur\u2026\u201d diye de ekledi.<\/strong><\/p>\n<div class=\"news-copy\">\n<p>BRTK M\u00fcd\u00fcr\u00fc Meryem \u00d6zkurt&#8217;un se\u00e7im yasaklar\u0131n\u0131 delmesi nedeniyle 2 ay hapis cezas\u0131na \u00e7arpt\u0131r\u0131lmas\u0131 sonras\u0131 de\u011ferlendirmeler s\u00fcr\u00fcyor.<\/p>\n<p>UBP milletvekili <span class=\"marked\">Ahmet Sava\u015fan<\/span>, hukukta emniyet s\u00fcbab\u0131n\u0131n vicdan oldu\u011funu iddia etti.<\/p>\n<p>Sava\u015fan, \u201cBiz hukuk devletinde ya\u015f\u0131yoruz. Atad\u0131\u011f\u0131m\u0131z herkes de yasaya, anayasaya uymak durumunda. Ancak hukuk denilen olay, matematik gibi de\u011fil. 3, 2 daha be\u015f etmiyor. Yasaya, anayasaya uygunluk konusunda \u00e7ok tart\u0131\u015fmalar oluyor. Siyasiler de yasaya uyup uyulmama noktas\u0131nda kar\u015f\u0131t hukuki g\u00f6r\u00fc\u015flerle \u00e7at\u0131\u015ft\u0131\u011f\u0131 da olabiliyor. Emniyet s\u00fcbab\u0131 vicdand\u0131r. Aslolan hepimizin hukuka uygun davranmas\u0131d\u0131r. Yoksa kaotik bir \u00fclke olur\u2026\u201d dedi.<\/p>\n<\/div>\n","protected":false},"excerpt":{"rendered":"<p>UBP milletvekili Ahmet Sava\u015fan, hukukta emniyet s\u00fcbab\u0131n\u0131n vicdan oldu\u011funu iddia etti. Sava\u015fan, &#8220;Aslolan hepimizin hukuka uygun davranmas\u0131d\u0131r. Yoksa kaotik bir \u00fclke olur\u2026\u201d diye de ekledi. BRTK M\u00fcd\u00fcr\u00fc Meryem \u00d6zkurt&#8217;un se\u00e7im yasaklar\u0131n\u0131 delmesi nedeniyle 2 ay hapis cezas\u0131na \u00e7arpt\u0131r\u0131lmas\u0131 sonras\u0131 de\u011ferlendirmeler s\u00fcr\u00fcyor. UBP milletvekili Ahmet Sava\u015fan, hukukta emniyet s\u00fcbab\u0131n\u0131n vicdan oldu\u011funu iddia etti. Sava\u015fan, \u201cBiz hukuk [&hellip;]<\/p>\n","protected":false},"author":1,"featured_media":15214,"comment_status":"open","ping_status":"open","sticky":false,"template":"","format":"standard","meta":{"_monsterinsights_skip_tracking":false,"_monsterinsights_sitenote_active":false,"_monsterinsights_sitenote_note":"","_monsterinsights_sitenote_category":0,"footnotes":""},"categories":[102],"tags":[],"class_list":["post-15213","post","type-post","status-publish","format-standard","has-post-thumbnail","hentry","category-haberler"],"aioseo_notices":[],"_links":{"self":[{"href":"https:\/\/ahmetsavasan.com\/tr_tr\/wp-json\/wp\/v2\/posts\/15213","targetHints":{"allow":["GET"]}}],"collection":[{"href":"https:\/\/ahmetsavasan.com\/tr_tr\/wp-json\/wp\/v2\/posts"}],"about":[{"href":"https:\/\/ahmetsavasan.com\/tr_tr\/wp-json\/wp\/v2\/types\/post"}],"author":[{"embeddable":true,"href":"https:\/\/ahmetsavasan.com\/tr_tr\/wp-json\/wp\/v2\/users\/1"}],"replies":[{"embeddable":true,"href":"https:\/\/ahmetsavasan.com\/tr_tr\/wp-json\/wp\/v2\/comments?post=15213"}],"version-history":[{"count":0,"href":"https:\/\/ahmetsavasan.com\/tr_tr\/wp-json\/wp\/v2\/posts\/15213\/revisions"}],"wp:featuredmedia":[{"embeddable":true,"href":"https:\/\/ahmetsavasan.com\/tr_tr\/wp-json\/wp\/v2\/media\/15214"}],"wp:attachment":[{"href":"https:\/\/ahmetsavasan.com\/tr_tr\/wp-json\/wp\/v2\/media?parent=15213"}],"wp:term":[{"taxonomy":"category","embeddable":true,"href":"https:\/\/ahmetsavasan.com\/tr_tr\/wp-json\/wp\/v2\/categories?post=15213"},{"taxonomy":"post_tag","embeddable":true,"href":"https:\/\/ahmetsavasan.com\/tr_tr\/wp-json\/wp\/v2\/tags?post=15213"}],"curies":[{"name":"wp","href":"https:\/\/api.w.org\/{rel}","templated":true}]}}