{"id":15303,"date":"2022-08-31T20:38:14","date_gmt":"2022-08-31T20:38:14","guid":{"rendered":"https:\/\/www.ahmetsavasan.biz\/?p=15303"},"modified":"2022-08-31T20:38:14","modified_gmt":"2022-08-31T20:38:14","slug":"belediyelerle-ilgili-tasarilar-bugun-de-gorusuldu","status":"publish","type":"post","link":"https:\/\/ahmetsavasan.com\/tr_tr\/belediyelerle-ilgili-tasarilar-bugun-de-gorusuldu\/","title":{"rendered":"Belediyelerle ilgili tasar\u0131lar bug\u00fcn de g\u00f6r\u00fc\u015f\u00fcld\u00fc"},"content":{"rendered":"<h2>Cumhuriyet Meclisi \u0130dari, Kamu ve Sa\u011fl\u0131k \u0130\u015fleri Komitesi, g\u00fcndeminde bulunan \u201cBelediyeler (De\u011fi\u015fiklik) Yasa Tasar\u0131s\u0131 ve \u201cBelediyeler (De\u011fi\u015fiklik) Yasa Tasar\u0131s\u0131\u2019n\u0131&#8221; g\u00f6r\u00fc\u015fmeye devam ediyor.<\/h2>\n<div class=\"news-copy\">\n<p>\u0130dari, Kamu ve Sa\u011fl\u0131k \u0130\u015fleri Komitesi, g\u00fcndeminde bulunan \u201cBelediyeler (De\u011fi\u015fiklik)Yasa Tasar\u0131s\u0131 (Y.T.No:1\/1\/2022)\u201d ve \u201cBelediyeler (De\u011fi\u015fiklik) Yasa Tasar\u0131s\u0131\u2019n\u0131 (Y.T.No:7\/1\/2022)\u201d birle\u015ftirerek g\u00f6r\u00fc\u015fmeyi s\u00fcrd\u00fcr\u00fcyor.<\/p>\n<p><strong>KOM\u0130TE YARIN 11.00&#8217;DE TOPLANACAK<\/strong><\/p>\n<p>Komite bug\u00fcnk\u00fc toplant\u0131s\u0131nda ele ald\u0131\u011f\u0131 tasar\u0131lar\u0131, yar\u0131n saat 11.00&#8217;deki toplant\u0131s\u0131nda da g\u00f6r\u00fc\u015fecek.<\/p>\n<p>Cumhuriyet Meclisi\u2019nden verilen bilgiye g\u00f6re, Cumhuriyet Meclisi, \u0130dari, Kamu ve Sa\u011fl\u0131k \u0130\u015fleri Komitesi bug\u00fcn saat 10.00\u2019da UBP Milletvekili Komite Ba\u015fkan\u0131 <span class=\"marked\">\u00d6zdemir Berova<\/span> ba\u015fkanl\u0131\u011f\u0131nda topland\u0131.<\/p>\n<p>\u0130dari, Kamu ve Sa\u011fl\u0131k \u0130\u015fleri Komitesi toplant\u0131s\u0131na, Berova yan\u0131nda Komite Ba\u015fkan Vekili CTP Milletvekili <span class=\"marked\">Filiz Besim<\/span>, komite \u00fcyeleri UBP Milletvekili <span class=\"marked\">Ahmet Sava\u015fan<\/span>, CTP Milletvekili <span class=\"marked\">Devrim Bar\u00e7\u0131n<\/span> ve UBP Milletvekili <span class=\"marked\">Emrah Ye\u015fil\u0131rmak<\/span> kat\u0131ld\u0131. Komite toplant\u0131s\u0131na ayr\u0131ca CTP Milletvekilleri <span class=\"marked\">Teberr\u00fcken Ulu\u00e7ay<\/span> ve <span class=\"marked\">Erkut \u015eahali<\/span>, HP Milletvekili <span class=\"marked\">Jale Refik Rogers<\/span> kat\u0131ld\u0131.<\/p>\n<p>Komite toplant\u0131s\u0131nda, \u0130\u00e7i\u015fleri Bakan\u0131 <span class=\"marked\">Ziya \u00d6zt\u00fcrkler<\/span> de haz\u0131r bulundu.<\/p>\n<p>Komite toplant\u0131s\u0131na davetli olarak ise, Maliye Bakanl\u0131\u011f\u0131, \u0130\u00e7i\u015fleri Bakanl\u0131\u011f\u0131, K\u0131br\u0131s T\u00fcrk Belediyeler Birli\u011fi, Lefko\u015fa T\u00fcrk Belediyesi, De\u011firmenlik Belediyesi, Yenibo\u011fazi\u00e7i Belediyesi, \u00c7atalk\u00f6y Belediyesi, Tatl\u0131su Belediyesi, Mehmet\u00e7ik Belediyesi, Bes ve Bel-Sen\u2019den yetkililer kat\u0131larak konu ile ilgili g\u00f6r\u00fc\u015flerini sundu ve \u00f6nerilerde bulundu.<\/p>\n<\/div>\n","protected":false},"excerpt":{"rendered":"<p>Cumhuriyet Meclisi \u0130dari, Kamu ve Sa\u011fl\u0131k \u0130\u015fleri Komitesi, g\u00fcndeminde bulunan \u201cBelediyeler (De\u011fi\u015fiklik) Yasa Tasar\u0131s\u0131 ve \u201cBelediyeler (De\u011fi\u015fiklik) Yasa Tasar\u0131s\u0131\u2019n\u0131&#8221; g\u00f6r\u00fc\u015fmeye devam ediyor. \u0130dari, Kamu ve Sa\u011fl\u0131k \u0130\u015fleri Komitesi, g\u00fcndeminde bulunan \u201cBelediyeler (De\u011fi\u015fiklik)Yasa Tasar\u0131s\u0131 (Y.T.No:1\/1\/2022)\u201d ve \u201cBelediyeler (De\u011fi\u015fiklik) Yasa Tasar\u0131s\u0131\u2019n\u0131 (Y.T.No:7\/1\/2022)\u201d birle\u015ftirerek g\u00f6r\u00fc\u015fmeyi s\u00fcrd\u00fcr\u00fcyor. KOM\u0130TE YARIN 11.00&#8217;DE TOPLANACAK Komite bug\u00fcnk\u00fc toplant\u0131s\u0131nda ele ald\u0131\u011f\u0131 tasar\u0131lar\u0131, yar\u0131n saat [&hellip;]<\/p>\n","protected":false},"author":1,"featured_media":15304,"comment_status":"open","ping_status":"open","sticky":false,"template":"","format":"standard","meta":{"_monsterinsights_skip_tracking":false,"_monsterinsights_sitenote_active":false,"_monsterinsights_sitenote_note":"","_monsterinsights_sitenote_category":0,"footnotes":""},"categories":[102],"tags":[],"class_list":["post-15303","post","type-post","status-publish","format-standard","has-post-thumbnail","hentry","category-haberler"],"aioseo_notices":[],"_links":{"self":[{"href":"https:\/\/ahmetsavasan.com\/tr_tr\/wp-json\/wp\/v2\/posts\/15303","targetHints":{"allow":["GET"]}}],"collection":[{"href":"https:\/\/ahmetsavasan.com\/tr_tr\/wp-json\/wp\/v2\/posts"}],"about":[{"href":"https:\/\/ahmetsavasan.com\/tr_tr\/wp-json\/wp\/v2\/types\/post"}],"author":[{"embeddable":true,"href":"https:\/\/ahmetsavasan.com\/tr_tr\/wp-json\/wp\/v2\/users\/1"}],"replies":[{"embeddable":true,"href":"https:\/\/ahmetsavasan.com\/tr_tr\/wp-json\/wp\/v2\/comments?post=15303"}],"version-history":[{"count":0,"href":"https:\/\/ahmetsavasan.com\/tr_tr\/wp-json\/wp\/v2\/posts\/15303\/revisions"}],"wp:featuredmedia":[{"embeddable":true,"href":"https:\/\/ahmetsavasan.com\/tr_tr\/wp-json\/wp\/v2\/media\/15304"}],"wp:attachment":[{"href":"https:\/\/ahmetsavasan.com\/tr_tr\/wp-json\/wp\/v2\/media?parent=15303"}],"wp:term":[{"taxonomy":"category","embeddable":true,"href":"https:\/\/ahmetsavasan.com\/tr_tr\/wp-json\/wp\/v2\/categories?post=15303"},{"taxonomy":"post_tag","embeddable":true,"href":"https:\/\/ahmetsavasan.com\/tr_tr\/wp-json\/wp\/v2\/tags?post=15303"}],"curies":[{"name":"wp","href":"https:\/\/api.w.org\/{rel}","templated":true}]}}