{"id":15366,"date":"2022-11-04T19:31:42","date_gmt":"2022-11-04T19:31:42","guid":{"rendered":"https:\/\/www.ahmetsavasan.biz\/?p=15366"},"modified":"2022-11-04T19:31:42","modified_gmt":"2022-11-04T19:31:42","slug":"hal-yasa-tasarisinin-komitedeki-genel-gorusmesi-tamamlandi","status":"publish","type":"post","link":"https:\/\/ahmetsavasan.com\/tr_tr\/hal-yasa-tasarisinin-komitedeki-genel-gorusmesi-tamamlandi\/","title":{"rendered":"Hal Yasa Tasar\u0131s\u0131&#8217;n\u0131n komitedeki genel g\u00f6r\u00fc\u015fmesi tamamland\u0131"},"content":{"rendered":"<h2>Cumhuriyet Meclisi Avrupa Birli\u011fi uyum yasa tasar\u0131lar\u0131n\u0131 g\u00f6r\u00fc\u015fmek \u00fczere olu\u015fturulan Ge\u00e7ici ve \u00d6zel Komite, bug\u00fcn Komite Ba\u015fkan\u0131, UBP Milletvekili O\u011fuzhan Hasipo\u011flu ba\u015fkanl\u0131\u011f\u0131nda topland\u0131.<\/h2>\n<div class=\"news-copy\">\n<p>Cumhuriyet Meclisi Avrupa Birli\u011fi uyum yasa tasar\u0131lar\u0131n\u0131 g\u00f6r\u00fc\u015fmek \u00fczere olu\u015fturulan Ge\u00e7ici ve \u00d6zel Komite, bug\u00fcn Komite Ba\u015fkan\u0131, Ulusal Birlik Partisi (UBP) Milletvekili <span class=\"marked\">O\u011fuzhan Hasipo\u011flu<\/span> ba\u015fkanl\u0131\u011f\u0131nda topland\u0131. Komite, Hal Yasa Tasar\u0131s\u0131\u2019n\u0131n genel g\u00f6r\u00fc\u015fmesini tamamlayarak, tasar\u0131y\u0131 madde madde g\u00f6r\u00fc\u015fmeye ba\u015flad\u0131.<\/p>\n<p>Cumhuriyet Meclisi\u2019nden yap\u0131lan a\u00e7\u0131klamaya g\u00f6re komite, \u201cHal Yasa \u00d6nerisi (\u00d6neri Sahibi <span class=\"marked\">\u0130zlem G\u00fcr\u00e7a\u011f<\/span> Altu\u011fra, UBP Girne Milletvekili) (Y.\u00d6 No: 5\/1\/2022)\u201d ve \u201cHal Yasa Tasar\u0131s\u0131 (Y.T No: 36\/1\/2022)\u201d g\u00fcndemi ile topland\u0131.<\/p>\n<p>\u201cHal Yasa \u00d6nerisi\u201dni, \u201cHal Yasa Tasar\u0131s\u0131\u201d alt\u0131nda birle\u015ftirerek, g\u00f6r\u00fc\u015fme karar\u0131 al\u0131nan Ge\u00e7ici ve \u00d6zel Komite, ilgili yasa tasar\u0131s\u0131n\u0131n genel g\u00f6r\u00fc\u015fmesini tamamlad\u0131 ve tasar\u0131y\u0131 madde madde g\u00f6r\u00fc\u015fmeye ba\u015flad\u0131. Komite, yasa tasar\u0131s\u0131 ile ilgili \u00e7al\u0131\u015fmalar\u0131na bir sonraki toplant\u0131s\u0131nda devam edecek.<\/p>\n<p>Toplant\u0131ya, Komite Ba\u015fkan\u0131, UBP Milletvekili <span class=\"marked\">O\u011fuzhan Hasipo\u011flu<\/span>, Komite \u00fcyesi UBP Milletvekili <span class=\"marked\">H\u00fcseyin \u00c7avu\u015f<\/span> ve UBP Milletvekili <span class=\"marked\">Ahmet Sava\u015fan<\/span> kat\u0131ld\u0131. Komite toplant\u0131s\u0131nda, Ekonomi ve Enerji Bakan\u0131 <span class=\"marked\">Olgun Amcao\u011flu<\/span> da haz\u0131r bulundu.<\/p>\n<p>Komite toplant\u0131s\u0131na davetli olarak, Ekonomi ve Enerji Bakanl\u0131\u011f\u0131, Tar\u0131m ve Do\u011fal Kaynaklar Bakanl\u0131\u011f\u0131, Belediyeler Birli\u011fi, KKTC Serac\u0131lar Birli\u011fi, K\u0131br\u0131s T\u00fcrk Esnaf ve Zanaatkarlar Odas\u0131, K\u0131br\u0131s T\u00fcrk Ticaret Odas\u0131, Ziraat M\u00fchendisleri Odas\u0131\u2019ndan yetkililer de kat\u0131larak, g\u00f6r\u00fc\u015flerini aktard\u0131.<\/p>\n<\/div>\n","protected":false},"excerpt":{"rendered":"<p>Cumhuriyet Meclisi Avrupa Birli\u011fi uyum yasa tasar\u0131lar\u0131n\u0131 g\u00f6r\u00fc\u015fmek \u00fczere olu\u015fturulan Ge\u00e7ici ve \u00d6zel Komite, bug\u00fcn Komite Ba\u015fkan\u0131, UBP Milletvekili O\u011fuzhan Hasipo\u011flu ba\u015fkanl\u0131\u011f\u0131nda topland\u0131. Cumhuriyet Meclisi Avrupa Birli\u011fi uyum yasa tasar\u0131lar\u0131n\u0131 g\u00f6r\u00fc\u015fmek \u00fczere olu\u015fturulan Ge\u00e7ici ve \u00d6zel Komite, bug\u00fcn Komite Ba\u015fkan\u0131, Ulusal Birlik Partisi (UBP) Milletvekili O\u011fuzhan Hasipo\u011flu ba\u015fkanl\u0131\u011f\u0131nda topland\u0131. Komite, Hal Yasa Tasar\u0131s\u0131\u2019n\u0131n genel g\u00f6r\u00fc\u015fmesini [&hellip;]<\/p>\n","protected":false},"author":1,"featured_media":15367,"comment_status":"open","ping_status":"open","sticky":false,"template":"","format":"standard","meta":{"_monsterinsights_skip_tracking":false,"_monsterinsights_sitenote_active":false,"_monsterinsights_sitenote_note":"","_monsterinsights_sitenote_category":0,"footnotes":""},"categories":[102],"tags":[],"class_list":["post-15366","post","type-post","status-publish","format-standard","has-post-thumbnail","hentry","category-haberler"],"aioseo_notices":[],"_links":{"self":[{"href":"https:\/\/ahmetsavasan.com\/tr_tr\/wp-json\/wp\/v2\/posts\/15366","targetHints":{"allow":["GET"]}}],"collection":[{"href":"https:\/\/ahmetsavasan.com\/tr_tr\/wp-json\/wp\/v2\/posts"}],"about":[{"href":"https:\/\/ahmetsavasan.com\/tr_tr\/wp-json\/wp\/v2\/types\/post"}],"author":[{"embeddable":true,"href":"https:\/\/ahmetsavasan.com\/tr_tr\/wp-json\/wp\/v2\/users\/1"}],"replies":[{"embeddable":true,"href":"https:\/\/ahmetsavasan.com\/tr_tr\/wp-json\/wp\/v2\/comments?post=15366"}],"version-history":[{"count":0,"href":"https:\/\/ahmetsavasan.com\/tr_tr\/wp-json\/wp\/v2\/posts\/15366\/revisions"}],"wp:featuredmedia":[{"embeddable":true,"href":"https:\/\/ahmetsavasan.com\/tr_tr\/wp-json\/wp\/v2\/media\/15367"}],"wp:attachment":[{"href":"https:\/\/ahmetsavasan.com\/tr_tr\/wp-json\/wp\/v2\/media?parent=15366"}],"wp:term":[{"taxonomy":"category","embeddable":true,"href":"https:\/\/ahmetsavasan.com\/tr_tr\/wp-json\/wp\/v2\/categories?post=15366"},{"taxonomy":"post_tag","embeddable":true,"href":"https:\/\/ahmetsavasan.com\/tr_tr\/wp-json\/wp\/v2\/tags?post=15366"}],"curies":[{"name":"wp","href":"https:\/\/api.w.org\/{rel}","templated":true}]}}