{"id":15385,"date":"2022-11-10T17:04:34","date_gmt":"2022-11-10T17:04:34","guid":{"rendered":"https:\/\/www.ahmetsavasan.biz\/?p=15385"},"modified":"2022-11-10T17:04:34","modified_gmt":"2022-11-10T17:04:34","slug":"ahmet-savasan-ataturkun-actigi-yolda-yurumeye-devam-ediyoruz","status":"publish","type":"post","link":"https:\/\/ahmetsavasan.com\/tr_tr\/ahmet-savasan-ataturkun-actigi-yolda-yurumeye-devam-ediyoruz\/","title":{"rendered":"Ahmet Sava\u015fan: Atat\u00fcrk\u2019\u00fcn a\u00e7t\u0131\u011f\u0131 yolda y\u00fcr\u00fcmeye devam ediyoruz"},"content":{"rendered":"<h2>Ahmet Sava\u015fan T\u00fcrkiye Cumhuriyeti Londra B\u00fcy\u00fckel\u00e7ili\u011fi\u2019nde ger\u00e7ekle\u015fen 10 Kas\u0131m Atat\u00fcrk\u2019\u00fc anma program\u0131na kat\u0131ld\u0131. Sava\u015fan Atat\u00fcrk&#8217;\u00fcn \u00f6l\u00fcm y\u0131l d\u00f6n\u00fcm\u00fc nedeniyle yay\u0131mlad\u0131\u011f\u0131 mesaj\u0131nda, &#8220;Atat\u00fcrk\u2019\u00fcn a\u00e7t\u0131\u011f\u0131 yolda y\u00fcr\u00fcmeye devam ediyoruz&#8221; dedi.<\/h2>\n<p>Ulusal Birlik Partisi (UBP) Lefko\u015fa Milletvekili Dr. <span class=\"marked\">Ahmet Sava\u015fan<\/span>, KKTC Londra Temsilcisi, B\u00fcy\u00fckel\u00e7i \u00c7imen Keskin ile birlikte T\u00fcrkiye\u2019nin Londra B\u00fcy\u00fckel\u00e7isi \u00dcmit Yal\u00e7\u0131n\u2019\u0131n ev sahipli\u011finde B\u00fcy\u00fck El\u00e7ilik mensuplar\u0131n\u0131n kat\u0131l\u0131m\u0131 ile ger\u00e7ekle\u015fen 10 Kas\u0131m Atat\u00fcrk\u2019\u00fc anma t\u00f6renine kat\u0131ld\u0131.<\/p>\n<p>Anma t\u00f6renini ki\u015fisel sosyal medya hesab\u0131ndan payla\u015fan <span class=\"marked\">Ahmet Sava\u015fan<\/span>, Atat\u00fcrk\u2019\u00fcn yolunda y\u00fcr\u00fcmeye devam ettiklerine dikkat \u00e7ekerek, Atat\u00fcrk\u2019\u00fcn \u00e7a\u011fda\u015f medeniyet yolunda ilerlemek isteyen b\u00fct\u00fcn halklar\u0131n yol g\u00f6stericisi oldu\u011funa vurgu yapt\u0131.<\/p>\n<p>Sava\u015fan payla\u015f\u0131m\u0131nda \u015fu ifadeleri kulland\u0131:<\/p>\n<p>\u201c<em>B\u00fcy\u00fck \u00d6nder Mustafa Kemal Atat\u00fcrk\u2019\u00fc sayg\u0131 ve sevgi ile an\u0131yorum. <\/em><\/p>\n<p><em>Son y\u0131llardaki geli\u015fmeler bir kez daha g\u00f6stermi\u015ftir ki Atat\u00fcrk, sadece T\u00fcrklerin de\u011fil, \u00e7a\u011fda\u015f medeniyet do\u011frultusunda ilerlemek isteyen b\u00fct\u00fcn halklar\u0131n yol g\u00f6stericisidir. Mustafa Kemal Atat\u00fcrk, sadece T\u00fcrkiye Cumhuriyeti\u2019nin kurucusu de\u011fil, ayn\u0131 zamanda T\u00fcrkiye gibi \u00fclkelerin halklar\u0131na yol g\u00f6steren ilkelerin olu\u015fturucusudur.<\/em><\/p>\n<p><em>K\u0131br\u0131s T\u00fcrkleri olarak biz, Atat\u00fcrk\u2019\u00fcn a\u00e7t\u0131\u011f\u0131 yola g\u00f6n\u00fcll\u00fc olarak girmi\u015f ve Atat\u00fcrk ilke ve ink\u0131laplar\u0131n\u0131 \u00e7ok k\u0131sa s\u00fcrede g\u00f6n\u00fcll\u00fc olarak hayata ge\u00e7irmi\u015f bir halk\u0131n \u00e7ocuklar\u0131y\u0131z. Bug\u00fcn de Atat\u00fcrk\u2019\u00fcn a\u00e7t\u0131\u011f\u0131 yolda y\u00fcr\u00fcmeye devam ediyoruz.<\/em><\/p>\n<p><em>Atam, sen rahat uyu; biz ilkelerini ya\u015fatmaya devam edece\u011fiz!\u201d.<\/em><\/p>\n","protected":false},"excerpt":{"rendered":"<p>Ahmet Sava\u015fan T\u00fcrkiye Cumhuriyeti Londra B\u00fcy\u00fckel\u00e7ili\u011fi\u2019nde ger\u00e7ekle\u015fen 10 Kas\u0131m Atat\u00fcrk\u2019\u00fc anma program\u0131na kat\u0131ld\u0131. Sava\u015fan Atat\u00fcrk&#8217;\u00fcn \u00f6l\u00fcm y\u0131l d\u00f6n\u00fcm\u00fc nedeniyle yay\u0131mlad\u0131\u011f\u0131 mesaj\u0131nda, &#8220;Atat\u00fcrk\u2019\u00fcn a\u00e7t\u0131\u011f\u0131 yolda y\u00fcr\u00fcmeye devam ediyoruz&#8221; dedi. Ulusal Birlik Partisi (UBP) Lefko\u015fa Milletvekili Dr. Ahmet Sava\u015fan, KKTC Londra Temsilcisi, B\u00fcy\u00fckel\u00e7i \u00c7imen Keskin ile birlikte T\u00fcrkiye\u2019nin Londra B\u00fcy\u00fckel\u00e7isi \u00dcmit Yal\u00e7\u0131n\u2019\u0131n ev sahipli\u011finde B\u00fcy\u00fck El\u00e7ilik mensuplar\u0131n\u0131n [&hellip;]<\/p>\n","protected":false},"author":1,"featured_media":15386,"comment_status":"open","ping_status":"open","sticky":false,"template":"","format":"standard","meta":{"_monsterinsights_skip_tracking":false,"_monsterinsights_sitenote_active":false,"_monsterinsights_sitenote_note":"","_monsterinsights_sitenote_category":0,"footnotes":""},"categories":[102],"tags":[],"class_list":["post-15385","post","type-post","status-publish","format-standard","has-post-thumbnail","hentry","category-haberler"],"aioseo_notices":[],"_links":{"self":[{"href":"https:\/\/ahmetsavasan.com\/tr_tr\/wp-json\/wp\/v2\/posts\/15385","targetHints":{"allow":["GET"]}}],"collection":[{"href":"https:\/\/ahmetsavasan.com\/tr_tr\/wp-json\/wp\/v2\/posts"}],"about":[{"href":"https:\/\/ahmetsavasan.com\/tr_tr\/wp-json\/wp\/v2\/types\/post"}],"author":[{"embeddable":true,"href":"https:\/\/ahmetsavasan.com\/tr_tr\/wp-json\/wp\/v2\/users\/1"}],"replies":[{"embeddable":true,"href":"https:\/\/ahmetsavasan.com\/tr_tr\/wp-json\/wp\/v2\/comments?post=15385"}],"version-history":[{"count":0,"href":"https:\/\/ahmetsavasan.com\/tr_tr\/wp-json\/wp\/v2\/posts\/15385\/revisions"}],"wp:featuredmedia":[{"embeddable":true,"href":"https:\/\/ahmetsavasan.com\/tr_tr\/wp-json\/wp\/v2\/media\/15386"}],"wp:attachment":[{"href":"https:\/\/ahmetsavasan.com\/tr_tr\/wp-json\/wp\/v2\/media?parent=15385"}],"wp:term":[{"taxonomy":"category","embeddable":true,"href":"https:\/\/ahmetsavasan.com\/tr_tr\/wp-json\/wp\/v2\/categories?post=15385"},{"taxonomy":"post_tag","embeddable":true,"href":"https:\/\/ahmetsavasan.com\/tr_tr\/wp-json\/wp\/v2\/tags?post=15385"}],"curies":[{"name":"wp","href":"https:\/\/api.w.org\/{rel}","templated":true}]}}